{"id":113846,"date":"2020-09-19T09:00:45","date_gmt":"2020-09-19T07:00:45","guid":{"rendered":"http:\/\/www.tucomarca.com\/wordpress\/segunda\/?p=113846"},"modified":"2020-09-19T14:56:38","modified_gmt":"2020-09-19T12:56:38","slug":"del-21-al-25-de-setembre-jornades-de-portes-obertes-de-classes-dirigides-de-la-piscina-coberta-dutiel","status":"publish","type":"post","link":"https:\/\/tucomarca.whitekongsoftware.com\/ca\/del-21-al-25-de-setembre-jornades-de-portes-obertes-de-classes-dirigides-de-la-piscina-coberta-dutiel\/","title":{"rendered":"Del 21 al 25 de setembre jornades de portes obertes de classes dirigides de la piscina coberta d&#8217;Utiel"},"content":{"rendered":"\n<p class=\"wp-block-paragraph\"><strong>Dilluns que ve arranquen les activitats dirigides tant en sales de la pr\u00f2pia piscina com del poliesportiu municipal seguint els protocols de seguretat i higiene Covid<\/strong><\/p>\n\n\n\n<p class=\"wp-block-paragraph\">Dilluns que ve, 21 de setembre, es repr\u00e8n l&#8217;activitat de les classes dirigides a la Piscina Coberta d&#8217;Utiel amb una \u00e0mplia programaci\u00f3 per a totes edats que es dur\u00e0 a terme seguint els protocols de seguretat i higiene marcats.<\/p>\n\n\n\n<p class=\"wp-block-paragraph\"><strong>Jornades de Portes Obertes<\/strong><\/p>\n\n\n\n<p class=\"wp-block-paragraph\">Per donar la benvinguda a aquesta obertura, la Piscina Coberta d&#8217;Utiel celebra de l&#8217;21 a el 25 de setembre Jornades de Portes Obertes amb l&#8217;objectiu que els usuaris coneguen de primera m\u00e0 la planificaci\u00f3 i nova programaci\u00f3 d&#8217;activitats.<br>A partir del dilluns, els amants de l&#8217;esport podran gaudir de les sessions dirigides per monitors especialitzats en diferents modalitats: Zumba, cicle indoor, cross training, pilates, ioga, cardiojump, hipopressius, GAP etc. A m\u00e9s, continuaran les activitats extraescolars dirigides a joves de 4 a 16 anys amb: Zumba kids, cardiojump kids, ball modern \u2026<br>Com a novetat aquest any s&#8217;incorporen sessions de &#8220;Elements Training&#8221; i &#8220;Entrenament d&#8217;Alt Rendiment&#8221;.<br>Les activitats es duran a terme a les sales habilitades tant a la piscina coberta com en el poliesportiu municipal complint els prorocolos de distanciament social, seguretat i higiene.<\/p>\n\n\n\n<p class=\"wp-block-paragraph\"><strong>Reserva de classes en APP Utiel<\/strong><\/p>\n\n\n\n<p class=\"wp-block-paragraph\">Ja es pot gestionar la reserva d&#8217;activitats dirigides a trav\u00e9s tant del web com de l&#8217;APP de l&#8217;Ajuntament d&#8217;Utiel al banner &#8220;Reserves Esportives&#8221;.<\/p>\n\n\n\n<p class=\"wp-block-paragraph\">Els usuaris podran seleccionar la sessi\u00f3 a la qual volen assistir amb antelaci\u00f3 a trav\u00e9s d&#8217;aquesta aplicaci\u00f3 d&#8217;una forma r\u00e0pida i senzilla.<\/p>\n\n\n\n<p class=\"wp-block-paragraph\">Mesures especials<\/p>\n\n\n\n<ul class=\"wp-block-list\"><li>Es podr\u00e0 realitzar a m\u00e0xim una reserva a el dia amb antelaci\u00f3. A partir de les 9 del mat\u00ed quedaran disponibles les places lliures de les activitats a reservar en el mateix dia.<\/li><li>Dist\u00e0ncia de seguretat de 2 metres en totes les activitats i sala fitness<\/li><li>Mascarilla obligat\u00f2ria fins arribar a el lloc d&#8217;entrenament i presa de temperatura abans d&#8217;entrar.<\/li><li>Desinfecci\u00f3 de cal\u00e7at i mans abans d&#8217;entrar a les sales, entre classe i classe i ventilaci\u00f3 cont\u00ednua de les sales.<\/li><li>Cada usuari haur\u00e0 de portar la seva pr\u00f2pia estoreta.<\/li><\/ul>\n\n\n\n<p class=\"wp-block-paragraph\">Informaci\u00f3 ampliada d&#8217;activitats, horaris i tarifes a la Piscina Coberta Municipal: 960262262\/671 04 88 30 &#8211; piscinacubierta@utiel.es<\/p>\n","protected":false},"excerpt":{"rendered":"<div class=\"mh-excerpt\">Dilluns que ve arranquen les activitats dirigides tant en sales de la pr\u00f2pia piscina com del poliesportiu municipal seguint els protocols de seguretat i higiene Covid Dilluns que ve, 21 de setembre, es repr\u00e8n l&#8217;activitat <a class=\"mh-excerpt-more\" href=\"https:\/\/tucomarca.whitekongsoftware.com\/ca\/del-21-al-25-de-setembre-jornades-de-portes-obertes-de-classes-dirigides-de-la-piscina-coberta-dutiel\/\" title=\"Del 21 al 25 de setembre jornades de portes obertes de classes dirigides de la piscina coberta d&#8217;Utiel\">[+] <\/a><\/div>\n","protected":false},"author":12,"featured_media":113845,"comment_status":"open","ping_status":"open","sticky":false,"template":"","format":"standard","meta":{"footnotes":""},"categories":[12202,11003,10948,10894,11009,10909,10896,10897,11059],"tags":[10574,11938,2798,1987],"class_list":["post-113846","post","type-post","status-publish","format-standard","has-post-thumbnail","category-covid-19-ca","category-sports","category-infraestructuras-ca","category-la-comarca-ca","category-polideportivo-ca","category-requena-utiel-ca","category-seccion-ca","category-sucesos-la-comarca-ca","category-utiel-ca","tag-ayuntamiento-de-utiel","tag-covid-19","tag-piscina-cubierta","tag-utiel-requena"],"_links":{"self":[{"href":"https:\/\/tucomarca.whitekongsoftware.com\/ca\/wp-json\/wp\/v2\/posts\/113846","targetHints":{"allow":["GET"]}}],"collection":[{"href":"https:\/\/tucomarca.whitekongsoftware.com\/ca\/wp-json\/wp\/v2\/posts"}],"about":[{"href":"https:\/\/tucomarca.whitekongsoftware.com\/ca\/wp-json\/wp\/v2\/types\/post"}],"author":[{"embeddable":true,"href":"https:\/\/tucomarca.whitekongsoftware.com\/ca\/wp-json\/wp\/v2\/users\/12"}],"replies":[{"embeddable":true,"href":"https:\/\/tucomarca.whitekongsoftware.com\/ca\/wp-json\/wp\/v2\/comments?post=113846"}],"version-history":[{"count":0,"href":"https:\/\/tucomarca.whitekongsoftware.com\/ca\/wp-json\/wp\/v2\/posts\/113846\/revisions"}],"wp:featuredmedia":[{"embeddable":true,"href":"https:\/\/tucomarca.whitekongsoftware.com\/ca\/wp-json\/wp\/v2\/media\/113845"}],"wp:attachment":[{"href":"https:\/\/tucomarca.whitekongsoftware.com\/ca\/wp-json\/wp\/v2\/media?parent=113846"}],"wp:term":[{"taxonomy":"category","embeddable":true,"href":"https:\/\/tucomarca.whitekongsoftware.com\/ca\/wp-json\/wp\/v2\/categories?post=113846"},{"taxonomy":"post_tag","embeddable":true,"href":"https:\/\/tucomarca.whitekongsoftware.com\/ca\/wp-json\/wp\/v2\/tags?post=113846"}],"curies":[{"name":"wp","href":"https:\/\/api.w.org\/{rel}","templated":true}]}}