{"id":113812,"date":"2020-09-18T18:55:04","date_gmt":"2020-09-18T16:55:04","guid":{"rendered":"http:\/\/www.tucomarca.com\/wordpress\/segunda\/?p=113812"},"modified":"2020-09-18T21:42:53","modified_gmt":"2020-09-18T19:42:53","slug":"utiel-rep-el-primer-premi-de-la-setmana-europea-de-la-mobilitat","status":"publish","type":"post","link":"https:\/\/tucomarca.whitekongsoftware.com\/ca\/utiel-rep-el-primer-premi-de-la-setmana-europea-de-la-mobilitat\/","title":{"rendered":"Utiel rep el primer premi de la Setmana Europea de la Mobilitat"},"content":{"rendered":"\n<p class=\"wp-block-paragraph\"><strong>Ahir es va realitzar l&#8217;entrega de guardons per videoconfer\u00e8ncia, amb Utiel entre els 13 ajuntaments seleccionats<\/strong><\/p>\n\n\n\n<p class=\"wp-block-paragraph\">Ahir el conseller de Pol\u00edtica Territorial, Arcadi Espanya i la secret\u00e0ria general de Transports i Mobilitat de Govern Central, Mar\u00eda Jos\u00e9 Rallo, feien p\u00fablics per videoconfer\u00e8ncia, els premis de la Setmana Europea de la Mobilitat a la Comunitat Valenciana, entre els quals es trobava el Ajuntament d&#8217;Utiel.<\/p>\n\n\n\n<p class=\"wp-block-paragraph\">La regidora d&#8217;urbanisme, Elo\u00edsa Viana, va ser l&#8217;encarregada de rebre aquest guard\u00f3 via telem\u00e0tica, agraint el reconeixement a el projecte de mobilitat sostenible presentat per Utiel.<\/p>\n\n\n\n<p class=\"wp-block-paragraph\">En concret Utiel rebia el primer premi en la categoria de municipis de menys de 20.000 habitants per la recuperaci\u00f3 de l&#8217;itinerari de vianants saludable a la zona corresponent a les Avingudes Julio L\u00f3pez Tar\u00edn i Rio Magro.<\/p>\n\n\n\n<p class=\"wp-block-paragraph\">Un projecte que ha suposat l&#8217;adequaci\u00f3 d&#8217;una de les zones habituals de passeig per als ve\u00efns i ve\u00efnes d&#8217;Utiel.<\/p>\n\n\n\n<p class=\"wp-block-paragraph\"><strong>Primer Premi Setmana Europea de la Mobilitat 2020<\/strong><\/p>\n\n\n\n<p class=\"wp-block-paragraph\">A aquesta V edici\u00f3 dels Premis de la Setmana Europea de la Mobilitat 2020 de la Comunitat Valenciana es van presentar 65 accions de 40 entitats, de les quals 8 corresponien a municipis de menys de 20.000 habitants com \u00e9s el cas de el projecte guanyador presentat per l&#8217;Ajuntament d&#8217;Utiel.<\/p>\n\n\n\n<p class=\"wp-block-paragraph\">Aquests premis s&#8217;establixen dues categories, la primera dirigida a ajuntaments i la segona a institucions i organitzacions sense \u00e0nim de lucre.<\/p>\n\n\n\n<p class=\"wp-block-paragraph\">A la primera categoria, la convocat\u00f2ria estableix diferents subcategories pel nombre d&#8217;habitants del municipi (m\u00e9s de 50.000, entre 50.00 i 20.000 i menys de 20.000 habitants). En total, es concedien 13 premis a ajuntaments de la Comunitat Valenciana (6 primers, 3 segons i 4 tercers) sent l&#8217;Ajuntament d&#8217;Utiel un dels guardonats amb de el primer premi en aquesta convocat\u00f2ria.<\/p>\n","protected":false},"excerpt":{"rendered":"<div class=\"mh-excerpt\">Ahir es va realitzar l&#8217;entrega de guardons per videoconfer\u00e8ncia, amb Utiel entre els 13 ajuntaments seleccionats Ahir el conseller de Pol\u00edtica Territorial, Arcadi Espanya i la secret\u00e0ria general de Transports i Mobilitat de Govern Central, <a class=\"mh-excerpt-more\" href=\"https:\/\/tucomarca.whitekongsoftware.com\/ca\/utiel-rep-el-primer-premi-de-la-setmana-europea-de-la-mobilitat\/\" title=\"Utiel rep el primer premi de la Setmana Europea de la Mobilitat\">[+] <\/a><\/div>\n","protected":false},"author":12,"featured_media":113814,"comment_status":"open","ping_status":"open","sticky":false,"template":"","format":"standard","meta":{"footnotes":""},"categories":[10948,10894,10903,10947,10909,10896,11059],"tags":[6413,10387],"class_list":["post-113812","post","type-post","status-publish","format-standard","has-post-thumbnail","category-infraestructuras-ca","category-la-comarca-ca","category-medio-ambiente-la-comarca-ca","category-politica","category-requena-utiel-ca","category-seccion-ca","category-utiel-ca","tag-ayuntamiento-utiel","tag-requena-utiel"],"_links":{"self":[{"href":"https:\/\/tucomarca.whitekongsoftware.com\/ca\/wp-json\/wp\/v2\/posts\/113812","targetHints":{"allow":["GET"]}}],"collection":[{"href":"https:\/\/tucomarca.whitekongsoftware.com\/ca\/wp-json\/wp\/v2\/posts"}],"about":[{"href":"https:\/\/tucomarca.whitekongsoftware.com\/ca\/wp-json\/wp\/v2\/types\/post"}],"author":[{"embeddable":true,"href":"https:\/\/tucomarca.whitekongsoftware.com\/ca\/wp-json\/wp\/v2\/users\/12"}],"replies":[{"embeddable":true,"href":"https:\/\/tucomarca.whitekongsoftware.com\/ca\/wp-json\/wp\/v2\/comments?post=113812"}],"version-history":[{"count":0,"href":"https:\/\/tucomarca.whitekongsoftware.com\/ca\/wp-json\/wp\/v2\/posts\/113812\/revisions"}],"wp:featuredmedia":[{"embeddable":true,"href":"https:\/\/tucomarca.whitekongsoftware.com\/ca\/wp-json\/wp\/v2\/media\/113814"}],"wp:attachment":[{"href":"https:\/\/tucomarca.whitekongsoftware.com\/ca\/wp-json\/wp\/v2\/media?parent=113812"}],"wp:term":[{"taxonomy":"category","embeddable":true,"href":"https:\/\/tucomarca.whitekongsoftware.com\/ca\/wp-json\/wp\/v2\/categories?post=113812"},{"taxonomy":"post_tag","embeddable":true,"href":"https:\/\/tucomarca.whitekongsoftware.com\/ca\/wp-json\/wp\/v2\/tags?post=113812"}],"curies":[{"name":"wp","href":"https:\/\/api.w.org\/{rel}","templated":true}]}}