{"id":113761,"date":"2020-09-18T20:13:52","date_gmt":"2020-09-18T18:13:52","guid":{"rendered":"http:\/\/www.tucomarca.com\/wordpress\/segunda\/?p=113761"},"modified":"2020-09-18T22:00:58","modified_gmt":"2020-09-18T20:00:58","slug":"sobri-el-termini-de-presentacio-de-les-beques-municipals-a-xest-per-a-estudiants-de-formacio-professional","status":"publish","type":"post","link":"https:\/\/tucomarca.whitekongsoftware.com\/ca\/sobri-el-termini-de-presentacio-de-les-beques-municipals-a-xest-per-a-estudiants-de-formacio-professional\/","title":{"rendered":"S&#8217;obri el termini de presentaci\u00f3 de les beques municipals a Xest per a estudiants de Formaci\u00f3 Professional"},"content":{"rendered":"\n<p class=\"wp-block-paragraph\"><strong>20 alumnos\/as de FP de les branques d&#8217;Edificaci\u00f3 i Obra Civil i Agr\u00e0ria podran optar a realitzar pr\u00e0ctiques formatives en les depend\u00e8ncies municipals<\/strong><\/p>\n\n\n\n<p class=\"wp-block-paragraph\">L&#8217;Ajuntament de Cheste ha publicat hui, dijous 17 de setembre, les bases per a l&#8217;adjudicaci\u00f3 de les beques formatives dirigides a l&#8217;alumnat de Formaci\u00f3 Professional de les \u00e0rees d&#8217;Edificaci\u00f3 i Obra Civil i Agr\u00e0ria, per al curs 2020-2021.<\/p>\n\n\n\n<p class=\"wp-block-paragraph\">Aquestes beques estan finan\u00e7ades per l&#8217;Ajuntament de Cheste i poden optar-hi estudiants d&#8217;entre 16 i 65 anys que cursen en 2020\/2021 cicles formatius o cursos de Formaci\u00f3 Professional B\u00e0sica, Grau Mitj\u00e0 d&#8217;FP o Grau Superior de FP de les fam\u00edlies professionals objecte de les beques. En total es convoquen 20 beques, amb una dotaci\u00f3 bruta mensual per a les persones benefici\u00e0ries de 480 euros per mes complet. La durada m\u00e0xima de les beques ser\u00e0 de 9 mesos i mig i la dedicaci\u00f3 de 16 hores setmanals, com a m\u00ednim.<\/p>\n\n\n\n<p class=\"wp-block-paragraph\">&#8220;Aquesta \u00e9s una iniciativa que va comen\u00e7ar fa dues legislatures i hem apostat per mantenir-la i convertir-la en un projecte de continu\u00eftat&#8221;, ha declarat la regidora d&#8217;Educaci\u00f3, M\u00aa \u00c1ngeles Llorente. &#8220;Considerem que \u00e9s molt positiva, ja que vincula la formaci\u00f3 amb l&#8217;ocupaci\u00f3, alhora que s&#8217;oferix una dotaci\u00f3 econ\u00f2mica als estudiants que reben la beca&#8221;.<\/p>\n\n\n\n<p class=\"wp-block-paragraph\">El termini d&#8217;inscripci\u00f3 estar\u00e0 obert fins al proper 26 de setembre de 2020. Les bases estan disponibles a la seu electr\u00f2nica de l&#8217;Ajuntament de Xest, cheste.sedelectronica.es.<\/p>\n","protected":false},"excerpt":{"rendered":"<div class=\"mh-excerpt\">20 alumnos\/as de FP de les branques d&#8217;Edificaci\u00f3 i Obra Civil i Agr\u00e0ria podran optar a realitzar pr\u00e0ctiques formatives en les depend\u00e8ncies municipals L&#8217;Ajuntament de Cheste ha publicat hui, dijous 17 de setembre, les bases <a class=\"mh-excerpt-more\" href=\"https:\/\/tucomarca.whitekongsoftware.com\/ca\/sobri-el-termini-de-presentacio-de-les-beques-municipals-a-xest-per-a-estudiants-de-formacio-professional\/\" title=\"S&#8217;obri el termini de presentaci\u00f3 de les beques municipals a Xest per a estudiants de Formaci\u00f3 Professional\">[+] <\/a><\/div>\n","protected":false},"author":12,"featured_media":113760,"comment_status":"open","ping_status":"open","sticky":false,"template":"","format":"standard","meta":{"footnotes":""},"categories":[10948,10894,10912,10947,10896,10974],"tags":[10470,12586,5952],"class_list":["post-113761","post","type-post","status-publish","format-standard","has-post-thumbnail","category-infraestructuras-ca","category-la-comarca-ca","category-la-hoya-ca","category-politica","category-seccion-ca","category-cheste-ca","tag-ayuntamiento-de-cheste","tag-becas-municipales-cheste","tag-la-hoya-de-bunol-chiva"],"_links":{"self":[{"href":"https:\/\/tucomarca.whitekongsoftware.com\/ca\/wp-json\/wp\/v2\/posts\/113761","targetHints":{"allow":["GET"]}}],"collection":[{"href":"https:\/\/tucomarca.whitekongsoftware.com\/ca\/wp-json\/wp\/v2\/posts"}],"about":[{"href":"https:\/\/tucomarca.whitekongsoftware.com\/ca\/wp-json\/wp\/v2\/types\/post"}],"author":[{"embeddable":true,"href":"https:\/\/tucomarca.whitekongsoftware.com\/ca\/wp-json\/wp\/v2\/users\/12"}],"replies":[{"embeddable":true,"href":"https:\/\/tucomarca.whitekongsoftware.com\/ca\/wp-json\/wp\/v2\/comments?post=113761"}],"version-history":[{"count":0,"href":"https:\/\/tucomarca.whitekongsoftware.com\/ca\/wp-json\/wp\/v2\/posts\/113761\/revisions"}],"wp:featuredmedia":[{"embeddable":true,"href":"https:\/\/tucomarca.whitekongsoftware.com\/ca\/wp-json\/wp\/v2\/media\/113760"}],"wp:attachment":[{"href":"https:\/\/tucomarca.whitekongsoftware.com\/ca\/wp-json\/wp\/v2\/media?parent=113761"}],"wp:term":[{"taxonomy":"category","embeddable":true,"href":"https:\/\/tucomarca.whitekongsoftware.com\/ca\/wp-json\/wp\/v2\/categories?post=113761"},{"taxonomy":"post_tag","embeddable":true,"href":"https:\/\/tucomarca.whitekongsoftware.com\/ca\/wp-json\/wp\/v2\/tags?post=113761"}],"curies":[{"name":"wp","href":"https:\/\/api.w.org\/{rel}","templated":true}]}}