{"id":113718,"date":"2020-09-18T09:30:03","date_gmt":"2020-09-18T07:30:03","guid":{"rendered":"http:\/\/www.tucomarca.com\/wordpress\/segunda\/?p=113718"},"modified":"2020-09-18T13:13:02","modified_gmt":"2020-09-18T11:13:02","slug":"el-consorci-valencia-interior-desenrotlla-una-app-per-a-facilitar-lacompanyament-en-el-projecte-de-compostatge-domestic","status":"publish","type":"post","link":"https:\/\/tucomarca.whitekongsoftware.com\/ca\/el-consorci-valencia-interior-desenrotlla-una-app-per-a-facilitar-lacompanyament-en-el-projecte-de-compostatge-domestic\/","title":{"rendered":"El Consorci Val\u00e8ncia Interior desenrotlla una APP per a facilitar l&#8217;acompanyament en el projecte de compostatge dom\u00e8stic"},"content":{"rendered":"\n<p class=\"wp-block-paragraph\"><strong>L&#8217;aplicaci\u00f3 permet registrar les aportacions de manera senzilla, consultar dubtes i tindre acc\u00e9s a not\u00edcies relacionades amb la gesti\u00f3 dels residus<\/strong><\/p>\n\n\n\n<p class=\"wp-block-paragraph\">El Consorci Val\u00e8ncia Interior (CVI) est\u00e0 immers en un ambici\u00f3s projecte de compostatge mitjan\u00e7ant el qual es pret\u00e9n reduir la quantitat de residus que arriben a planta mitjan\u00e7ant el processat natural dels bioresidus a les llars. O el que \u00e9s el mateix: economia circular en estat pur. Aquest projecte d\u00f3na ara un pas m\u00e9s, ja que el Consorci ha desenvolupat l&#8217;APP EcoCompostaje per acompanyar les fam\u00edlies en aquest programa.<\/p>\n\n\n\n<p class=\"wp-block-paragraph\">El proc\u00e9s \u00e9s molt senzill: Les fam\u00edlies interessades a participar s&#8217;inscriuen a les xerrades informatives en qu\u00e8 s&#8217;explica com compostar a casa i els beneficis de formar part d&#8217;aquest projecte. A continuaci\u00f3, es subscriu un comprom\u00eds amb el CVI que els fa lliurament d&#8217;un compostador amb un codi QR per al seu habitatge. El president del CVI, Robert Raga, ha assenyalat que les fam\u00edlies, un cop es descarreguen l&#8217;APP &#8220;poden rebre assessorament personalitzat per part de l&#8217;equip d&#8217;educaci\u00f3 ambiental, registrar les aportacions de residus a la compostera i consultar els seus dubtes&#8221;. &#8220;En definitiva, es pret\u00e9n que se senten acompanyats en aquest proc\u00e9s de gesti\u00f3 de residus que, en la majoria dels casos, \u00e9s nou per a ells&#8221;, ha concl\u00f2s. Aquesta APP es pot descarregar des de qualsevol dispositiu m\u00f2bil i per a qualsevol sistema operatiu.<\/p>\n\n\n\n<p class=\"wp-block-paragraph\">El CVI est\u00e0 desenvolupant el compostatge en dos \u00e0mbits: en els centres educatius i amb la ciutadania en general. Els centres van ser els primers a comen\u00e7ar a implantar aquesta campanya transformadora en la gesti\u00f3 dels residus, concretament el 2017. En aquest \u00e0mbit s\u00f3n els propis escolars els que col\u00b7laboren en el dip\u00f2sit de les restes de menjar al compostador i, a m\u00e9s, es posa en valor des de petits l&#8217;arrelament de les arrels, a la tradici\u00f3, a l&#8217;economia circular. Els centres oferixen tamb\u00e9 formaci\u00f3 a les persones que treballen al menjador, de manera que tota la comunitat educativa est\u00e0 involucrada i compromesa.<\/p>\n\n\n\n<figure class=\"wp-block-image\"><img loading=\"lazy\" decoding=\"async\" width=\"787\" height=\"516\" src=\"http:\/\/www.tucomarca.com\/wordpress\/segunda\/wp-content\/uploads\/2020\/09\/consorcioCompostaje2.jpg\" alt=\"\" class=\"wp-image-113715\" srcset=\"https:\/\/tucomarca.whitekongsoftware.com\/wp-content\/uploads\/2020\/09\/consorcioCompostaje2.jpg 787w, https:\/\/tucomarca.whitekongsoftware.com\/wp-content\/uploads\/2020\/09\/consorcioCompostaje2-300x197.jpg 300w, https:\/\/tucomarca.whitekongsoftware.com\/wp-content\/uploads\/2020\/09\/consorcioCompostaje2-768x504.jpg 768w\" sizes=\"auto, (max-width: 787px) 100vw, 787px\" \/><\/figure>\n\n\n\n<p class=\"wp-block-paragraph\">Els primers que van iniciar aquest pla a nivell escolar van ser els centres escolars d&#8217;Adem\u00fas, en concret a l&#8217;IES i el Col\u00b7legi Rural Agrupat (CRA) Rac\u00f3 d&#8217;Adem\u00fas, que van donar els seus primers passos al novembre de 2017 i han continuat en centres escolars d&#8217;Alpuente, Xelva, Ll\u00edria, Calles, Venta del Moro, l&#8217;Eliana, Marines, Olocau i Cheste i Riba-roja de T\u00faria.<\/p>\n\n\n\n<p class=\"wp-block-paragraph\">Pel que fa a la societat civil, en el que va d&#8217;any s&#8217;han realitzat 23 formacions a grups de ve\u00efns, en qu\u00e8 han participat 370 persones i s&#8217;han lliurat un total de 153 compostadors, tot i la crisi del COVID. Tant les formacions com el lliurament dels compostadors es fan seguint els protocols establerts i mantenint les dist\u00e0ncies de seguretat. El CVI assumeix el cost de les tasques de formaci\u00f3, la distribuci\u00f3 de les composteras i l&#8217;acompanyament en la gesti\u00f3 dels bioresidus. El projecte s&#8217;ampliar\u00e0 per tots els municipis consorciats.<\/p>\n\n\n\n<p class=\"wp-block-paragraph\">De moment ja s&#8217;ha fet formaci\u00f3 en municipis com Olocau, Godelleta, la Pobla de Vallbona, l&#8217;Eliana, Adem\u00fas, Ll\u00edria, Marines Vell, Riba-roja de T\u00faria, B\u00e9tera, Alpuente, N\u00e0quera, Cheste i Chiva, amb programes adaptats a les realitats concretes de cada zona dins la seua planificaci\u00f3 local en mat\u00e8ria de gesti\u00f3 de bioresidus. I la demanda va en augment.<\/p>\n","protected":false},"excerpt":{"rendered":"<div class=\"mh-excerpt\">L&#8217;aplicaci\u00f3 permet registrar les aportacions de manera senzilla, consultar dubtes i tindre acc\u00e9s a not\u00edcies relacionades amb la gesti\u00f3 dels residus El Consorci Val\u00e8ncia Interior (CVI) est\u00e0 immers en un ambici\u00f3s projecte de compostatge mitjan\u00e7ant <a class=\"mh-excerpt-more\" href=\"https:\/\/tucomarca.whitekongsoftware.com\/ca\/el-consorci-valencia-interior-desenrotlla-una-app-per-a-facilitar-lacompanyament-en-el-projecte-de-compostatge-domestic\/\" title=\"El Consorci Val\u00e8ncia Interior desenrotlla una APP per a facilitar l&#8217;acompanyament en el projecte de compostatge dom\u00e8stic\">[+] <\/a><\/div>\n","protected":false},"author":12,"featured_media":113714,"comment_status":"open","ping_status":"open","sticky":false,"template":"","format":"standard","meta":{"footnotes":""},"categories":[10890,10951,10892,11046,10898,10963,10894,10912,10903,10947,10909,10896],"tags":[417,10220],"class_list":["post-113718","post","type-post","status-publish","format-standard","has-post-thumbnail","category-ademus","category-ayora-cofrentes-ca","category-camp-de-turia-ca","category-los-serranos-ca","category-ventana-ca","category-la-canal-de-navarres-ca","category-la-comarca-ca","category-la-hoya-ca","category-medio-ambiente-la-comarca-ca","category-politica","category-requena-utiel-ca","category-seccion-ca","tag-consorcio-valencia-interior","tag-cvi"],"_links":{"self":[{"href":"https:\/\/tucomarca.whitekongsoftware.com\/ca\/wp-json\/wp\/v2\/posts\/113718","targetHints":{"allow":["GET"]}}],"collection":[{"href":"https:\/\/tucomarca.whitekongsoftware.com\/ca\/wp-json\/wp\/v2\/posts"}],"about":[{"href":"https:\/\/tucomarca.whitekongsoftware.com\/ca\/wp-json\/wp\/v2\/types\/post"}],"author":[{"embeddable":true,"href":"https:\/\/tucomarca.whitekongsoftware.com\/ca\/wp-json\/wp\/v2\/users\/12"}],"replies":[{"embeddable":true,"href":"https:\/\/tucomarca.whitekongsoftware.com\/ca\/wp-json\/wp\/v2\/comments?post=113718"}],"version-history":[{"count":0,"href":"https:\/\/tucomarca.whitekongsoftware.com\/ca\/wp-json\/wp\/v2\/posts\/113718\/revisions"}],"wp:featuredmedia":[{"embeddable":true,"href":"https:\/\/tucomarca.whitekongsoftware.com\/ca\/wp-json\/wp\/v2\/media\/113714"}],"wp:attachment":[{"href":"https:\/\/tucomarca.whitekongsoftware.com\/ca\/wp-json\/wp\/v2\/media?parent=113718"}],"wp:term":[{"taxonomy":"category","embeddable":true,"href":"https:\/\/tucomarca.whitekongsoftware.com\/ca\/wp-json\/wp\/v2\/categories?post=113718"},{"taxonomy":"post_tag","embeddable":true,"href":"https:\/\/tucomarca.whitekongsoftware.com\/ca\/wp-json\/wp\/v2\/tags?post=113718"}],"curies":[{"name":"wp","href":"https:\/\/api.w.org\/{rel}","templated":true}]}}