{"id":113589,"date":"2020-09-16T09:00:36","date_gmt":"2020-09-16T07:00:36","guid":{"rendered":"http:\/\/www.tucomarca.com\/wordpress\/segunda\/?p=113589"},"modified":"2020-09-16T18:29:11","modified_gmt":"2020-09-16T16:29:11","slug":"no-es-un-adeu-es-un-fins-despres-de-francisco-frances-primer-premi-del-concurs-fotografic-revive-la-feria","status":"publish","type":"post","link":"https:\/\/tucomarca.whitekongsoftware.com\/ca\/no-es-un-adeu-es-un-fins-despres-de-francisco-frances-primer-premi-del-concurs-fotografic-revive-la-feria\/","title":{"rendered":"&#8220;No \u00e9s un ad\u00e9u, \u00e9s un fins despr\u00e9s&#8221;, de Francisco Franc\u00e9s, primer premi del concurs fotogr\u00e0fic &#8220;Revive la Feria&#8221;"},"content":{"rendered":"\n<p class=\"wp-block-paragraph\"><strong>S&#8217;han fet p\u00fablics els guanyadors del concurs fotogr\u00e0fic &#8220;Revive la Feria&#8221;. Les 8 fotografies seleccionades reflectixen moments especials de la Fira i Festes d&#8217;Utiel tant d&#8217;anys recents com de d\u00e8cades anteriors.<\/strong><\/p>\n\n\n\n<p class=\"wp-block-paragraph\">S&#8217;han fet p\u00fablics els guanyadors de el concurs fotogr\u00e0fic &#8220;Reviu la Fira&#8221;. Les 8 fotografies seleccionades reflectixen moments especials de la Fira i Festes d&#8217;Utiel tant d&#8217;anys recents com de d\u00e8cades anteriors.<\/p>\n\n\n\n<p class=\"wp-block-paragraph\">Aquesta setmana, s&#8217;ha reunit el jurat qualificador del concurs de fotografia &#8220;Reviu la Fira&#8221; per seleccionar entre les 100 instant\u00e0nies triades en la primera fase, les 8 guanyadores de l&#8217;certamen.<\/p>\n\n\n\n<p class=\"wp-block-paragraph\">Una deliberaci\u00f3 especialment complicada per al jurat donada l&#8217;alta participaci\u00f3 d&#8217;aquesta convocat\u00f2ria (un total de 262 instant\u00e0nies es van presentar a concurs) i la qualitat, emotivitat i representaci\u00f3 hist\u00f2rica de les imatges seleccionades.<\/p>\n\n\n\n<p class=\"wp-block-paragraph\">Aix\u00ed, la decisi\u00f3 de l&#8217;jurat atorga els seg\u00fcents premis:<\/p>\n\n\n\n<ul class=\"wp-block-list\"><li>Primer Premi: &#8220;No \u00e9s un ad\u00e9u, \u00e9s un fins despr\u00e9s&#8221; presentada per Francisco Franc\u00e8s &#8211; Dotat amb 250<\/li><li>Segon Premi: &#8220;Atraccions d&#8217;antany&#8221; presentada per Celia Montesinos &#8211; Dotat amb 200 \u20ac<\/li><li>Tercer Premi: &#8220;Sempre Verge en la teua companyia&#8221; presentada per Andr\u00e9s Cejalvo- Dotat amb 150 \u20ac<\/li><\/ul>\n\n\n\n<p class=\"wp-block-paragraph\">5 mencions dotades amb 50 \u20ac per a:<\/p>\n\n\n\n<ul class=\"wp-block-list\"><li>&#8220;Apoteosi&#8221; de Rosa M\u00aa S\u00e1nchez<\/li><li> &#8220;I conte, colorit&#8221; de Carles M. Latorre<\/li><li> &#8220;Arc&#8221; de M\u00aa \u00c1ngeles L\u00f3pez<\/li><li> &#8220;Arc de la fira colorit&#8221; de M\u00aa Carmen S\u00e1nchez<\/li><li> &#8220;En la barrera&#8221; de Carlos Platero<\/li><\/ul>\n\n\n\n<p class=\"wp-block-paragraph\">A difer\u00e8ncia d&#8217;altres concursos de fotografia, en aquesta convocat\u00f2ria el jurat ha valorat especialment aquelles imatges rescatades pels participants del seu arxiu personal de la Fira i Festes d&#8217;Utiel i que contenen un alt component hist\u00f2ric i social per reflectir a la societat utielana de moment i les seues tradicions.<\/p>\n\n\n\n<p class=\"wp-block-paragraph\">Unes imatges que reflectixen el sentiment de les festes patronals d&#8217;Utiel a trav\u00e9s de la mirada i els records viscuts en primera persona de cada un dels participants.<\/p>\n\n\n\n<p class=\"wp-block-paragraph\"><strong>Premis per gaudir en comer\u00e7 local<\/strong><\/p>\n\n\n\n<p class=\"wp-block-paragraph\">El concurs, promogut per les regidories de cultura i festes de l&#8217;Ajuntament d&#8217;Utiel, naixia amb l&#8217;objectiu de rememorar viv\u00e8ncies i moments especials de la Fira i Festes a trav\u00e9s dels records dels ve\u00efns i visitants d&#8217;Utiel.<\/p>\n\n\n\n<p class=\"wp-block-paragraph\">Una iniciativa que, a m\u00e9s de premiar la implicaci\u00f3 de la ciutadania a l&#8217;hora de reflectir els records de les festes patronals del municipi, tamb\u00e9 d\u00f3na suport a el comer\u00e7 local ja que els premis atorgats s\u00f3n xecs regal per comprar en establiments del municipi.<\/p>\n\n\n\n<p class=\"wp-block-paragraph\">En total, l&#8217;Ajuntament d&#8217;Utiel concedeix 850 \u20ac en premis, que els guanyadors podran canviar per productes o serveis de qualsevol dels establiments adherits a l&#8217;Associaci\u00f3 d&#8217;Ind\u00fastria i Comer\u00e7 d&#8217;Utiel (AICU), Marca de Qualitat i Associaci\u00f3 d&#8217;Hostaleria d&#8217;Utiel .<\/p>\n","protected":false},"excerpt":{"rendered":"<div class=\"mh-excerpt\">S&#8217;han fet p\u00fablics els guanyadors del concurs fotogr\u00e0fic &#8220;Revive la Feria&#8221;. Les 8 fotografies seleccionades reflectixen moments especials de la Fira i Festes d&#8217;Utiel tant d&#8217;anys recents com de d\u00e8cades anteriors. S&#8217;han fet p\u00fablics els <a class=\"mh-excerpt-more\" href=\"https:\/\/tucomarca.whitekongsoftware.com\/ca\/no-es-un-adeu-es-un-fins-despres-de-francisco-frances-primer-premi-del-concurs-fotografic-revive-la-feria\/\" title=\"&#8220;No \u00e9s un ad\u00e9u, \u00e9s un fins despr\u00e9s&#8221;, de Francisco Franc\u00e9s, primer premi del concurs fotogr\u00e0fic &#8220;Revive la Feria&#8221;\">[+] <\/a><\/div>\n","protected":false},"author":12,"featured_media":113587,"comment_status":"open","ping_status":"open","sticky":false,"template":"","format":"standard","meta":{"footnotes":""},"categories":[12202,11004,11008,10909,10896,11059],"tags":[12107,11255,11939,11940],"class_list":["post-113589","post","type-post","status-publish","format-standard","has-post-thumbnail","category-covid-19-ca","category-la-semana-en-imagenes-ca","category-pueblos-en-fiestas-ca","category-requena-utiel-ca","category-seccion-ca","category-utiel-ca","tag-ayuntamiento-utiel-ca","tag-comarca-requena-utiel-ca","tag-coronavirus-ca","tag-covid-19-ca"],"_links":{"self":[{"href":"https:\/\/tucomarca.whitekongsoftware.com\/ca\/wp-json\/wp\/v2\/posts\/113589","targetHints":{"allow":["GET"]}}],"collection":[{"href":"https:\/\/tucomarca.whitekongsoftware.com\/ca\/wp-json\/wp\/v2\/posts"}],"about":[{"href":"https:\/\/tucomarca.whitekongsoftware.com\/ca\/wp-json\/wp\/v2\/types\/post"}],"author":[{"embeddable":true,"href":"https:\/\/tucomarca.whitekongsoftware.com\/ca\/wp-json\/wp\/v2\/users\/12"}],"replies":[{"embeddable":true,"href":"https:\/\/tucomarca.whitekongsoftware.com\/ca\/wp-json\/wp\/v2\/comments?post=113589"}],"version-history":[{"count":0,"href":"https:\/\/tucomarca.whitekongsoftware.com\/ca\/wp-json\/wp\/v2\/posts\/113589\/revisions"}],"wp:featuredmedia":[{"embeddable":true,"href":"https:\/\/tucomarca.whitekongsoftware.com\/ca\/wp-json\/wp\/v2\/media\/113587"}],"wp:attachment":[{"href":"https:\/\/tucomarca.whitekongsoftware.com\/ca\/wp-json\/wp\/v2\/media?parent=113589"}],"wp:term":[{"taxonomy":"category","embeddable":true,"href":"https:\/\/tucomarca.whitekongsoftware.com\/ca\/wp-json\/wp\/v2\/categories?post=113589"},{"taxonomy":"post_tag","embeddable":true,"href":"https:\/\/tucomarca.whitekongsoftware.com\/ca\/wp-json\/wp\/v2\/tags?post=113589"}],"curies":[{"name":"wp","href":"https:\/\/api.w.org\/{rel}","templated":true}]}}