{"id":113534,"date":"2020-09-15T18:00:04","date_gmt":"2020-09-15T16:00:04","guid":{"rendered":"http:\/\/www.tucomarca.com\/wordpress\/segunda\/?p=113534"},"modified":"2020-09-15T18:28:00","modified_gmt":"2020-09-15T16:28:00","slug":"un-nuevo-brote-de-coronavirus-en-ayora-aporta-11-casos-a-los-905-nuevos-registrados-desde-la-ultima-actualizacion","status":"publish","type":"post","link":"https:\/\/tucomarca.whitekongsoftware.com\/ca\/un-nuevo-brote-de-coronavirus-en-ayora-aporta-11-casos-a-los-905-nuevos-registrados-desde-la-ultima-actualizacion\/","title":{"rendered":"Un nou brot de coronavirus a Aiora aporta 11 casos als 905 nous registrats des de l&#8217;\u00faltima actualitzaci\u00f3"},"content":{"rendered":"\n<p class=\"wp-block-paragraph\">La Comunitat Valenciana ha registrat des de l&#8217;\u00faltima actualitzaci\u00f3 905 nous contagis de coronavirus confirmats per prova PCR, que situen la xifra total de positius en 32.644 persones. Per prov\u00edncies, la distribuci\u00f3 \u00e9s la seg\u00fcent: 188 a Castell\u00f3 (3.631 en total); 356 a la prov\u00edncia d&#8217;Alacant (10.403 en total); i 361 a la prov\u00edncia de Val\u00e8ncia (18.593 en total). A m\u00e9s, continua havent 7 casos sense assignar.<\/p>\n\n\n\n<p class=\"wp-block-paragraph\">D&#8217;altra banda, s&#8217;han donat 660 altes a pacients amb coronavirus, de manera que el total de persones curades des de l&#8217;inici de la pand\u00e8mia se situa en 33.626: 3.973 a Castell\u00f3, 10.471 a Alacant i 19.149 a Val\u00e8ncia. A m\u00e9s, hi ha 33 altes no assignades.<\/p>\n\n\n\n<p class=\"wp-block-paragraph\">Els hospitals valencians tenen, actualment, 502 persones ingressades: 57 a la prov\u00edncia de Castell\u00f3, amb 7 pacients en UCI; 150 a la prov\u00edncia d&#8217;Alacant, 29 d&#8217;ells a l&#8217;UCI; i 295 a la prov\u00edncia de Val\u00e8ncia, 32 d&#8217;ells en UCI.<\/p>\n\n\n\n<p class=\"wp-block-paragraph\">D&#8217;aquesta manera, a hores d&#8217;ara hi ha actius 7.064 casos, fet que suposa un 16,98% de l&#8217;total de positius.<\/p>\n\n\n\n<p class=\"wp-block-paragraph\">D&#8217;altra banda, s&#8217;han registrat 3 morts per coronavirus des de l&#8217;\u00faltima actualitzaci\u00f3, de manera que el total de defuncions \u00e9s de 1.564 persones: 232 a la prov\u00edncia de Castell\u00f3, 539 a la d&#8217;Alacant i 793 a la de Val\u00e8ncia.<\/p>\n\n\n\n<p class=\"wp-block-paragraph\">El nombre total de proves dutes a terme per a la detecci\u00f3 de l&#8217;coronavirus ascendeix a 968.274, de les quals 822.117 han estat a trav\u00e9s de PCR i 146.157 mitjan\u00e7ant test r\u00e0pid.<\/p>\n\n\n\n<p class=\"wp-block-paragraph\">Actualitzaci\u00f3 de la situaci\u00f3 en resid\u00e8ncies<\/p>\n\n\n\n<p class=\"wp-block-paragraph\">A dia d&#8217;avui, hi ha algun cas positiu en 57 resid\u00e8ncies de majors (4 a la prov\u00edncia de Castell\u00f3, 18 a la prov\u00edncia d&#8217;Alacant i 35 a la prov\u00edncia de Val\u00e8ncia), 13 centres de persones amb diversitat funcional (2 a la prov\u00edncia de Castell\u00f3, 3 a la d&#8217;Alacant i 8 a la de Val\u00e8ncia) i 4 centres de menors (0 a la prov\u00edncia de Castell\u00f3, 3 a la prov\u00edncia d&#8217;Alacant i 1 a la prov\u00edncia de Val\u00e8ncia).<\/p>\n\n\n\n<p class=\"wp-block-paragraph\">\u00b7 Residents nous positius: 24<\/p>\n\n\n\n<p class=\"wp-block-paragraph\">\u00b7 Treballadors nous positius: 22<\/p>\n\n\n\n<p class=\"wp-block-paragraph\">\u00b7 Residents morts: 3<\/p>\n\n\n\n<p class=\"wp-block-paragraph\">Actualment, es troben sota vigil\u00e0ncia activa de control sanitari juliol resid\u00e8ncies a la Comunitat Valenciana: 0 a la prov\u00edncia de Castell\u00f3, 2 a la prov\u00edncia d&#8217;Alacant i 5 a la prov\u00edncia de Val\u00e8ncia.<\/p>\n\n\n\n<p class=\"wp-block-paragraph\">Actualitzaci\u00f3 brots de coronavirus<\/p>\n\n\n\n<p class=\"wp-block-paragraph\">Nous brots:<\/p>\n\n\n\n<p class=\"wp-block-paragraph\">\u00b7 Ontinyent: 4 casos. origen social<\/p>\n\n\n\n<p class=\"wp-block-paragraph\">\u00b7 Ontinyent: 3 casos. origen social<\/p>\n\n\n\n<p class=\"wp-block-paragraph\">\u00b7 Ontinyent: 12 casos. origen social<\/p>\n\n\n\n<p class=\"wp-block-paragraph\">\u00b7 Ayora: 11 casos. origen social<\/p>\n\n\n\n<p class=\"wp-block-paragraph\">\u00b7 Aldaia: 3 casos. origen laboral<\/p>\n\n\n\n<p class=\"wp-block-paragraph\">\u00b7 Canals: 12 casos. origen social<\/p>\n\n\n\n<p class=\"wp-block-paragraph\">\u00b7 Paterna: 4 casos. origen social<\/p>\n\n\n\n<p class=\"wp-block-paragraph\">\u00b7 Manises: 10 casos. origen social<\/p>\n\n\n\n<p class=\"wp-block-paragraph\">\u00b7 Paterna: 5 casos. origen social<\/p>\n\n\n\n<p class=\"wp-block-paragraph\">\u00b7 Dolors: 3 casos. origen social<\/p>\n\n\n\n<p class=\"wp-block-paragraph\">\u00b7 Ontinyent: 3 casos. origen social<\/p>\n\n\n\n<p class=\"wp-block-paragraph\">\u00b7 Al\u00e7ada: 5 casos. origen social<\/p>\n\n\n\n<p class=\"wp-block-paragraph\">\u00b7 Bigastro: 3 casos. origen social<\/p>\n\n\n\n<p class=\"wp-block-paragraph\">\u00b7 La Vall d&#8217;Uix\u00f3: 4 casos. origen social<\/p>\n\n\n\n<p class=\"wp-block-paragraph\">\u00b7 Potries: 3 casos. origen social<\/p>\n\n\n\n<p class=\"wp-block-paragraph\">\u00b7 Gandia: 4 casos. origen social<\/p>\n\n\n\n<p class=\"wp-block-paragraph\">\u00b7 Gandia: 3 casos. origen laboral<\/p>\n\n\n\n<p class=\"wp-block-paragraph\">\u00b7 Val\u00e8ncia: 4 casos. origen social<\/p>\n\n\n\n<p class=\"wp-block-paragraph\">\u00b7 Val\u00e8ncia: 4 casos. origen social<\/p>\n\n\n\n<p class=\"wp-block-paragraph\">\u00b7 Val\u00e8ncia: 3 casos. origen laboral<\/p>\n\n\n\n<p class=\"wp-block-paragraph\">\u00b7 Val\u00e8ncia: 4 casos. origen social<\/p>\n\n\n\n<p class=\"wp-block-paragraph\">\u00b7 Val\u00e8ncia: 3 casos. origen laboral<\/p>\n\n\n\n<p class=\"wp-block-paragraph\">\u00b7 Val\u00e8ncia: 7 casos. origen social<\/p>\n\n\n\n<p class=\"wp-block-paragraph\">\u00b7 Val\u00e8ncia: 3 casos. origen laboral<\/p>\n\n\n\n<p class=\"wp-block-paragraph\">La Just\u00edcia ratifica la pr\u00f2rroga de l&#8217;confinament de Benig\u00e0nim<\/p>\n\n\n\n<p class=\"wp-block-paragraph\">El Jutjat del Contenci\u00f3s Administratiu n\u00famero 5 de Val\u00e8ncia ha ratificat la resoluci\u00f3 de 11 de setembre de 2020 de la consellera de Sanitat Universal i Salut P\u00fablica, Ana Barcel\u00f3, per la qual es prorroga per set dies les mesures excepcionals adoptades per al municipi de Benig\u00e0nim com a conseq\u00fc\u00e8ncia de la situaci\u00f3 de crisi sanit\u00e0ria ocasionada per la Covid-19 i despr\u00e9s d&#8217;analitzar els informes epidemiol\u00f2gics sobre la incid\u00e8ncia de virus.<\/p>\n","protected":false},"excerpt":{"rendered":"<div class=\"mh-excerpt\">La Comunitat Valenciana ha registrat des de l&#8217;\u00faltima actualitzaci\u00f3 905 nous contagis de coronavirus confirmats per prova PCR, que situen la xifra total de positius en 32.644 persones. Per prov\u00edncies, la distribuci\u00f3 \u00e9s la seg\u00fcent: <a class=\"mh-excerpt-more\" href=\"https:\/\/tucomarca.whitekongsoftware.com\/ca\/un-nuevo-brote-de-coronavirus-en-ayora-aporta-11-casos-a-los-905-nuevos-registrados-desde-la-ultima-actualizacion\/\" title=\"Un nou brot de coronavirus a Aiora aporta 11 casos als 905 nous registrats des de l&#8217;\u00faltima actualitzaci\u00f3\">[+] <\/a><\/div>\n","protected":false},"author":1,"featured_media":100861,"comment_status":"open","ping_status":"open","sticky":false,"template":"","format":"standard","meta":{"footnotes":""},"categories":[10954,10951,11010,12202,10898,10948,10894,10904,10947,10896,10897],"tags":[11216,11939,11940,11952],"class_list":["post-113534","post","type-post","status-publish","format-standard","has-post-thumbnail","category-ayora-ca","category-ayora-cofrentes-ca","category-canal-salud","category-covid-19-ca","category-ventana-ca","category-infraestructuras-ca","category-la-comarca-ca","category-sin-categorizar-ca","category-politica","category-seccion-ca","category-sucesos-la-comarca-ca","tag-ayora-cofrentes-ca","tag-coronavirus-ca","tag-covid-19-ca","tag-covid2019-ca"],"_links":{"self":[{"href":"https:\/\/tucomarca.whitekongsoftware.com\/ca\/wp-json\/wp\/v2\/posts\/113534","targetHints":{"allow":["GET"]}}],"collection":[{"href":"https:\/\/tucomarca.whitekongsoftware.com\/ca\/wp-json\/wp\/v2\/posts"}],"about":[{"href":"https:\/\/tucomarca.whitekongsoftware.com\/ca\/wp-json\/wp\/v2\/types\/post"}],"author":[{"embeddable":true,"href":"https:\/\/tucomarca.whitekongsoftware.com\/ca\/wp-json\/wp\/v2\/users\/1"}],"replies":[{"embeddable":true,"href":"https:\/\/tucomarca.whitekongsoftware.com\/ca\/wp-json\/wp\/v2\/comments?post=113534"}],"version-history":[{"count":0,"href":"https:\/\/tucomarca.whitekongsoftware.com\/ca\/wp-json\/wp\/v2\/posts\/113534\/revisions"}],"wp:featuredmedia":[{"embeddable":true,"href":"https:\/\/tucomarca.whitekongsoftware.com\/ca\/wp-json\/wp\/v2\/media\/100861"}],"wp:attachment":[{"href":"https:\/\/tucomarca.whitekongsoftware.com\/ca\/wp-json\/wp\/v2\/media?parent=113534"}],"wp:term":[{"taxonomy":"category","embeddable":true,"href":"https:\/\/tucomarca.whitekongsoftware.com\/ca\/wp-json\/wp\/v2\/categories?post=113534"},{"taxonomy":"post_tag","embeddable":true,"href":"https:\/\/tucomarca.whitekongsoftware.com\/ca\/wp-json\/wp\/v2\/tags?post=113534"}],"curies":[{"name":"wp","href":"https:\/\/api.w.org\/{rel}","templated":true}]}}