{"id":113526,"date":"2020-09-15T11:00:44","date_gmt":"2020-09-15T09:00:44","guid":{"rendered":"http:\/\/www.tucomarca.com\/wordpress\/segunda\/?p=113526"},"modified":"2020-09-15T18:36:47","modified_gmt":"2020-09-15T16:36:47","slug":"lexposicio-itinerant-exili-illustrat-de-livaj-estara-al-setembre-a-callosa-den-sarria-geldo-i-carlet","status":"publish","type":"post","link":"https:\/\/tucomarca.whitekongsoftware.com\/ca\/lexposicio-itinerant-exili-illustrat-de-livaj-estara-al-setembre-a-callosa-den-sarria-geldo-i-carlet\/","title":{"rendered":"L&#8217;exposici\u00f3 itinerant &#8220;Exili Il\u00b7lustrat&#8221; de l&#8217;IVAJ estar\u00e0 al setembre a Callosa d&#8217;en Sarri\u00e0, Geldo i Carlet"},"content":{"rendered":"\n<p class=\"wp-block-paragraph\"><strong>Centres juvenils, ajuntaments i entitats poden sol\u00b7licitar-la a trav\u00e9s de la web mimporta.info<\/strong><\/p>\n\n\n\n<p class=\"wp-block-paragraph\">L&#8217;Institut Valenci\u00e0 de la Joventut (IVAJ), mitjan\u00e7ant el programa &#8216;M&#8217;importa. Educaci\u00f3 en Valors&#8217;, porta l&#8217;exposici\u00f3 itinerant&#8217; Exili Il\u00b7lustrat &#8216;als municipis de Callosa d&#8217;en Sarri\u00e0, Geldo i Carlet.<\/p>\n\n\n\n<p class=\"wp-block-paragraph\">La iniciativa &#8216;Exili Il\u00b7lustrat&#8217;se vincula amb la mem\u00f2ria democr\u00e0tica i, a el mateix temps, convida a una reflexi\u00f3 sobre les persones refugiades a l&#8217;actualitat, que fugen de les guerres, la intoler\u00e0ncia, les cat\u00e0strofes o de la fam.<\/p>\n\n\n\n<p class=\"wp-block-paragraph\">El calendari expositiu es va iniciar de el 4 a l&#8217;13 de setembre a l&#8217;Ajuntament de Daya Vella. De l&#8217;15 a el 20 de setembre es podr\u00e0 visitar al Punt Jove de Callosa d&#8217;en Sarri\u00e0 i de l&#8217;22 a el 27 de setembre a l&#8217;Ajuntament de Geldo. Finalment, de el 29 de setembre a el 4 d&#8217;octubre, arribar\u00e0 a l&#8217;Espai Jove de Carlet.<\/p>\n\n\n\n<p class=\"wp-block-paragraph\">L&#8217;exposici\u00f3 \u00e9s una galeria de 36 vides dibuixades per 36 il\u00b7lustradors i il\u00b7lustradores dels m\u00e9s variats estils, que representen a personatges que van marxar a l&#8217;exili, entre les quals es troben Luis Bu\u00f1uel, Juan Negr\u00edn, Manuel Aza\u00f1a, Clara Campoamor, Antonio Machado o Rafael Alberti, entre d&#8217;altres.<\/p>\n\n\n\n<p class=\"wp-block-paragraph\">La mostra, amb il\u00b7lustracions de cos sencer i dimensions gaireb\u00e9 reals, recorda rellevants personalitats obligades a marxar d&#8217;Espanya i a refugiar-se en altres pa\u00efsos.<\/p>\n\n\n\n<p class=\"wp-block-paragraph\">&#8216;Exili I \u00b7 lustrat&#8217; va n\u00e9ixer de la col\u00b7laboraci\u00f3 de al Centre Cultural La Nau, comissariada per MacDiego, com un homenatge als m\u00e9s de 500.000 homes i dones, la majoria vides an\u00f2nimes, que es van veure obligades a abandonar el territori espanyol a l&#8217;acabar la guerra civil.<\/p>\n\n\n\n<p class=\"wp-block-paragraph\">A m\u00e9s, a trav\u00e9s de la s\u00e8rie &#8216;M&#8217;importa d&#8217;Educaci\u00f3 en Valors&#8217;, s&#8217;acompanya amb una guia did\u00e0ctica explicativa de les biografies i de sensibilitzaci\u00f3 sobre les persones refugiades a l&#8217;actualitat.<\/p>\n\n\n\n<p class=\"wp-block-paragraph\">Ajuntaments, entitats socials, centres educatius i centres juvenils interessats en apropar tant l&#8217;exposici\u00f3 &#8216;Exili Il\u00b7lustrat&#8217;como&#8217; #Noemtoqueselwhatsapp &#8216;poden sol\u00b7licitar-telem\u00e0ticament a trav\u00e9s del web de el programa.<\/p>\n","protected":false},"excerpt":{"rendered":"<div class=\"mh-excerpt\">Centres juvenils, ajuntaments i entitats poden sol\u00b7licitar-la a trav\u00e9s de la web mimporta.info L&#8217;Institut Valenci\u00e0 de la Joventut (IVAJ), mitjan\u00e7ant el programa &#8216;M&#8217;importa. Educaci\u00f3 en Valors&#8217;, porta l&#8217;exposici\u00f3 itinerant&#8217; Exili Il\u00b7lustrat &#8216;als municipis de Callosa <a class=\"mh-excerpt-more\" href=\"https:\/\/tucomarca.whitekongsoftware.com\/ca\/lexposicio-itinerant-exili-illustrat-de-livaj-estara-al-setembre-a-callosa-den-sarria-geldo-i-carlet\/\" title=\"L&#8217;exposici\u00f3 itinerant &#8220;Exili Il\u00b7lustrat&#8221; de l&#8217;IVAJ estar\u00e0 al setembre a Callosa d&#8217;en Sarri\u00e0, Geldo i Carlet\">[+] <\/a><\/div>\n","protected":false},"author":12,"featured_media":111216,"comment_status":"open","ping_status":"open","sticky":false,"template":"","format":"standard","meta":{"footnotes":""},"categories":[11019,10990,10902,10896],"tags":[12557,12556,507],"class_list":["post-113526","post","type-post","status-publish","format-standard","has-post-thumbnail","category-agenda-ca","category-carlet-ca","category-la-ribera-ca","category-seccion-ca","tag-exili-illustrat","tag-institut-valencia-de-la-joventut-ivaj","tag-ivaj"],"_links":{"self":[{"href":"https:\/\/tucomarca.whitekongsoftware.com\/ca\/wp-json\/wp\/v2\/posts\/113526","targetHints":{"allow":["GET"]}}],"collection":[{"href":"https:\/\/tucomarca.whitekongsoftware.com\/ca\/wp-json\/wp\/v2\/posts"}],"about":[{"href":"https:\/\/tucomarca.whitekongsoftware.com\/ca\/wp-json\/wp\/v2\/types\/post"}],"author":[{"embeddable":true,"href":"https:\/\/tucomarca.whitekongsoftware.com\/ca\/wp-json\/wp\/v2\/users\/12"}],"replies":[{"embeddable":true,"href":"https:\/\/tucomarca.whitekongsoftware.com\/ca\/wp-json\/wp\/v2\/comments?post=113526"}],"version-history":[{"count":0,"href":"https:\/\/tucomarca.whitekongsoftware.com\/ca\/wp-json\/wp\/v2\/posts\/113526\/revisions"}],"wp:featuredmedia":[{"embeddable":true,"href":"https:\/\/tucomarca.whitekongsoftware.com\/ca\/wp-json\/wp\/v2\/media\/111216"}],"wp:attachment":[{"href":"https:\/\/tucomarca.whitekongsoftware.com\/ca\/wp-json\/wp\/v2\/media?parent=113526"}],"wp:term":[{"taxonomy":"category","embeddable":true,"href":"https:\/\/tucomarca.whitekongsoftware.com\/ca\/wp-json\/wp\/v2\/categories?post=113526"},{"taxonomy":"post_tag","embeddable":true,"href":"https:\/\/tucomarca.whitekongsoftware.com\/ca\/wp-json\/wp\/v2\/tags?post=113526"}],"curies":[{"name":"wp","href":"https:\/\/api.w.org\/{rel}","templated":true}]}}