{"id":113443,"date":"2020-09-13T10:00:50","date_gmt":"2020-09-13T08:00:50","guid":{"rendered":"http:\/\/www.tucomarca.com\/wordpress\/segunda\/?p=113443"},"modified":"2020-09-14T20:55:15","modified_gmt":"2020-09-14T18:55:15","slug":"els-dos-brots-dalzira-amb-6-i-4-casos-i-un-altre-a-algemesi-amb-5-se-sumen-els-456-nous-casos-de-coronavirus-de-lultima-actualitzacio","status":"publish","type":"post","link":"https:\/\/tucomarca.whitekongsoftware.com\/ca\/els-dos-brots-dalzira-amb-6-i-4-casos-i-un-altre-a-algemesi-amb-5-se-sumen-els-456-nous-casos-de-coronavirus-de-lultima-actualitzacio\/","title":{"rendered":"Els dos brots d&#8217;Alzira amb 6 i 4 casos i un altre a Algemes\u00ed amb 5 se sumen els 456 nous casos de coronavirus de l&#8217;\u00faltima actualitzaci\u00f3"},"content":{"rendered":"\n<p class=\"wp-block-paragraph\"><strong>S&#8217;han registrat 69 a Castell\u00f3, 168 a Alacant i 201 a Val\u00e8ncia, a m\u00e9s de 18 sense assignar<\/strong><\/p>\n\n\n\n<p class=\"wp-block-paragraph\">La Comunitat Valenciana ha registrat en l&#8217;\u00faltima jornada 456 nous contagis de coronavirus confirmats per prova PCR, que situen la xifra total de positius en 31.362 persones. Per prov\u00edncies, la distribuci\u00f3 \u00e9s la seg\u00fcent: 69 a Castell\u00f3 (3.424 en total); 168 en la prov\u00edncia d&#8217;Alacant (9.901 en total); i 201 en la prov\u00edncia de Val\u00e8ncia (18.011 en total) . A m\u00e9s, hi ha 18 casos sense assignar, amb la qual cosa l&#8217;acumulat de casos sense assignar ascendix a 26.<\/p>\n\n\n\n<p class=\"wp-block-paragraph\">Des de l&#8217;\u00faltima actualitzaci\u00f3 no s&#8217;ha produ\u00eft cap defunci\u00f3.<\/p>\n\n\n\n<p class=\"wp-block-paragraph\"><strong>Actualitzaci\u00f3 brots de coronavirus<\/strong><\/p>\n\n\n\n<p class=\"wp-block-paragraph\">Nous brots:&nbsp;<\/p>\n\n\n\n<p class=\"wp-block-paragraph\">\u00b7 Val\u00e8ncia: 4 casos. Origen oci-laboral<br>\n\u00b7 Altura: 4 casos. origen social<br>\n\u00b7 Val\u00e8ncia: 3 casos. origen social<br>\n\u00b7 Val\u00e8ncia: 4 casos. origen laboral<br>\n\u00b7 Sant Isidre: 9 casos. origen social<br>\n\u00b7 Elx: 5 casos. origen laboral<br>\n\u00b7 Alzira: 4 casos. origen social<br>\n\u00b7 Aielo de Malferit: 10 casos. origen social<br>\n\u00b7 Aielo de Malferit: 5 casos. origen social<br>\n\u00b7 Algemes\u00ed: 5 casos. origen social<br>\n\u00b7 Orihuela: 4 casos. origen social<br>\n\u00b7 Alzira: 6 casos. origen social<br>\n\u00b7 Catarroja: 5 casos. origen laboral<br>\n\u00b7 Moixent: 5 casos. origen social<\/p>\n","protected":false},"excerpt":{"rendered":"<div class=\"mh-excerpt\">S&#8217;han registrat 69 a Castell\u00f3, 168 a Alacant i 201 a Val\u00e8ncia, a m\u00e9s de 18 sense assignar La Comunitat Valenciana ha registrat en l&#8217;\u00faltima jornada 456 nous contagis de coronavirus confirmats per prova PCR, <a class=\"mh-excerpt-more\" href=\"https:\/\/tucomarca.whitekongsoftware.com\/ca\/els-dos-brots-dalzira-amb-6-i-4-casos-i-un-altre-a-algemesi-amb-5-se-sumen-els-456-nous-casos-de-coronavirus-de-lultima-actualitzacio\/\" title=\"Els dos brots d&#8217;Alzira amb 6 i 4 casos i un altre a Algemes\u00ed amb 5 se sumen els 456 nous casos de coronavirus de l&#8217;\u00faltima actualitzaci\u00f3\">[+] <\/a><\/div>\n","protected":false},"author":12,"featured_media":105232,"comment_status":"open","ping_status":"open","sticky":false,"template":"","format":"standard","meta":{"footnotes":""},"categories":[10983,10889,11010,12202,10898,10948,10894,10904,10902,10896,10897],"tags":[12165,11939,11940,11498,12507],"class_list":["post-113443","post","type-post","status-publish","format-standard","has-post-thumbnail","category-algemesi-ca","category-alzira-cat","category-canal-salud","category-covid-19-ca","category-ventana-ca","category-infraestructuras-ca","category-la-comarca-ca","category-sin-categorizar-ca","category-la-ribera-ca","category-seccion-ca","category-sucesos-la-comarca-ca","tag-conselleria-de-sanitat-ca","tag-coronavirus-ca","tag-covid-19-ca","tag-generalitat-valenciana-ca","tag-pcr-ca"],"_links":{"self":[{"href":"https:\/\/tucomarca.whitekongsoftware.com\/ca\/wp-json\/wp\/v2\/posts\/113443","targetHints":{"allow":["GET"]}}],"collection":[{"href":"https:\/\/tucomarca.whitekongsoftware.com\/ca\/wp-json\/wp\/v2\/posts"}],"about":[{"href":"https:\/\/tucomarca.whitekongsoftware.com\/ca\/wp-json\/wp\/v2\/types\/post"}],"author":[{"embeddable":true,"href":"https:\/\/tucomarca.whitekongsoftware.com\/ca\/wp-json\/wp\/v2\/users\/12"}],"replies":[{"embeddable":true,"href":"https:\/\/tucomarca.whitekongsoftware.com\/ca\/wp-json\/wp\/v2\/comments?post=113443"}],"version-history":[{"count":0,"href":"https:\/\/tucomarca.whitekongsoftware.com\/ca\/wp-json\/wp\/v2\/posts\/113443\/revisions"}],"wp:featuredmedia":[{"embeddable":true,"href":"https:\/\/tucomarca.whitekongsoftware.com\/ca\/wp-json\/wp\/v2\/media\/105232"}],"wp:attachment":[{"href":"https:\/\/tucomarca.whitekongsoftware.com\/ca\/wp-json\/wp\/v2\/media?parent=113443"}],"wp:term":[{"taxonomy":"category","embeddable":true,"href":"https:\/\/tucomarca.whitekongsoftware.com\/ca\/wp-json\/wp\/v2\/categories?post=113443"},{"taxonomy":"post_tag","embeddable":true,"href":"https:\/\/tucomarca.whitekongsoftware.com\/ca\/wp-json\/wp\/v2\/tags?post=113443"}],"curies":[{"name":"wp","href":"https:\/\/api.w.org\/{rel}","templated":true}]}}