{"id":113290,"date":"2020-09-09T22:00:44","date_gmt":"2020-09-09T20:00:44","guid":{"rendered":"http:\/\/www.tucomarca.com\/wordpress\/segunda\/?p=113290"},"modified":"2020-09-10T01:23:00","modified_gmt":"2020-09-09T23:23:00","slug":"el-ple-de-riba-roja-felicita-tres-esportistes-locals-pels-seus-exits-en-les-modalitats-de-pilota-i-gimnastica-ritmica","status":"publish","type":"post","link":"https:\/\/tucomarca.whitekongsoftware.com\/ca\/el-ple-de-riba-roja-felicita-tres-esportistes-locals-pels-seus-exits-en-les-modalitats-de-pilota-i-gimnastica-ritmica\/","title":{"rendered":"El ple de Riba-roja felicita tres esportistes locals pels seus \u00e8xits en les modalitats de pilota i gimn\u00e0stica r\u00edtmica"},"content":{"rendered":"\n<p class=\"wp-block-paragraph\"><strong>Reconeixement per a Mario Casades, Javier Soriano i Mireia Mart\u00ednez<\/strong><\/p>\n\n\n\n<ul class=\"wp-block-gallery columns-2 is-cropped wp-block-gallery-1 is-layout-flex wp-block-gallery-is-layout-flex\"><li class=\"blocks-gallery-item\"><figure><img loading=\"lazy\" decoding=\"async\" width=\"787\" height=\"787\" src=\"http:\/\/www.tucomarca.com\/wordpress\/segunda\/wp-content\/uploads\/2020\/09\/MarioCasades.jpg\" alt=\"\" data-id=\"113287\" data-link=\"http:\/\/www.tucomarca.com\/wordpress\/segunda\/ca\/?attachment_id=113287\" class=\"wp-image-113287\" srcset=\"https:\/\/tucomarca.whitekongsoftware.com\/wp-content\/uploads\/2020\/09\/MarioCasades.jpg 787w, https:\/\/tucomarca.whitekongsoftware.com\/wp-content\/uploads\/2020\/09\/MarioCasades-290x290.jpg 290w, https:\/\/tucomarca.whitekongsoftware.com\/wp-content\/uploads\/2020\/09\/MarioCasades-300x300.jpg 300w, https:\/\/tucomarca.whitekongsoftware.com\/wp-content\/uploads\/2020\/09\/MarioCasades-768x768.jpg 768w\" sizes=\"auto, (max-width: 787px) 100vw, 787px\" \/><\/figure><\/li><li class=\"blocks-gallery-item\"><figure><img loading=\"lazy\" decoding=\"async\" width=\"787\" height=\"787\" src=\"http:\/\/www.tucomarca.com\/wordpress\/segunda\/wp-content\/uploads\/2020\/09\/JavierSoriano.jpg\" alt=\"\" data-id=\"113289\" data-link=\"http:\/\/www.tucomarca.com\/wordpress\/segunda\/ca\/?attachment_id=113289\" class=\"wp-image-113289\" srcset=\"https:\/\/tucomarca.whitekongsoftware.com\/wp-content\/uploads\/2020\/09\/JavierSoriano.jpg 787w, https:\/\/tucomarca.whitekongsoftware.com\/wp-content\/uploads\/2020\/09\/JavierSoriano-290x290.jpg 290w, https:\/\/tucomarca.whitekongsoftware.com\/wp-content\/uploads\/2020\/09\/JavierSoriano-300x300.jpg 300w, https:\/\/tucomarca.whitekongsoftware.com\/wp-content\/uploads\/2020\/09\/JavierSoriano-768x768.jpg 768w\" sizes=\"auto, (max-width: 787px) 100vw, 787px\" \/><\/figure><\/li><\/ul>\n\n\n\n<p class=\"wp-block-paragraph\">El ple de l&#8217;Ajuntament de Riba-roja de T\u00faria ha aprovat per unanimitat de tots els seus grups pol\u00edtics una felicitaci\u00f3 a tres esportistes locals pels seus \u00e8xits collits aquest estiu en les seues respectives modalitats. Es tracta dels jugadors de pilota valenciana Mario Casades Tortajada, Javier Soriano Tom\u00e1s &#8220;Sorianet&#8221; i, finalment, la gimnasta r\u00edtmica Mireia Mart\u00ednez L\u00f3pez.<\/p>\n\n\n\n<p class=\"wp-block-paragraph\">L&#8217;acord plenari va comptar amb el suport de tots els grups pol\u00edtics amb representaci\u00f3 en el m\u00e0xim \u00f2rgan municipal format pel PSPV, el Partit Popular, Ciutadans, Comprom\u00eds, Esquerra Unida, Podem i Vox. En l&#8217;escrit avalen l&#8217;esmentat reconeixement p\u00fablic a partir dels \u00e8xits i l&#8217;esfor\u00e7 que tots tres han realitzat durant els \u00faltims temps.<\/p>\n\n\n\n<p class=\"wp-block-paragraph\">En concret, es tracta de Mario Casades Tortajada que el passat 10 d&#8217;agost es va proclamar campi\u00f3 de la Lliga 2 Caixa Popular d&#8217;Escala i Corda en Trinquet de Massalfassar costat d&#8217;altres dos companys. Per la seva banda, Javier Soriano Tom\u00e1s &#8220;Sorianet&#8221; es va proclamar campi\u00f3, el passat 5 d&#8217;agost, de la VI Lliga Promeses d&#8217;Escala i Corda al costat d&#8217;altres companys d&#8217;altres localitats, en una cita que tamb\u00e9 va tenir lloc al Trinquet de Massalfassar .<\/p>\n\n\n\n<p class=\"wp-block-paragraph\">El ple de Riba-roja de T\u00faria tamb\u00e9 va tenir el seu reconeixement per Mireia Mart\u00ednez L\u00f3pez, que ha estat seleccionada per formar part de l&#8217;equip nacional de conjunts en l&#8217;equip s\u00e8nior per a la temporada 2020-2021 i que s&#8217;incorporar\u00e0 a la concentraci\u00f3 permanent interna al centre d&#8217;Alt Rendiment (CAR) de Madrid, pel seu esfor\u00e7 i dedicaci\u00f3 en aquesta modalitat esportiva.<\/p>\n\n\n\n<p class=\"wp-block-paragraph\">El text de la proposta plen\u00e0ria assenyala que els \u00e8xits individuals &#8220;tenen un component de satisfacci\u00f3 i orgull a nivell individual, per\u00f2 tamb\u00e9 reflecteixen el treball, la dedicaci\u00f3 i la const\u00e0ncia dels clubs del nostre municipi que s\u00f3n l&#8217;exponent visible d&#8217;l&#8217;entramat esportiu; el nom de Riba-rojia de T\u00faria arriba als nivells de promoci\u00f3 i reconeixement de la qual ens sentim orgullosos i part\u00edcips &#8220;.<\/p>\n\n\n\n<p class=\"wp-block-paragraph\">El ple s&#8217;est\u00e9n, aix\u00ed mateix, les felicitacions a el club de Pilota Riba-roja i a el club Gimn\u00e0stica R\u00edtmica Riba-roja per la seua participaci\u00f3 amb notable \u00e8xit en la formaci\u00f3 i el desenvolupament dels esportistes esmentats a la proposta plen\u00e0ria.<\/p>\n\n\n\n<p class=\"wp-block-paragraph\">L&#8217;alcalde de Riba-roja de T\u00faria, Robert Raga, ha subratllat &#8220;els \u00e8xits que estan aconseguint els esportistes del nostre municipi en els \u00faltims temps i que avalen l&#8217;esfor\u00e7 que des dels clubs i amb el suport de l&#8217;ajuntament s&#8217;est\u00e0 realitzant en favor de la promoci\u00f3 dels valors que desprenen, com l&#8217;esfor\u00e7, la dedicaci\u00f3 i la tasca com els factors que condueixen a l&#8217;\u00e8xit; no nom\u00e9s \u00e9s important seus \u00e8xits esportius sin\u00f3 que, a m\u00e9s, permet la promoci\u00f3 dels valors personals que serviran per al futur en la vida &#8220;.<\/p>\n","protected":false},"excerpt":{"rendered":"<div class=\"mh-excerpt\">Reconeixement per a Mario Casades, Javier Soriano i Mireia Mart\u00ednez El ple de l&#8217;Ajuntament de Riba-roja de T\u00faria ha aprovat per unanimitat de tots els seus grups pol\u00edtics una felicitaci\u00f3 a tres esportistes locals pels <a class=\"mh-excerpt-more\" href=\"https:\/\/tucomarca.whitekongsoftware.com\/ca\/el-ple-de-riba-roja-felicita-tres-esportistes-locals-pels-seus-exits-en-les-modalitats-de-pilota-i-gimnastica-ritmica\/\" title=\"El ple de Riba-roja felicita tres esportistes locals pels seus \u00e8xits en les modalitats de pilota i gimn\u00e0stica r\u00edtmica\">[+] <\/a><\/div>\n","protected":false},"author":12,"featured_media":113285,"comment_status":"open","ping_status":"open","sticky":false,"template":"","format":"standard","meta":{"footnotes":""},"categories":[10892,11003,10894,11009,10906,10896],"tags":[10631,10395],"class_list":["post-113290","post","type-post","status-publish","format-standard","has-post-thumbnail","category-camp-de-turia-ca","category-sports","category-la-comarca-ca","category-polideportivo-ca","category-riba-roja-ca","category-seccion-ca","tag-ajuntament-de-riba-roja","tag-camp-de-turia"],"_links":{"self":[{"href":"https:\/\/tucomarca.whitekongsoftware.com\/ca\/wp-json\/wp\/v2\/posts\/113290","targetHints":{"allow":["GET"]}}],"collection":[{"href":"https:\/\/tucomarca.whitekongsoftware.com\/ca\/wp-json\/wp\/v2\/posts"}],"about":[{"href":"https:\/\/tucomarca.whitekongsoftware.com\/ca\/wp-json\/wp\/v2\/types\/post"}],"author":[{"embeddable":true,"href":"https:\/\/tucomarca.whitekongsoftware.com\/ca\/wp-json\/wp\/v2\/users\/12"}],"replies":[{"embeddable":true,"href":"https:\/\/tucomarca.whitekongsoftware.com\/ca\/wp-json\/wp\/v2\/comments?post=113290"}],"version-history":[{"count":0,"href":"https:\/\/tucomarca.whitekongsoftware.com\/ca\/wp-json\/wp\/v2\/posts\/113290\/revisions"}],"wp:featuredmedia":[{"embeddable":true,"href":"https:\/\/tucomarca.whitekongsoftware.com\/ca\/wp-json\/wp\/v2\/media\/113285"}],"wp:attachment":[{"href":"https:\/\/tucomarca.whitekongsoftware.com\/ca\/wp-json\/wp\/v2\/media?parent=113290"}],"wp:term":[{"taxonomy":"category","embeddable":true,"href":"https:\/\/tucomarca.whitekongsoftware.com\/ca\/wp-json\/wp\/v2\/categories?post=113290"},{"taxonomy":"post_tag","embeddable":true,"href":"https:\/\/tucomarca.whitekongsoftware.com\/ca\/wp-json\/wp\/v2\/tags?post=113290"}],"curies":[{"name":"wp","href":"https:\/\/api.w.org\/{rel}","templated":true}]}}