{"id":113174,"date":"2020-09-08T01:14:09","date_gmt":"2020-09-07T23:14:09","guid":{"rendered":"http:\/\/www.tucomarca.com\/wordpress\/segunda\/?p=113174"},"modified":"2020-09-08T01:14:13","modified_gmt":"2020-09-07T23:14:13","slug":"lliria-betera-utiel-i-benaguasil-se-sumen-amb-5-3-3-i-3-casos-respectivament-als-nous-brots-des-de-lultima-actualitzacio","status":"publish","type":"post","link":"https:\/\/tucomarca.whitekongsoftware.com\/ca\/lliria-betera-utiel-i-benaguasil-se-sumen-amb-5-3-3-i-3-casos-respectivament-als-nous-brots-des-de-lultima-actualitzacio\/","title":{"rendered":"Ll\u00edria, B\u00e9tera, Utiel i Benaguasil se sumen amb 5, 3, 3 i 3 casos, respectivament, als nous brots des de l&#8217;\u00faltima actualitzaci\u00f3"},"content":{"rendered":"\n<p class=\"wp-block-paragraph\"><strong class=\"\">Per prov\u00edncies, la distribuci\u00f3 \u00e9s la seg\u00fcent: 27 a Castell\u00f3; 135 en la prov\u00edncia d&#8217;Alacant i 340 en la prov\u00edncia de Val\u00e8ncia<\/strong><\/p>\n\n\n\n<p class=\"wp-block-paragraph\"><strong class=\"\">El nombre de persones curades des que va comen\u00e7ar la pand\u00e8mia ascendix a 29.397<\/strong><\/p>\n\n\n\n<p class=\"wp-block-paragraph\">La Comunitat Valenciana ha registrat des de l&#8217;\u00faltima actualitzaci\u00f3 502 nous contagis de coronavirus confirmats per prova PCR, que situen la xifra total de positius en 27.878 persones. Per prov\u00edncies, la distribuci\u00f3 \u00e9s la seg\u00fcent: 27 a Castell\u00f3 (2.951 en total); 135 a la prov\u00edncia d&#8217;Alacant (8.720 en total); i 340 a la prov\u00edncia de Val\u00e8ncia (16.200 en total). A m\u00e9s, hi ha 7 casos sense assignar.<\/p>\n\n\n\n<p class=\"wp-block-paragraph\">D&#8217;altra banda, s&#8217;han donat 1.279 altes a pacients amb coronavirus, de manera que el total de persones curades des de l&#8217;inici de la pand\u00e8mia se situa en 29.397: 3.536 a Castell\u00f3, 9.094 a Alacant i 16.687 a Val\u00e8ncia. A m\u00e9s, hi ha 80 altes no assignades.<\/p>\n\n\n\n<p class=\"wp-block-paragraph\">Els hospitals valencians tenen, actualment, 453 persones ingressades: 55 a la prov\u00edncia de Castell\u00f3, amb 7 pacients en UCI; 138 a la prov\u00edncia d&#8217;Alacant, 31 d&#8217;ells a l&#8217;UCI; i 260 a la prov\u00edncia de Val\u00e8ncia, 34 d&#8217;ells en UCI.<\/p>\n\n\n\n<p class=\"wp-block-paragraph\">D&#8217;aquesta manera, a hores d&#8217;ara hi ha actius 5.731 casos, fet que suposa un 15.63% de l&#8217;total de positius.<br>\nD&#8217;altra banda, s&#8217;han registrat 7 morts per coronavirus des de l&#8217;\u00faltima actualitzaci\u00f3, de manera que el total de defuncions \u00e9s de 1.536 persones: 229 a la prov\u00edncia de Castell\u00f3, 528 a la d&#8217;Alacant i 779 a la de Val\u00e8ncia.<\/p>\n\n\n\n<p class=\"wp-block-paragraph\">El nombre total de proves dutes a terme per a la detecci\u00f3 de l&#8217;coronavirus ascendeix a 890.208, de les quals 746.532 han estat a trav\u00e9s de PCR i 143.676 mitjan\u00e7ant test r\u00e0pid.<\/p>\n\n\n\n<p class=\"wp-block-paragraph\"><strong>Actualitzaci\u00f3 de la situaci\u00f3 en resid\u00e8ncies<\/strong><\/p>\n\n\n\n<p class=\"wp-block-paragraph\">A dia d&#8217;avui, hi ha algun cas positiu en 45 resid\u00e8ncies de majors (4 a la prov\u00edncia de Castell\u00f3, 16 a la prov\u00edncia d&#8217;Alacant i 25 a la prov\u00edncia de Val\u00e8ncia), 6 centres de persones amb diversitat funcional (2 a la prov\u00edncia de Castell\u00f3, 1 a la d&#8217;Alacant i 3 a la de Val\u00e8ncia) i 4 centres de menors (1 a la prov\u00edncia de Castell\u00f3, 2 a la prov\u00edncia d&#8217;Alacant i 1 a la prov\u00edncia de Val\u00e8ncia).<\/p>\n\n\n\n<ul class=\"wp-block-list\"><li>Residents nous positius: 58<\/li><li>Treballadors i treballadores nous positius: 18<\/li><li>Residents morts: 0<\/li><\/ul>\n\n\n\n<p class=\"wp-block-paragraph\">Actualment, es troben sota vigil\u00e0ncia activa de control sanitari 8 resid\u00e8ncies a la Comunitat Valenciana: 1 a la prov\u00edncia de Castell\u00f3, 2 a la prov\u00edncia d&#8217;Alacant i 5 a la prov\u00edncia de Val\u00e8ncia.<\/p>\n\n\n\n<p class=\"wp-block-paragraph\"><strong>Actualitzaci\u00f3 brots de coronavirus<\/strong><\/p>\n\n\n\n<p class=\"wp-block-paragraph\">Nous brots:<\/p>\n\n\n\n<ul class=\"wp-block-list\"><li>Burjassot: 4 casos. origen social<\/li><li>Val\u00e8ncia: 4 casos. origen social<\/li><li>Val\u00e8ncia: 6 casos. origen laboral<\/li><li>Val\u00e8ncia: 3 casos. origen social<\/li><li>Sagunt: 4 casos. origen social<\/li><li>Oriola: 5 casos. origen social<\/li><li>Val\u00e8ncia: 8 casos. origen social<\/li><li>Val\u00e8ncia: 3 casos. origen social<\/li><li>Val\u00e8ncia: 4 casos. origen social<\/li><li>Val\u00e8ncia: 3 casos. origen social<\/li><li>Benicarl\u00f3: 8 casos. Origen social.<\/li><li>Pen\u00edscola: 5 casos. Origen social.<\/li><li>Villena: 5 casos. Origen social.<\/li><li>Benicarl\u00f3: 4 casos. Origen social.<\/li><li>B\u00e9tera: 3 casos. Origen social.<\/li><li>Val\u00e8ncia: 3 casos. origen social<\/li><li>Paterna: 7 casos. origen social<\/li><li>El Pin\u00f3s: 3 casos. origen social<\/li><li>Val\u00e8ncia: 9 casos. origen social<\/li><li>Val\u00e8ncia: 3 casos. origen social<\/li><li>Benaguasil: 3 casos. origen social<\/li><li>Ll\u00edria: 5 casos. origen social<\/li><li>Torrevella: 3 casos. origen laboral<\/li><li>Gandia: 4 casos. origen social<\/li><li>Val\u00e8ncia: 4 casos. origen social<\/li><li>Val\u00e8ncia: 5 casos. origen social<\/li><li>Val\u00e8ncia: 3 casos. origen social<\/li><li>Val\u00e8ncia: 3 casos. origen social<\/li><li>Utiel: 3 casos. origen social<\/li><li>Val\u00e8ncia: 3 casos. origen social<\/li><li>Oliva: 6 casos. origen laboral<\/li><li>Paterna: 4 casos. origen social<\/li><li>Gandia: 3 casos. origen social<\/li><\/ul>\n\n\n\n<p class=\"wp-block-paragraph\">Reunions peri\u00f2diques de revisi\u00f3 de dades epidemiol\u00f2giques<\/p>\n\n\n\n<p class=\"wp-block-paragraph\">La consellera ha iniciat aquest dilluns, per videoconfer\u00e8ncia, una s\u00e8rie de reunions peri\u00f2diques amb representants dels municipis de les tres prov\u00edncies en funci\u00f3 de l&#8217;evoluci\u00f3 de la pand\u00e8mia.<\/p>\n\n\n\n<p class=\"wp-block-paragraph\">Aix\u00ed, ha comen\u00e7at amb municipis de Castell\u00f3 i Alacant, amb l&#8217;objectiu de compartir la valoraci\u00f3 de les dades epidemiol\u00f2giques que efectua Salut P\u00fablica i, des d&#8217;aquesta visi\u00f3 t\u00e8cnica, sol\u00b7licitar la col\u00b7laboraci\u00f3 dels ajuntaments a l&#8217;hora de l&#8217;adopci\u00f3 de mesures, presents i futures, per tallar la transmissi\u00f3 i protegir la salut de ve\u00efns i ve\u00efnes.<\/p>\n","protected":false},"excerpt":{"rendered":"<div class=\"mh-excerpt\">Per prov\u00edncies, la distribuci\u00f3 \u00e9s la seg\u00fcent: 27 a Castell\u00f3; 135 en la prov\u00edncia d&#8217;Alacant i 340 en la prov\u00edncia de Val\u00e8ncia El nombre de persones curades des que va comen\u00e7ar la pand\u00e8mia ascendix a <a class=\"mh-excerpt-more\" href=\"https:\/\/tucomarca.whitekongsoftware.com\/ca\/lliria-betera-utiel-i-benaguasil-se-sumen-amb-5-3-3-i-3-casos-respectivament-als-nous-brots-des-de-lultima-actualitzacio\/\" title=\"Ll\u00edria, B\u00e9tera, Utiel i Benaguasil se sumen amb 5, 3, 3 i 3 casos, respectivament, als nous brots des de l&#8217;\u00faltima actualitzaci\u00f3\">[+] <\/a><\/div>\n","protected":false},"author":12,"featured_media":113173,"comment_status":"open","ping_status":"open","sticky":false,"template":"","format":"standard","meta":{"footnotes":""},"categories":[10952,10937,10892,11010,12202,10898,10948,10894,10904,10928,10947,10909,10896,10897,11059],"tags":[12165,11939,11940],"class_list":["post-113174","post","type-post","status-publish","format-standard","has-post-thumbnail","category-benaguasil-ca","category-betera-ca","category-camp-de-turia-ca","category-canal-salud","category-covid-19-ca","category-ventana-ca","category-infraestructuras-ca","category-la-comarca-ca","category-sin-categorizar-ca","category-lliria-ca","category-politica","category-requena-utiel-ca","category-seccion-ca","category-sucesos-la-comarca-ca","category-utiel-ca","tag-conselleria-de-sanitat-ca","tag-coronavirus-ca","tag-covid-19-ca"],"_links":{"self":[{"href":"https:\/\/tucomarca.whitekongsoftware.com\/ca\/wp-json\/wp\/v2\/posts\/113174","targetHints":{"allow":["GET"]}}],"collection":[{"href":"https:\/\/tucomarca.whitekongsoftware.com\/ca\/wp-json\/wp\/v2\/posts"}],"about":[{"href":"https:\/\/tucomarca.whitekongsoftware.com\/ca\/wp-json\/wp\/v2\/types\/post"}],"author":[{"embeddable":true,"href":"https:\/\/tucomarca.whitekongsoftware.com\/ca\/wp-json\/wp\/v2\/users\/12"}],"replies":[{"embeddable":true,"href":"https:\/\/tucomarca.whitekongsoftware.com\/ca\/wp-json\/wp\/v2\/comments?post=113174"}],"version-history":[{"count":0,"href":"https:\/\/tucomarca.whitekongsoftware.com\/ca\/wp-json\/wp\/v2\/posts\/113174\/revisions"}],"wp:featuredmedia":[{"embeddable":true,"href":"https:\/\/tucomarca.whitekongsoftware.com\/ca\/wp-json\/wp\/v2\/media\/113173"}],"wp:attachment":[{"href":"https:\/\/tucomarca.whitekongsoftware.com\/ca\/wp-json\/wp\/v2\/media?parent=113174"}],"wp:term":[{"taxonomy":"category","embeddable":true,"href":"https:\/\/tucomarca.whitekongsoftware.com\/ca\/wp-json\/wp\/v2\/categories?post=113174"},{"taxonomy":"post_tag","embeddable":true,"href":"https:\/\/tucomarca.whitekongsoftware.com\/ca\/wp-json\/wp\/v2\/tags?post=113174"}],"curies":[{"name":"wp","href":"https:\/\/api.w.org\/{rel}","templated":true}]}}