{"id":113027,"date":"2020-09-04T15:00:00","date_gmt":"2020-09-04T13:00:00","guid":{"rendered":"http:\/\/www.tucomarca.com\/wordpress\/segunda\/?p=113027"},"modified":"2020-09-04T21:05:28","modified_gmt":"2020-09-04T19:05:28","slug":"tot-a-punt-a-xest-per-al-curs-escolar","status":"publish","type":"post","link":"https:\/\/tucomarca.whitekongsoftware.com\/ca\/tot-a-punt-a-xest-per-al-curs-escolar\/","title":{"rendered":"Tot a punt a Xest per al curs escolar"},"content":{"rendered":"\n<p class=\"wp-block-paragraph\"><strong>Les regidories d&#8217;Educaci\u00f3, Servicis i Parcs i Jardins s&#8217;han coordinat per a donar resposta a les necessitats dels centres educatius p\u00fablics de Cheste i als requeriments dels plans de conting\u00e8ncia abans de l&#8217;inici de curs<\/strong><\/p>\n\n\n\n<p class=\"wp-block-paragraph\">Durant l&#8217;\u00faltima quinzena d&#8217;agost, des de les regidories d&#8217;Educaci\u00f3, Serveis i Parcs i Jardins, s&#8217;han realitzat tasques d&#8217;adequaci\u00f3 i reparaci\u00f3 dels centres d&#8217;educaci\u00f3 infantil i prim\u00e0ria p\u00fablics de la localitat, amb la finalitat de dur a terme la posada a punt necess\u00e0ria per comen\u00e7ar el curs en les millors condicions.<\/p>\n\n\n\n<p class=\"wp-block-paragraph\">La brigada ha treballat intensament per netejar exhaustivament totes les instal\u00b7lacions, desinfectar zones comunes i arreglar desperfectes. A m\u00e9s, els operatius han desenvolupat tasques de lampisteria, pintura i obra i s&#8217;han instal\u00b7lat senyal\u00edstiques per complir amb els plans de conting\u00e8ncia de cada centre. D&#8217;altra banda, s&#8217;han podat els arbres dels col\u00b7legis, realitzant en alguns casos poda en al\u00e7ada, i s&#8217;han netejat les zones enjardinades.<\/p>\n\n\n\n<p class=\"wp-block-paragraph\">&#8220;Hem mantingut una coordinaci\u00f3 permanent per garantir la posada a punt dels centres educatius abans que s&#8217;inici\u00e9s el curs per garantir les mesures higienicosanit\u00e0ries que es requerien&#8221;, han coincidit a destacar M\u00aa \u00c1ngeles Llorente, Jos\u00e9 Vicente Guijarro i David Pujals, regidors responsables de les \u00e0rees d&#8217;Educaci\u00f3, Serveis i Parcs i Jardins, respectivament.<\/p>\n\n\n\n<p class=\"wp-block-paragraph\"><strong>Reparacions<\/strong><\/p>\n\n\n\n<p class=\"wp-block-paragraph\">Entre altres actuacions, en el CEIP Ana Lluch s&#8217;ha tirat un barandat, s&#8217;han arreglat els taulells i s&#8217;han reparat els patis; en el CEIP Vicente Blasco Ib\u00e1\u00f1ez s&#8217;ha condicionat la zona de l&#8217;hort per a disposar d&#8217;una zona d&#8217;ombra en els moments d&#8217;entrades i eixides del centre i en el CEIP Francisco Giner dels Rius s&#8217;han reparat taulellets i persianes i s&#8217;han reinstal\u00b7lat els calefactors que s&#8217;havien soltat de la paret.<\/p>\n\n\n\n<p class=\"wp-block-paragraph\">A m\u00e9s de la neteja i desinfecci\u00f3 general, en tots els centres s&#8217;han revisat les persianes i s&#8217;han arreglat les que estaven trencades; s&#8217;ha procedit igual amb penjadors, radiadors i rajoles solts. De la mateixa manera, s&#8217;ha intervingut en els lavabos que tenien aixetes en mal estat o p\u00e8rdues d&#8217;aigua en v\u00e0ters o lavabos.<\/p>\n\n\n\n<p class=\"wp-block-paragraph\"><strong>Servei de neteja<\/strong><\/p>\n\n\n\n<p class=\"wp-block-paragraph\">Mitjan\u00e7ant el Pla Reactiva Xest de mesures per afrontar els efectes de la pand\u00e8mia COVID-19 a la poblaci\u00f3, l&#8217;Ajuntament ha contractat tres netejadores que treballaran en cada centre p\u00fablic durant la jornada lectiva, de manera que es refor\u00e7a el servei de neteja habitual dels centres educatius, que fins al moment executava el seu treball quan les aules estaven lliures d&#8217;alumnat.<\/p>\n\n\n\n<ul class=\"wp-block-gallery columns-2 is-cropped wp-block-gallery-1 is-layout-flex wp-block-gallery-is-layout-flex\"><li class=\"blocks-gallery-item\"><figure><img loading=\"lazy\" decoding=\"async\" width=\"787\" height=\"591\" src=\"http:\/\/www.tucomarca.com\/wordpress\/segunda\/wp-content\/uploads\/2020\/09\/01colesCheste.jpg\" alt=\"\" data-id=\"113019\" data-link=\"http:\/\/www.tucomarca.com\/wordpress\/segunda\/?attachment_id=113019\" class=\"wp-image-113019\" srcset=\"https:\/\/tucomarca.whitekongsoftware.com\/wp-content\/uploads\/2020\/09\/01colesCheste.jpg 787w, https:\/\/tucomarca.whitekongsoftware.com\/wp-content\/uploads\/2020\/09\/01colesCheste-300x225.jpg 300w, https:\/\/tucomarca.whitekongsoftware.com\/wp-content\/uploads\/2020\/09\/01colesCheste-768x577.jpg 768w, https:\/\/tucomarca.whitekongsoftware.com\/wp-content\/uploads\/2020\/09\/01colesCheste-678x509.jpg 678w, https:\/\/tucomarca.whitekongsoftware.com\/wp-content\/uploads\/2020\/09\/01colesCheste-326x245.jpg 326w, https:\/\/tucomarca.whitekongsoftware.com\/wp-content\/uploads\/2020\/09\/01colesCheste-80x60.jpg 80w\" sizes=\"auto, (max-width: 787px) 100vw, 787px\" \/><\/figure><\/li><li class=\"blocks-gallery-item\"><figure><img loading=\"lazy\" decoding=\"async\" width=\"787\" height=\"444\" src=\"http:\/\/www.tucomarca.com\/wordpress\/segunda\/wp-content\/uploads\/2020\/09\/03colesCheste.jpg\" alt=\"\" data-id=\"113023\" data-link=\"http:\/\/www.tucomarca.com\/wordpress\/segunda\/?attachment_id=113023\" class=\"wp-image-113023\" srcset=\"https:\/\/tucomarca.whitekongsoftware.com\/wp-content\/uploads\/2020\/09\/03colesCheste.jpg 787w, https:\/\/tucomarca.whitekongsoftware.com\/wp-content\/uploads\/2020\/09\/03colesCheste-300x169.jpg 300w, https:\/\/tucomarca.whitekongsoftware.com\/wp-content\/uploads\/2020\/09\/03colesCheste-768x433.jpg 768w\" sizes=\"auto, (max-width: 787px) 100vw, 787px\" \/><\/figure><\/li><li class=\"blocks-gallery-item\"><figure><img loading=\"lazy\" decoding=\"async\" width=\"787\" height=\"591\" src=\"http:\/\/www.tucomarca.com\/wordpress\/segunda\/wp-content\/uploads\/2020\/09\/04colesCheste.jpg\" alt=\"\" data-id=\"113025\" data-link=\"http:\/\/www.tucomarca.com\/wordpress\/segunda\/?attachment_id=113025\" class=\"wp-image-113025\" srcset=\"https:\/\/tucomarca.whitekongsoftware.com\/wp-content\/uploads\/2020\/09\/04colesCheste.jpg 787w, https:\/\/tucomarca.whitekongsoftware.com\/wp-content\/uploads\/2020\/09\/04colesCheste-300x225.jpg 300w, https:\/\/tucomarca.whitekongsoftware.com\/wp-content\/uploads\/2020\/09\/04colesCheste-768x577.jpg 768w, https:\/\/tucomarca.whitekongsoftware.com\/wp-content\/uploads\/2020\/09\/04colesCheste-678x509.jpg 678w, https:\/\/tucomarca.whitekongsoftware.com\/wp-content\/uploads\/2020\/09\/04colesCheste-326x245.jpg 326w, https:\/\/tucomarca.whitekongsoftware.com\/wp-content\/uploads\/2020\/09\/04colesCheste-80x60.jpg 80w\" sizes=\"auto, (max-width: 787px) 100vw, 787px\" \/><\/figure><\/li><li class=\"blocks-gallery-item\"><figure><img loading=\"lazy\" decoding=\"async\" width=\"787\" height=\"363\" src=\"http:\/\/www.tucomarca.com\/wordpress\/segunda\/wp-content\/uploads\/2020\/09\/02colesCheste.jpg\" alt=\"\" data-id=\"113021\" data-link=\"http:\/\/www.tucomarca.com\/wordpress\/segunda\/?attachment_id=113021\" class=\"wp-image-113021\" srcset=\"https:\/\/tucomarca.whitekongsoftware.com\/wp-content\/uploads\/2020\/09\/02colesCheste.jpg 787w, https:\/\/tucomarca.whitekongsoftware.com\/wp-content\/uploads\/2020\/09\/02colesCheste-300x138.jpg 300w, https:\/\/tucomarca.whitekongsoftware.com\/wp-content\/uploads\/2020\/09\/02colesCheste-768x354.jpg 768w\" sizes=\"auto, (max-width: 787px) 100vw, 787px\" \/><\/figure><\/li><\/ul>\n","protected":false},"excerpt":{"rendered":"<div class=\"mh-excerpt\">Les regidories d&#8217;Educaci\u00f3, Servicis i Parcs i Jardins s&#8217;han coordinat per a donar resposta a les necessitats dels centres educatius p\u00fablics de Cheste i als requeriments dels plans de conting\u00e8ncia abans de l&#8217;inici de curs <a class=\"mh-excerpt-more\" href=\"https:\/\/tucomarca.whitekongsoftware.com\/ca\/tot-a-punt-a-xest-per-al-curs-escolar\/\" title=\"Tot a punt a Xest per al curs escolar\">[+] <\/a><\/div>\n","protected":false},"author":12,"featured_media":113022,"comment_status":"open","ping_status":"open","sticky":false,"template":"","format":"standard","meta":{"footnotes":""},"categories":[11010,12202,10948,10894,10912,10947,10896,10897,10974],"tags":[11222,11939,11940,10914,12518],"class_list":["post-113027","post","type-post","status-publish","format-standard","has-post-thumbnail","category-canal-salud","category-covid-19-ca","category-infraestructuras-ca","category-la-comarca-ca","category-la-hoya-ca","category-politica","category-seccion-ca","category-sucesos-la-comarca-ca","category-cheste-ca","tag-ayuntamiento-de-cheste-ca","tag-coronavirus-ca","tag-covid-19-ca","tag-la-hoya-de-bunol-chiva-ca","tag-vuelta-al-cole-ca"],"_links":{"self":[{"href":"https:\/\/tucomarca.whitekongsoftware.com\/ca\/wp-json\/wp\/v2\/posts\/113027","targetHints":{"allow":["GET"]}}],"collection":[{"href":"https:\/\/tucomarca.whitekongsoftware.com\/ca\/wp-json\/wp\/v2\/posts"}],"about":[{"href":"https:\/\/tucomarca.whitekongsoftware.com\/ca\/wp-json\/wp\/v2\/types\/post"}],"author":[{"embeddable":true,"href":"https:\/\/tucomarca.whitekongsoftware.com\/ca\/wp-json\/wp\/v2\/users\/12"}],"replies":[{"embeddable":true,"href":"https:\/\/tucomarca.whitekongsoftware.com\/ca\/wp-json\/wp\/v2\/comments?post=113027"}],"version-history":[{"count":0,"href":"https:\/\/tucomarca.whitekongsoftware.com\/ca\/wp-json\/wp\/v2\/posts\/113027\/revisions"}],"wp:featuredmedia":[{"embeddable":true,"href":"https:\/\/tucomarca.whitekongsoftware.com\/ca\/wp-json\/wp\/v2\/media\/113022"}],"wp:attachment":[{"href":"https:\/\/tucomarca.whitekongsoftware.com\/ca\/wp-json\/wp\/v2\/media?parent=113027"}],"wp:term":[{"taxonomy":"category","embeddable":true,"href":"https:\/\/tucomarca.whitekongsoftware.com\/ca\/wp-json\/wp\/v2\/categories?post=113027"},{"taxonomy":"post_tag","embeddable":true,"href":"https:\/\/tucomarca.whitekongsoftware.com\/ca\/wp-json\/wp\/v2\/tags?post=113027"}],"curies":[{"name":"wp","href":"https:\/\/api.w.org\/{rel}","templated":true}]}}