{"id":112978,"date":"2020-09-03T17:00:27","date_gmt":"2020-09-03T15:00:27","guid":{"rendered":"http:\/\/www.tucomarca.com\/wordpress\/segunda\/?p=112978"},"modified":"2020-09-03T21:31:31","modified_gmt":"2020-09-03T19:31:31","slug":"la-conselleria-de-politica-territorial-presenta-el-pla-daccio-territorial-de-la-comarca-del-raco-dademuz","status":"publish","type":"post","link":"https:\/\/tucomarca.whitekongsoftware.com\/ca\/la-conselleria-de-politica-territorial-presenta-el-pla-daccio-territorial-de-la-comarca-del-raco-dademuz\/","title":{"rendered":"La Conselleria de Pol\u00edtica Territorial presenta el Pla d&#8217;Acci\u00f3 Territorial de la comarca del Rac\u00f3 d&#8217;Ademuz"},"content":{"rendered":"\n<p class=\"wp-block-paragraph\">La Conselleria de Pol\u00edtica Territorial, Obres P\u00fabliques i Mobilitat ha presentat el Pla d&#8217;Acci\u00f3 Territorial (PAT) de la comarca del Rac\u00f3 d&#8217;Adem\u00fas, com un &#8220;instrument d&#8217;ordenaci\u00f3 estructural integral que fomenta la infraestructura verda i la protecci\u00f3 del territori, potenciant el desenvolupament econ\u00f2mic entre municipis, a m\u00e9s de permetre tenir una ordenaci\u00f3 del territori m\u00e9s resilient i preparat per lluitar contra el canvi clim\u00e0tic &#8220;, ha destacat el titular del departament, Arcadi Espanya.<\/p>\n\n\n\n<p class=\"wp-block-paragraph\">En una reuni\u00f3 mantinguda entre representants de la Conselleria amb alcaldes i alcaldesses de l&#8217;Rac\u00f3 \u200b\u200bd&#8217;Adem\u00fas i amb representants de la Diputaci\u00f3 de Val\u00e8ncia, s&#8217;ha informat que, a trav\u00e9s d&#8217;aquesta iniciativa, la Generalitat dota els municipis d&#8217;un instrument d&#8217;ordenaci\u00f3 territorial integral a escala supramunicipal, que contempla els plans generals estructurals dels municipis d&#8217;Adem\u00fas, Cases Altes, Cases Baixes, la Pobla de Sant Miquel, Vallada, Castielfabib i Torrebaja.<\/p>\n\n\n\n<p class=\"wp-block-paragraph\">Segons ha explicat la secret\u00e0ria auton\u00f2mica de Pol\u00edtica Territorial, Urbanisme i Paisatge, Inma Orozco, gr\u00e0cies a aquesta iniciativa &#8220;tota la comarca podria tenir la seua ordenaci\u00f3 estructural resolta en un espai de temps molt menor de qu\u00e8 suposa la tramitaci\u00f3 a\u00efllada de cadascun dels plans municipals&#8221;. En total, la comarca del Rac\u00f3 d&#8217;Adem\u00fas compr\u00e8n 7 municipis, amb una poblaci\u00f3 de 2.266 habitants i una superf\u00edcie de 370,22 quil\u00f2metres quadrats.<\/p>\n\n\n\n<p class=\"wp-block-paragraph\">Infraestructura verda<\/p>\n\n\n\n<p class=\"wp-block-paragraph\">En aquest sentit, Pardo ha detallat que el Pla d&#8217;acci\u00f3 territorial s&#8217;enquadra en una &#8220;nova generaci\u00f3 de plans&#8221; que es desenvoluparan a una escala 1: 10.000 que garantisca la precisi\u00f3 suficient per a determinar la totalitat de l&#8217;ordenaci\u00f3 estructural del conjunt de municipis que integren l&#8217;\u00e0mbit de planificaci\u00f3, atenent a criteris d&#8217;ordenaci\u00f3 de la infraestructura verda i les relacions econ\u00f2miques i funcionals entre municipis, incloent f\u00f3rmules de compensaci\u00f3 intermunicipal.<\/p>\n\n\n\n<p class=\"wp-block-paragraph\">De la mateixa manera, la secret\u00e0ria auton\u00f2mica ha destacat l&#8217;oportunitat de dur endavant aquesta iniciativa &#8220;per definir una infraestructura verda i una xarxa prim\u00e0ria amb m\u00e9s capacitat d&#8217;articular el territori, una estructura urbana m\u00e9s eficient i sostenible, i unes economies d&#8217;escala que permeten reduir els temps de tramitaci\u00f3 i els costos econ\u00f2mics i humans necessaris per a l&#8217;elaboraci\u00f3 individualitzada de cada pla&#8221;.<\/p>\n\n\n\n<p class=\"wp-block-paragraph\">Per la seva banda, les alcaldies s&#8217;han mostrat molt receptives a la proposta de la Conselleria i han valorat positivament la voluntat de coordinaci\u00f3 i di\u00e0leg constants entre les administracions implicades per poder consensuar de manera col\u00b7laborativa un pla comarcal prou flexible per encaixar les necessitats canviants de el futur, per\u00f2 dins d&#8217;una regulaci\u00f3 clara i suficient per a garantir un adequat desenvolupament territorial.<\/p>\n\n\n\n<p class=\"wp-block-paragraph\">A la reuni\u00f3 han participat, a m\u00e9s de la secret\u00e0ria auton\u00f2mica, la directora general de Pol\u00edtica Territorial i Paisatge, Rosa Pardo; la directora general de l&#8217;Agenda Valenciana Antidespoblamiento, Jeannette Segarra; les responsables de la Diputaci\u00f3 de l&#8217;\u00e0rea de Mobilitat Sostenible, Dolors Gimeno, i d&#8217;Assessorament i Assist\u00e8ncia a Municipis, Amparo Orts, aix\u00ed com alcaldes i alcaldesses del Rac\u00f3 \u200b\u200bd&#8217;Adem\u00fas.<\/p>\n","protected":false},"excerpt":{"rendered":"<div class=\"mh-excerpt\">La Conselleria de Pol\u00edtica Territorial, Obres P\u00fabliques i Mobilitat ha presentat el Pla d&#8217;Acci\u00f3 Territorial (PAT) de la comarca del Rac\u00f3 d&#8217;Adem\u00fas, com un &#8220;instrument d&#8217;ordenaci\u00f3 estructural integral que fomenta la infraestructura verda i la <a class=\"mh-excerpt-more\" href=\"https:\/\/tucomarca.whitekongsoftware.com\/ca\/la-conselleria-de-politica-territorial-presenta-el-pla-daccio-territorial-de-la-comarca-del-raco-dademuz\/\" title=\"La Conselleria de Pol\u00edtica Territorial presenta el Pla d&#8217;Acci\u00f3 Territorial de la comarca del Rac\u00f3 d&#8217;Ademuz\">[+] <\/a><\/div>\n","protected":false},"author":12,"featured_media":112977,"comment_status":"open","ping_status":"open","sticky":false,"template":"","format":"standard","meta":{"footnotes":""},"categories":[10926,10890,10923,10924,10925,10898,10948,10894,10960,10903,10947,10896,10961,10962],"tags":[12141,10716,1318],"class_list":["post-112978","post","type-post","status-publish","format-standard","has-post-thumbnail","category-ademus-ca","category-ademus","category-cases-altes","category-cases-baixes","category-castielfabib-ca","category-ventana-ca","category-infraestructuras-ca","category-la-comarca-ca","category-la-puebla-de-san-miguel-ca","category-medio-ambiente-la-comarca-ca","category-politica","category-seccion-ca","category-torrebaja-ca","category-vallanca-ca","tag-conselleria-de-politica-territorial","tag-generalitat-valenciana","tag-rincon-de-ademuz"],"_links":{"self":[{"href":"https:\/\/tucomarca.whitekongsoftware.com\/ca\/wp-json\/wp\/v2\/posts\/112978","targetHints":{"allow":["GET"]}}],"collection":[{"href":"https:\/\/tucomarca.whitekongsoftware.com\/ca\/wp-json\/wp\/v2\/posts"}],"about":[{"href":"https:\/\/tucomarca.whitekongsoftware.com\/ca\/wp-json\/wp\/v2\/types\/post"}],"author":[{"embeddable":true,"href":"https:\/\/tucomarca.whitekongsoftware.com\/ca\/wp-json\/wp\/v2\/users\/12"}],"replies":[{"embeddable":true,"href":"https:\/\/tucomarca.whitekongsoftware.com\/ca\/wp-json\/wp\/v2\/comments?post=112978"}],"version-history":[{"count":0,"href":"https:\/\/tucomarca.whitekongsoftware.com\/ca\/wp-json\/wp\/v2\/posts\/112978\/revisions"}],"wp:featuredmedia":[{"embeddable":true,"href":"https:\/\/tucomarca.whitekongsoftware.com\/ca\/wp-json\/wp\/v2\/media\/112977"}],"wp:attachment":[{"href":"https:\/\/tucomarca.whitekongsoftware.com\/ca\/wp-json\/wp\/v2\/media?parent=112978"}],"wp:term":[{"taxonomy":"category","embeddable":true,"href":"https:\/\/tucomarca.whitekongsoftware.com\/ca\/wp-json\/wp\/v2\/categories?post=112978"},{"taxonomy":"post_tag","embeddable":true,"href":"https:\/\/tucomarca.whitekongsoftware.com\/ca\/wp-json\/wp\/v2\/tags?post=112978"}],"curies":[{"name":"wp","href":"https:\/\/api.w.org\/{rel}","templated":true}]}}