{"id":112944,"date":"2020-09-03T09:00:57","date_gmt":"2020-09-03T07:00:57","guid":{"rendered":"http:\/\/www.tucomarca.com\/wordpress\/segunda\/?p=112944"},"modified":"2020-09-03T12:29:35","modified_gmt":"2020-09-03T10:29:35","slug":"lalcudia-alfarp-i-utiel-registren-nous-brots-en-les-ultimes-hores-amb-7-5-i-3-casos-respectivament-dorigen-social","status":"publish","type":"post","link":"https:\/\/tucomarca.whitekongsoftware.com\/ca\/lalcudia-alfarp-i-utiel-registren-nous-brots-en-les-ultimes-hores-amb-7-5-i-3-casos-respectivament-dorigen-social\/","title":{"rendered":"L&#8217;Alc\u00fadia, Alfarp i Utiel registren nous brots en les \u00faltimes hores amb 7, 5 i 3 casos, respectivament, d&#8217;origen social"},"content":{"rendered":"\n<p class=\"wp-block-paragraph\">La Comunitat Valenciana ha registrat des de l&#8217;\u00faltima actualitzaci\u00f3 463 nous contagis de coronavirus confirmats per prova PCR, que situen la xifra total de positius en 25.491 persones. Per prov\u00edncies, la distribuci\u00f3 \u00e9s la seg\u00fcent: 38 a Castell\u00f3 (2.774 en total); 165 a la prov\u00edncia d&#8217;Alacant (7.850 en total); i 259 a la prov\u00edncia de Val\u00e8ncia (14.862 en total). A m\u00e9s, continua havent 5 casos sense assignar.<\/p>\n\n\n\n<p class=\"wp-block-paragraph\">Actualment, la taxa d&#8217;incid\u00e8ncia acumulada a la Comunitat Valenciana en els \u00faltims 14 dies se situa en 127,68 casos per 100.000 habitants, mentre que la mitjana a Espanya \u00e9s de 211,84 casos per 100.000 habitants.<\/p>\n\n\n\n<p class=\"wp-block-paragraph\">D&#8217;altra banda, s&#8217;han donat 593 altes a pacients amb coronavirus, de manera que el total de persones curades des de l&#8217;inici de la pand\u00e8mia se situa en 26.770: 3.282en Castell\u00f3, 8.365 a Alacant i 15.057 a Val\u00e8ncia. A m\u00e9s, hi ha 66 altes no assignades.<\/p>\n\n\n\n<p class=\"wp-block-paragraph\">Els hospitals valencians tenen, actualment, 382 persones ingressades: 40 a la prov\u00edncia de Castell\u00f3, amb 8 pacients en UCI; 109 a la prov\u00edncia d&#8217;Alacant, 19 d&#8217;ells a l&#8217;UCI; i 233 a la prov\u00edncia de Val\u00e8ncia, 24 d&#8217;ells en UCI.<\/p>\n\n\n\n<p class=\"wp-block-paragraph\">D&#8217;aquesta manera, a hores d&#8217;ara hi ha actius 5.866 casos, fet que suposa un 17,18% de l&#8217;total de casos positius.<\/p>\n\n\n\n<p class=\"wp-block-paragraph\">D&#8217;altra banda, s&#8217;ha registrat 1 mort per coronavirus, de manera que el total de defuncions ascendeix a 1.518 persones: 227 a la prov\u00edncia de Castell\u00f3, 524 a la d&#8217;Alacant i 767 a la de Val\u00e8ncia.<\/p>\n\n\n\n<p class=\"wp-block-paragraph\">El nombre total de proves dutes a terme per a la detecci\u00f3 de l&#8217;coronavirus ascendeix a 842.303, de les quals 697.756 han estat a trav\u00e9s de PCR i 142.547 mitjan\u00e7ant test r\u00e0pid.<\/p>\n\n\n\n<p class=\"wp-block-paragraph\">Actualitzaci\u00f3 de la situaci\u00f3 en resid\u00e8ncies<\/p>\n\n\n\n<p class=\"wp-block-paragraph\">En l&#8217;actualitat hi ha algun cas positiu en 40 resid\u00e8ncies de majors (3 a la prov\u00edncia de Castell\u00f3, 18 a la prov\u00edncia d&#8217;Alacant i 20 a la prov\u00edncia de Val\u00e8ncia), 6 resid\u00e8ncies de persones amb diversitat funcional (1 a la prov\u00edncia d&#8217;Alacant, 2 a la prov\u00edncia de Castell\u00f3 i 3 a la de Val\u00e8ncia) i 2 centres de menors (1 a la prov\u00edncia de Castell\u00f3 i 1 a la prov\u00edncia de Val\u00e8ncia).<\/p>\n\n\n\n<ul class=\"wp-block-list\"><li>Residents nous positius: 10<\/li><li>Treballadors nous positius: 5<\/li><li>Residents morts: 1<\/li><\/ul>\n\n\n\n<p class=\"wp-block-paragraph\">Actualment, es troben sota vigil\u00e0ncia activa de control sanitari 6 resid\u00e8ncies a la Comunitat Valenciana: 0 a la prov\u00edncia de Castell\u00f3, 2 a la prov\u00edncia d&#8217;Alacant i 4 a la prov\u00edncia de Val\u00e8ncia.<\/p>\n\n\n\n<p class=\"wp-block-paragraph\">Actualitzaci\u00f3 brots de coronavirus<\/p>\n\n\n\n<p class=\"wp-block-paragraph\">Nous brots:<\/p>\n\n\n\n<p class=\"wp-block-paragraph\">\u00b7 D\u00e9nia. 7 casos. Origen laboral.<\/p>\n\n\n\n<p class=\"wp-block-paragraph\">\u00b7 Val\u00e8ncia. 9 casos. origen social<\/p>\n\n\n\n<p class=\"wp-block-paragraph\">\u00b7 D\u00e9nia. 4 casos. origen social<\/p>\n\n\n\n<p class=\"wp-block-paragraph\">\u00b7 Godella. 3 casos. origen social.<\/p>\n\n\n\n<p class=\"wp-block-paragraph\">\u00b7 Rojals. 4 casos. Origen social.<\/p>\n\n\n\n<p class=\"wp-block-paragraph\">\u00b7 Alfarp. 5 casos. Origen social.<\/p>\n\n\n\n<p class=\"wp-block-paragraph\">\u00b7 Elx. 7 casos. Origen social.<\/p>\n\n\n\n<p class=\"wp-block-paragraph\">\u00b7 Castalla. 3 casos. Origen social.<\/p>\n\n\n\n<p class=\"wp-block-paragraph\">\u00b7 L&#8217;Alc\u00fadia. 7 casos. Origen social.<\/p>\n\n\n\n<p class=\"wp-block-paragraph\">\u00b7 Utiel. 3 casos. Origen social.<\/p>\n\n\n\n<p class=\"wp-block-paragraph\">\u00b7 Sueca. 5 casos. Origen social.<\/p>\n\n\n\n<p class=\"wp-block-paragraph\">\u00b7 Sagunt. 4 casos. Origen social.<\/p>\n\n\n\n<p class=\"wp-block-paragraph\">\u00b7 Aldaia. 4 cas. Origen laboral.<\/p>\n\n\n\n<p class=\"wp-block-paragraph\">\u00b7 Val\u00e8ncia. 4 casos. Origen social.<\/p>\n\n\n\n<p class=\"wp-block-paragraph\">\u00b7 Val\u00e8ncia. 3 casos. Origen social.<\/p>\n\n\n\n<p class=\"wp-block-paragraph\">\u00b7 Burjassot. 5 casos. Origen social.<\/p>\n\n\n\n<p class=\"wp-block-paragraph\">\u00b7 Val\u00e8ncia. 9 casos. Origen laboral.<\/p>\n\n\n\n<p class=\"wp-block-paragraph\">\u00b7 Tavernes Blanques. 4 casos. Origen social.<\/p>\n\n\n\n<p class=\"wp-block-paragraph\">\u00b7 X\u00e0tiva. 4 casos. Origen laboral.<\/p>\n\n\n\n<p class=\"wp-block-paragraph\">\u00b7 D\u00e9nia. 7 casos. Origen laboral.<\/p>\n\n\n\n<p class=\"wp-block-paragraph\">\u00b7 Ontinyent. 4 casos. Origen social.<\/p>\n\n\n\n<p class=\"wp-block-paragraph\">\u00b7 Val\u00e8ncia. 4 casos. Origen social.<\/p>\n\n\n\n<p class=\"wp-block-paragraph\">\u00b7 Val\u00e8ncia. 5 casos. Origen social.<\/p>\n\n\n\n<p class=\"wp-block-paragraph\">\u00b7 Val\u00e8ncia. 3 casos. Origen social.<\/p>\n","protected":false},"excerpt":{"rendered":"<div class=\"mh-excerpt\">La Comunitat Valenciana ha registrat des de l&#8217;\u00faltima actualitzaci\u00f3 463 nous contagis de coronavirus confirmats per prova PCR, que situen la xifra total de positius en 25.491 persones. Per prov\u00edncies, la distribuci\u00f3 \u00e9s la seg\u00fcent: <a class=\"mh-excerpt-more\" href=\"https:\/\/tucomarca.whitekongsoftware.com\/ca\/lalcudia-alfarp-i-utiel-registren-nous-brots-en-les-ultimes-hores-amb-7-5-i-3-casos-respectivament-dorigen-social\/\" title=\"L&#8217;Alc\u00fadia, Alfarp i Utiel registren nous brots en les \u00faltimes hores amb 7, 5 i 3 casos, respectivament, d&#8217;origen social\">[+] <\/a><\/div>\n","protected":false},"author":1,"featured_media":112942,"comment_status":"open","ping_status":"open","sticky":false,"template":"","format":"standard","meta":{"footnotes":""},"categories":[10982,11010,12202,10898,10948,10995,10894,10902,10903,10947,10909,10896,10897,11059],"tags":[11939,11956,11077,10910],"class_list":["post-112944","post","type-post","status-publish","format-standard","has-post-thumbnail","category-alfarp-ca","category-canal-salud","category-covid-19-ca","category-ventana-ca","category-infraestructuras-ca","category-lalcudia-ca","category-la-comarca-ca","category-la-ribera-ca","category-medio-ambiente-la-comarca-ca","category-politica","category-requena-utiel-ca","category-seccion-ca","category-sucesos-la-comarca-ca","category-utiel-ca","tag-coronavirus-ca","tag-covid19-ca","tag-la-ribera-alta-ca","tag-requena-utiel-ca"],"_links":{"self":[{"href":"https:\/\/tucomarca.whitekongsoftware.com\/ca\/wp-json\/wp\/v2\/posts\/112944","targetHints":{"allow":["GET"]}}],"collection":[{"href":"https:\/\/tucomarca.whitekongsoftware.com\/ca\/wp-json\/wp\/v2\/posts"}],"about":[{"href":"https:\/\/tucomarca.whitekongsoftware.com\/ca\/wp-json\/wp\/v2\/types\/post"}],"author":[{"embeddable":true,"href":"https:\/\/tucomarca.whitekongsoftware.com\/ca\/wp-json\/wp\/v2\/users\/1"}],"replies":[{"embeddable":true,"href":"https:\/\/tucomarca.whitekongsoftware.com\/ca\/wp-json\/wp\/v2\/comments?post=112944"}],"version-history":[{"count":0,"href":"https:\/\/tucomarca.whitekongsoftware.com\/ca\/wp-json\/wp\/v2\/posts\/112944\/revisions"}],"wp:featuredmedia":[{"embeddable":true,"href":"https:\/\/tucomarca.whitekongsoftware.com\/ca\/wp-json\/wp\/v2\/media\/112942"}],"wp:attachment":[{"href":"https:\/\/tucomarca.whitekongsoftware.com\/ca\/wp-json\/wp\/v2\/media?parent=112944"}],"wp:term":[{"taxonomy":"category","embeddable":true,"href":"https:\/\/tucomarca.whitekongsoftware.com\/ca\/wp-json\/wp\/v2\/categories?post=112944"},{"taxonomy":"post_tag","embeddable":true,"href":"https:\/\/tucomarca.whitekongsoftware.com\/ca\/wp-json\/wp\/v2\/tags?post=112944"}],"curies":[{"name":"wp","href":"https:\/\/api.w.org\/{rel}","templated":true}]}}