{"id":112890,"date":"2020-09-02T22:17:06","date_gmt":"2020-09-02T20:17:06","guid":{"rendered":"http:\/\/www.tucomarca.com\/wordpress\/segunda\/?p=112890"},"modified":"2020-09-02T22:19:44","modified_gmt":"2020-09-02T20:19:44","slug":"bunol-anima-a-vecinos-asociaciones-partidos-o-entidades-a-colaborar-en-la-radio-y-television-municipal","status":"publish","type":"post","link":"https:\/\/tucomarca.whitekongsoftware.com\/ca\/bunol-anima-a-vecinos-asociaciones-partidos-o-entidades-a-colaborar-en-la-radio-y-television-municipal\/","title":{"rendered":"Bunyol anima ve\u00efns, associacions, partits o entitats a col\u00b7laborar en la r\u00e0dio i televisi\u00f3 municipal"},"content":{"rendered":"\n<p class=\"wp-block-paragraph\"><strong>L&#8217;1 d&#8217;octubre arrenca la programaci\u00f3 de tardor de mat\u00ed i tarda. S\u00f3n molts els col\u00b7laboradors que integren aquesta r\u00e0dio municipal d&#8217;\u00e0mbit comarcal. Les seves instal\u00b7lacions estan obertes a incloure m\u00e9s programes.<\/strong><\/p>\n\n\n\n<p class=\"wp-block-paragraph\">R\u00e0dio Bunyol TV arrenca la programaci\u00f3 de tardor-hivern el proper 1 d&#8217;octubre. Com cada any s\u00f3n molts els programes i col\u00b7laboradors que continuen oferint el millor de si mateixos. Per\u00f2 aquest any tornem a disposar de noves cares, nous programes i moltes ganes de fer una estona de r\u00e0dio diferent, propera i divertida.<\/p>\n\n\n\n<p class=\"wp-block-paragraph\">Tot i aix\u00ed l&#8217;equip de treball de R\u00e0dio Bunyol TV t\u00e9 obertes les seves portes per a tots els que vulguin provar com es fa la r\u00e0dio en directe i vulguin col\u00b7laborar oferint alguna idea o algun programa. Per a aix\u00f2 poden acostar-se a les seves instal\u00b7lacions i consultar-lo.<\/p>\n\n\n\n<p class=\"wp-block-paragraph\">Si no poden apropar-se als estudis tamb\u00e9 poden trucar per tel\u00e8fon o enviar un Whatsapp a l&#8217;600 44 26 57 o un mail a radiobunyol@gmail.com<\/p>\n\n\n\n<p class=\"wp-block-paragraph\">El gran equip que conforma R\u00e0dio Bunyol TV estar\u00e0 encantat de comptar amb m\u00e9s col\u00b7laboradors, amb ve\u00efns del municipi, de la comarca, d&#8217;associacions o entitats, que estiguin interessades a apropar les seves idees, les seves propostes, els seus \u00e8xits o les seves iniciatives a tot el poble de Bunyol i La Foia.<\/p>\n\n\n\n<p class=\"wp-block-paragraph\">La cobertura a la 107.9 FM \u00e9s comarcal amb l&#8217;ampliaci\u00f3 de la seva antena fa ja m\u00e9s de 2 anys. Tot i que no s&#8217;ha d&#8217;oblidar que a trav\u00e9s del seu web radiotv.bu\u00f1ol.es pot escoltar-se i veure com es fa la r\u00e0dio en directe, la nostra r\u00e0dio, des de qualsevol punt de l&#8217;planeta i a trav\u00e9s de qualsevol dispositiu m\u00f2bil, tablet o ordinador.<\/p>\n\n\n\n<p class=\"wp-block-paragraph\">Manuel Sierra, regidor de Comunicaci\u00f3 de l&#8217;Ajuntament de Bunyol, recordava fa uns dies les modernes i immillorables instal\u00b7lacions amb qu\u00e8 compta la televisi\u00f3 per Streaming, situada als estudis actuals de R\u00e0dio Bunyol TV. Ara convida a utilitzar les seves instal\u00b7lacions radiof\u00f2niques: &#8220;els micr\u00f2fons d&#8217;aquesta r\u00e0dio municipal estan oberts a tothom, a entitats, clubs, associacions o persones an\u00f2nimes que estiguin interessades en passar una estona diferent, con\u00e8ixer el seu funcionament en directe, i tot aix\u00f2 guiat pel personal hum\u00e0 d&#8217;aquesta r\u00e0dio &#8220;. Continua dient: &#8220;cada temporada actualitza la seva programaci\u00f3, a el mateix temps que continua amb els seus programes de sempre, amb els seus col\u00b7laboradors habituals, als quals els ha de tot; gr\u00e0cies a ells R\u00e0dio Bunyol continua oferint la seua millor cara &#8220;.<\/p>\n","protected":false},"excerpt":{"rendered":"<div class=\"mh-excerpt\">L&#8217;1 d&#8217;octubre arrenca la programaci\u00f3 de tardor de mat\u00ed i tarda. S\u00f3n molts els col\u00b7laboradors que integren aquesta r\u00e0dio municipal d&#8217;\u00e0mbit comarcal. Les seves instal\u00b7lacions estan obertes a incloure m\u00e9s programes. R\u00e0dio Bunyol TV arrenca <a class=\"mh-excerpt-more\" href=\"https:\/\/tucomarca.whitekongsoftware.com\/ca\/bunol-anima-a-vecinos-asociaciones-partidos-o-entidades-a-colaborar-en-la-radio-y-television-municipal\/\" title=\"Bunyol anima ve\u00efns, associacions, partits o entitats a col\u00b7laborar en la r\u00e0dio i televisi\u00f3 municipal\">[+] <\/a><\/div>\n","protected":false},"author":12,"featured_media":107515,"comment_status":"open","ping_status":"open","sticky":false,"template":"","format":"standard","meta":{"footnotes":""},"categories":[10911,10948,10894,10912,10947,10896],"tags":[5335,5952,12138],"class_list":["post-112890","post","type-post","status-publish","format-standard","has-post-thumbnail","category-bunol-ca","category-infraestructuras-ca","category-la-comarca-ca","category-la-hoya-ca","category-politica","category-seccion-ca","tag-ayuntamiento-de-bunol","tag-la-hoya-de-bunol-chiva","tag-radio-bunol-tv"],"_links":{"self":[{"href":"https:\/\/tucomarca.whitekongsoftware.com\/ca\/wp-json\/wp\/v2\/posts\/112890","targetHints":{"allow":["GET"]}}],"collection":[{"href":"https:\/\/tucomarca.whitekongsoftware.com\/ca\/wp-json\/wp\/v2\/posts"}],"about":[{"href":"https:\/\/tucomarca.whitekongsoftware.com\/ca\/wp-json\/wp\/v2\/types\/post"}],"author":[{"embeddable":true,"href":"https:\/\/tucomarca.whitekongsoftware.com\/ca\/wp-json\/wp\/v2\/users\/12"}],"replies":[{"embeddable":true,"href":"https:\/\/tucomarca.whitekongsoftware.com\/ca\/wp-json\/wp\/v2\/comments?post=112890"}],"version-history":[{"count":0,"href":"https:\/\/tucomarca.whitekongsoftware.com\/ca\/wp-json\/wp\/v2\/posts\/112890\/revisions"}],"wp:featuredmedia":[{"embeddable":true,"href":"https:\/\/tucomarca.whitekongsoftware.com\/ca\/wp-json\/wp\/v2\/media\/107515"}],"wp:attachment":[{"href":"https:\/\/tucomarca.whitekongsoftware.com\/ca\/wp-json\/wp\/v2\/media?parent=112890"}],"wp:term":[{"taxonomy":"category","embeddable":true,"href":"https:\/\/tucomarca.whitekongsoftware.com\/ca\/wp-json\/wp\/v2\/categories?post=112890"},{"taxonomy":"post_tag","embeddable":true,"href":"https:\/\/tucomarca.whitekongsoftware.com\/ca\/wp-json\/wp\/v2\/tags?post=112890"}],"curies":[{"name":"wp","href":"https:\/\/api.w.org\/{rel}","templated":true}]}}