{"id":112871,"date":"2020-09-01T15:00:58","date_gmt":"2020-09-01T13:00:58","guid":{"rendered":"http:\/\/www.tucomarca.com\/wordpress\/segunda\/?p=112871"},"modified":"2020-09-01T21:00:19","modified_gmt":"2020-09-01T19:00:19","slug":"riba-roja-reparteix-3-500-mascaretes-entre-els-escolars-del-municipi-i-dissenya-rutes-dacces-als-centres-educatius-segures","status":"publish","type":"post","link":"https:\/\/tucomarca.whitekongsoftware.com\/ca\/riba-roja-reparteix-3-500-mascaretes-entre-els-escolars-del-municipi-i-dissenya-rutes-dacces-als-centres-educatius-segures\/","title":{"rendered":"Riba-roja reparteix 3.500 mascaretes entre els escolars del municipi i dissenya rutes d&#8217;acc\u00e9s als centres educatius segures"},"content":{"rendered":"\n<p class=\"wp-block-paragraph\"><strong>Dos agents de la policia a cada centre s&#8217;ordenaran les entrades i les sortides<\/strong><\/p>\n\n\n\n<p class=\"wp-block-paragraph\">L&#8217;Ajuntament de Riba-roja de T\u00faria repartir\u00e0 un total de 3.500 mascaretes entre els escolars de tots els centres educatius de la localitat en l&#8217;inici de el nou curs que comen\u00e7ar\u00e0 el proper dilluns 7 de setembre. Aquesta iniciativa es completar\u00e0 amb altres encaminades a assegurar un curs acad\u00e8mic lliure de contagis i amb les m\u00e0ximes mesures sanit\u00e0ries i d&#8217;higiene.<\/p>\n\n\n\n<p class=\"wp-block-paragraph\">El govern municipal de Riba-roja de T\u00faria ha consensuat amb els equips directius dels centres educatius totes les mesures necess\u00e0ries perqu\u00e8 el pr\u00f2xim curs escolar no es vegi afectat per la propagaci\u00f3 de l&#8217;coronavirus entre els escolars. D&#8217;aquesta manera, el repartiment de les 3.500 mascaretes protectores s&#8217;efectuar\u00e0 entre els centres educatius d&#8217;infantil, prim\u00e0ria, secund\u00e0ria, batxillerat i cicles formatius.<\/p>\n\n\n\n<p class=\"wp-block-paragraph\">L&#8217;Ajuntament de Riba-roja de T\u00faria tamb\u00e9 ha refor\u00e7at les tasques de neteja i desinfecci\u00f3 que es realitzaven ja des de fa mesos a l&#8217;augmentar en una persona m\u00e9s per a cada centre educatiu que s&#8217;encarreguen, habitualment, d&#8217;aquestes tasques en les \u00e0rees i espais comuns . El govern municipal ha destinat una partida de fins a 59.867 euros per finan\u00e7ar les despeses de funcionament derivades de totes les mesures que es duen a terme per assegurar totes les mesures sanit\u00e0ries adequades.<\/p>\n\n\n\n<p class=\"wp-block-paragraph\">Les rutes d&#8217;acc\u00e9s a tots els centres educatius de Riba-roja de T\u00faria s&#8217;han dissenyat en els \u00faltims dies per part de l&#8217;\u00e0rea de Seguretat Vidal de la Policia Local sota els criteris d&#8217;evitar aglomeracions dels escolars i assegurar que tant les entrades com les sortides dels mateixos es duen a terme de forma ordenada i esglaonada en el temps, d&#8217;acord a les exig\u00e8ncies de les autoritats sanit\u00e0ries.<\/p>\n\n\n\n<p class=\"wp-block-paragraph\">De fet, al llarg d&#8217;aquests \u00faltims dies els treballadors de l&#8217;\u00e0rea d&#8217;Obres i Serveis de Riba-roja de T\u00faria estan realitzant les tasques de senyalitzaci\u00f3 de les rutes segures perqu\u00e8 de forma f\u00e0cil puguin ser seguides i respectades pels escolars.<\/p>\n\n\n\n<p class=\"wp-block-paragraph\">En els mateixos voltants exteriors de tots els centres escolars de Riba-roja de T\u00faria s&#8217;han delimitat espais d&#8217;espera per a les fam\u00edlies i els propis escolars de manera que es puguin assegurar les dist\u00e0ncies socials establertes en tots els protocols sanitaris. A m\u00e9s, l&#8217;ajuntament desinfectar di\u00e0riament els patis escolars i el mobiliari infantil i els propis accessos als edificis.<\/p>\n\n\n\n<p class=\"wp-block-paragraph\">A cada centre educatiu de la localitat s&#8217;han disposat, a m\u00e9s, diversos tipus de cartells explicatius adre\u00e7ats a tots els escolars de Riba-roja de T\u00faria en els quals es donen a con\u00e8ixer les recomanacions i indicacions que han de seguir cada un d&#8217;ells a l&#8217;hora de dur a terme, de forma efica\u00e7 i segura, totes les activitats quotidianes que realitzen en el seu dia a dia.<\/p>\n\n\n\n<p class=\"wp-block-paragraph\">L&#8217;Ajuntament de Riba-roja de T\u00faria ha disposat, tamb\u00e9, una dotaci\u00f3 pressupost\u00e0ria de 36.838 euros per a l&#8217;organitzaci\u00f3 de les activitats extraescolars que es desenvolupen cada dia en els centres educatius. Precisament, aquestes activitats s&#8217;han organitzat d&#8217;acord a les directrius disposades per les autoritats sanit\u00e0ries, amb especial atenci\u00f3 a la dist\u00e0ncia social i evitar aglomeracions d&#8217;alumnes.<\/p>\n\n\n\n<p class=\"wp-block-paragraph\">A el refor\u00e7 en recursos de personal a les tasques de neteja i desinfecci\u00f3 dels centres educatius i en el disseny de les rutes segures cal afegir els 10 monitors extra que s&#8217;han disposat per als menjadors escolars que, al seu torn, tamb\u00e9 s&#8217;han adaptat durant les \u00faltimes setmanes per assegurar una dist\u00e0ncia entre els mateixos usuaris dels mateixos amb mesures sanit\u00e0ries. A m\u00e9s, altres 12 docents completaran les plantilles en els diversos centres educatius de Riba-roja de T\u00faria.<\/p>\n\n\n\n<p class=\"wp-block-paragraph\">L&#8217;alcalde de Riba-roja de T\u00faria, Robert Raga, ha destacat &#8220;l&#8217;enorme esfor\u00e7 que des dels diversos departaments de l&#8217;ajuntament en coordinaci\u00f3 amb els centres escolars i la policia local s&#8217;ha realitzat per assegurar un curs escolar at\u00edpic en el qual s&#8217;han tingut d&#8217;adaptar completament per evitar possibles contagis per coronavirus entre els alumnes, el personal administratiu i docent &#8220;.<\/p>\n\n\n\n<ul class=\"wp-block-gallery columns-2 is-cropped wp-block-gallery-1 is-layout-flex wp-block-gallery-is-layout-flex\"><li class=\"blocks-gallery-item\"><figure><img loading=\"lazy\" decoding=\"async\" width=\"787\" height=\"862\" src=\"http:\/\/www.tucomarca.com\/wordpress\/segunda\/wp-content\/uploads\/2020\/09\/03riba_coles.jpg\" alt=\"\" data-id=\"112847\" data-link=\"http:\/\/www.tucomarca.com\/wordpress\/segunda\/?attachment_id=112847\" class=\"wp-image-112847\" srcset=\"https:\/\/tucomarca.whitekongsoftware.com\/wp-content\/uploads\/2020\/09\/03riba_coles.jpg 787w, https:\/\/tucomarca.whitekongsoftware.com\/wp-content\/uploads\/2020\/09\/03riba_coles-274x300.jpg 274w, https:\/\/tucomarca.whitekongsoftware.com\/wp-content\/uploads\/2020\/09\/03riba_coles-768x841.jpg 768w\" sizes=\"auto, (max-width: 787px) 100vw, 787px\" \/><\/figure><\/li><li class=\"blocks-gallery-item\"><figure><img loading=\"lazy\" decoding=\"async\" width=\"787\" height=\"590\" src=\"http:\/\/www.tucomarca.com\/wordpress\/segunda\/wp-content\/uploads\/2020\/09\/01riba_coles.jpg\" alt=\"\" data-id=\"112843\" data-link=\"http:\/\/www.tucomarca.com\/wordpress\/segunda\/?attachment_id=112843\" class=\"wp-image-112843\" srcset=\"https:\/\/tucomarca.whitekongsoftware.com\/wp-content\/uploads\/2020\/09\/01riba_coles.jpg 787w, https:\/\/tucomarca.whitekongsoftware.com\/wp-content\/uploads\/2020\/09\/01riba_coles-300x225.jpg 300w, https:\/\/tucomarca.whitekongsoftware.com\/wp-content\/uploads\/2020\/09\/01riba_coles-768x576.jpg 768w, https:\/\/tucomarca.whitekongsoftware.com\/wp-content\/uploads\/2020\/09\/01riba_coles-678x509.jpg 678w, https:\/\/tucomarca.whitekongsoftware.com\/wp-content\/uploads\/2020\/09\/01riba_coles-326x245.jpg 326w, https:\/\/tucomarca.whitekongsoftware.com\/wp-content\/uploads\/2020\/09\/01riba_coles-80x60.jpg 80w\" sizes=\"auto, (max-width: 787px) 100vw, 787px\" \/><\/figure><\/li><\/ul>\n","protected":false},"excerpt":{"rendered":"<div class=\"mh-excerpt\">Dos agents de la policia a cada centre s&#8217;ordenaran les entrades i les sortides L&#8217;Ajuntament de Riba-roja de T\u00faria repartir\u00e0 un total de 3.500 mascaretes entre els escolars de tots els centres educatius de la <a class=\"mh-excerpt-more\" href=\"https:\/\/tucomarca.whitekongsoftware.com\/ca\/riba-roja-reparteix-3-500-mascaretes-entre-els-escolars-del-municipi-i-dissenya-rutes-dacces-als-centres-educatius-segures\/\" title=\"Riba-roja reparteix 3.500 mascaretes entre els escolars del municipi i dissenya rutes d&#8217;acc\u00e9s als centres educatius segures\">[+] <\/a><\/div>\n","protected":false},"author":12,"featured_media":112846,"comment_status":"open","ping_status":"open","sticky":false,"template":"","format":"gallery","meta":{"footnotes":""},"categories":[10892,11010,12202,10948,10894,10947,10906,10896,10897],"tags":[10899,11939,11940,11952,10907],"class_list":["post-112871","post","type-post","status-publish","format-gallery","has-post-thumbnail","category-camp-de-turia-ca","category-canal-salud","category-covid-19-ca","category-infraestructuras-ca","category-la-comarca-ca","category-politica","category-riba-roja-ca","category-seccion-ca","category-sucesos-la-comarca-ca","tag-camp-de-turia-ca","tag-coronavirus-ca","tag-covid-19-ca","tag-covid2019-ca","tag-riba-roja-del-turia-ca","post_format-post-format-gallery"],"_links":{"self":[{"href":"https:\/\/tucomarca.whitekongsoftware.com\/ca\/wp-json\/wp\/v2\/posts\/112871","targetHints":{"allow":["GET"]}}],"collection":[{"href":"https:\/\/tucomarca.whitekongsoftware.com\/ca\/wp-json\/wp\/v2\/posts"}],"about":[{"href":"https:\/\/tucomarca.whitekongsoftware.com\/ca\/wp-json\/wp\/v2\/types\/post"}],"author":[{"embeddable":true,"href":"https:\/\/tucomarca.whitekongsoftware.com\/ca\/wp-json\/wp\/v2\/users\/12"}],"replies":[{"embeddable":true,"href":"https:\/\/tucomarca.whitekongsoftware.com\/ca\/wp-json\/wp\/v2\/comments?post=112871"}],"version-history":[{"count":0,"href":"https:\/\/tucomarca.whitekongsoftware.com\/ca\/wp-json\/wp\/v2\/posts\/112871\/revisions"}],"wp:featuredmedia":[{"embeddable":true,"href":"https:\/\/tucomarca.whitekongsoftware.com\/ca\/wp-json\/wp\/v2\/media\/112846"}],"wp:attachment":[{"href":"https:\/\/tucomarca.whitekongsoftware.com\/ca\/wp-json\/wp\/v2\/media?parent=112871"}],"wp:term":[{"taxonomy":"category","embeddable":true,"href":"https:\/\/tucomarca.whitekongsoftware.com\/ca\/wp-json\/wp\/v2\/categories?post=112871"},{"taxonomy":"post_tag","embeddable":true,"href":"https:\/\/tucomarca.whitekongsoftware.com\/ca\/wp-json\/wp\/v2\/tags?post=112871"}],"curies":[{"name":"wp","href":"https:\/\/api.w.org\/{rel}","templated":true}]}}