{"id":112701,"date":"2020-08-31T10:00:32","date_gmt":"2020-08-31T08:00:32","guid":{"rendered":"http:\/\/www.tucomarca.com\/wordpress\/segunda\/?p=112701"},"modified":"2020-08-31T21:30:06","modified_gmt":"2020-08-31T19:30:06","slug":"riba-roja-explica-els-lligams-de-la-vila-amb-la-cultura-de-laigua-per-mitja-de-visites-guiades-als-monuments-historics","status":"publish","type":"post","link":"https:\/\/tucomarca.whitekongsoftware.com\/ca\/riba-roja-explica-els-lligams-de-la-vila-amb-la-cultura-de-laigua-per-mitja-de-visites-guiades-als-monuments-historics\/","title":{"rendered":"Riba-roja explica els lligams de la vila amb la cultura de l\u2019aigua per mitj\u00e0 de visites guiades als monuments hist\u00f2rics"},"content":{"rendered":"\n<p class=\"wp-block-paragraph\"><strong>Turisme posa en marxa un programa per con\u00e8ixer millor la hist\u00f2ria local<\/strong><\/p>\n\n\n\n<ul class=\"wp-block-gallery columns-2 is-cropped wp-block-gallery-1 is-layout-flex wp-block-gallery-is-layout-flex\"><li class=\"blocks-gallery-item\"><figure><img loading=\"lazy\" decoding=\"async\" width=\"787\" height=\"588\" src=\"http:\/\/www.tucomarca.com\/wordpress\/segunda\/wp-content\/uploads\/2020\/08\/Riba-rojaIglesia.jpg\" alt=\"\" data-id=\"112705\" data-link=\"http:\/\/www.tucomarca.com\/wordpress\/segunda\/ca\/?attachment_id=112705\" class=\"wp-image-112705\" srcset=\"https:\/\/tucomarca.whitekongsoftware.com\/wp-content\/uploads\/2020\/08\/Riba-rojaIglesia.jpg 787w, https:\/\/tucomarca.whitekongsoftware.com\/wp-content\/uploads\/2020\/08\/Riba-rojaIglesia-300x224.jpg 300w, https:\/\/tucomarca.whitekongsoftware.com\/wp-content\/uploads\/2020\/08\/Riba-rojaIglesia-768x574.jpg 768w, https:\/\/tucomarca.whitekongsoftware.com\/wp-content\/uploads\/2020\/08\/Riba-rojaIglesia-326x245.jpg 326w, https:\/\/tucomarca.whitekongsoftware.com\/wp-content\/uploads\/2020\/08\/Riba-rojaIglesia-80x60.jpg 80w\" sizes=\"auto, (max-width: 787px) 100vw, 787px\" \/><\/figure><\/li><li class=\"blocks-gallery-item\"><figure><img loading=\"lazy\" decoding=\"async\" width=\"787\" height=\"525\" src=\"http:\/\/www.tucomarca.com\/wordpress\/segunda\/wp-content\/uploads\/2020\/08\/Riba-rojaPontVell.jpg\" alt=\"\" data-id=\"112707\" data-link=\"http:\/\/www.tucomarca.com\/wordpress\/segunda\/ca\/?attachment_id=112707\" class=\"wp-image-112707\" srcset=\"https:\/\/tucomarca.whitekongsoftware.com\/wp-content\/uploads\/2020\/08\/Riba-rojaPontVell.jpg 787w, https:\/\/tucomarca.whitekongsoftware.com\/wp-content\/uploads\/2020\/08\/Riba-rojaPontVell-300x200.jpg 300w, https:\/\/tucomarca.whitekongsoftware.com\/wp-content\/uploads\/2020\/08\/Riba-rojaPontVell-768x512.jpg 768w\" sizes=\"auto, (max-width: 787px) 100vw, 787px\" \/><\/figure><\/li><\/ul>\n\n\n\n<p class=\"wp-block-paragraph\">L\u2019Ajuntament de Riba-roja de T\u00faria ha posat en marxa este estiu una s\u00e8rie de visites guiades per con\u00e8ixer amb m\u00e9s detall els lligams que mant\u00e9 la vila amb la cultura de l\u2019aigua amb una s\u00e8rie de visites guiades pels cinc monuments que hui dia encara es conserven. El programa dissenyat per la Regidoria de Turisme segueix tota la normativa legal adaptada al Covid-19 per evitar els contagis entre els participants.&nbsp;<\/p>\n\n\n\n<p class=\"wp-block-paragraph\">La vila mant\u00e9 una relaci\u00f3 estreta amb el riu T\u00faria que voreja la part nord del terme municipal fins desembocar en l\u2019horta valenciana i que, al llarg dels segles, ha servit com a tret identificador i motor econ\u00f2mic i social. Testimoni d\u2019un passat proper, el riu \u00e9s un eix vertebrador per a la gent de Riba-roja que hi veuen el reflex de la prosperitat per a moltes fam\u00edlies que han fet de l\u2019agricultura la seua forma de vida.&nbsp;<\/p>\n\n\n\n<p class=\"wp-block-paragraph\">El programa dissenyat per l\u2019Ajuntament de Riba-roja recull una acurada visita pels monuments que s\u00f3n fruit del passat lligat a l\u2019aigua i que, tot i el pas dels anys, es poden observar gr\u00e0cies a les tasques de restauraci\u00f3 i millora a qu\u00e8 han estat sotmesos des de fa temps. En eixe cas trobar\u00edem una visita al Pont Vell, l\u2019asil del Convent de la Sagrada Fam\u00edlia, la cisterna, el mol\u00ed i la casa del Moliner i, finalment, el Llavador.&nbsp;<\/p>\n\n\n\n<p class=\"wp-block-paragraph\">La hist\u00f2ria de Riba-roja \u00e9s sin\u00f2nim del pas de diverses civilitzacions que hi han passat per deixar una empremta que a dia de hui es poden gaudir en diverses contrades del seu terme municipal, amb una especial atenci\u00f3 als visigots que en varen de la vila un dels seus eixos d\u2019activitat comercial i econ\u00f2mica per la seua proximitat a la zona de Val\u00e8ncia, centre d\u2019eixida i arribada dels vaixells per la mediterr\u00e0nia.&nbsp;<\/p>\n\n\n\n<p class=\"wp-block-paragraph\">Els assentaments ibers, en forma de restes perdurables en l\u2019actualitat, junt a les viles r\u00fastiques romanes i els aq\u00fceductes que escampats per determinades partides de Riba-roja s\u00f3n el s\u00edmptoma m\u00e9s adient que la localitat ha fet de l\u2019aigua l\u2019element d\u2019uni\u00f3 entre les diverses cultures alhora que han servit perqu\u00e8 anys rere anys es pogueren no sols consolidar com a municipi capdavanter valenci\u00e0 sin\u00f3 enfortir els seus nexes d\u2019uni\u00f3 amb altres localitats per mitj\u00e0 de les troballes hist\u00f2riques que hi comparteixen.&nbsp;<\/p>\n\n\n\n<p class=\"wp-block-paragraph\">En eixe context, el Pont Vell \u00e9s un dels monuments de visita obligada per tastar eixe regalim d\u2019hist\u00f2ria local pel qual hi passaven a l\u2019antiguitat, dels quan en tenim dades que es remunten fins el 1401. Actualment en des\u00fas pel perill que suposa al tr\u00e0nsit dels vianants, va ser la riuada del 1957 la que el va malmetre. L\u2019any 1967 va ser substitu\u00eft per un de nou que serveix per creuar el pas del riu T\u00faria.&nbsp;<\/p>\n\n\n\n<p class=\"wp-block-paragraph\">En el mateix cas tenim la cisterna per on transcorria l\u2019aigua subterr\u00e0nia emmagatzemada i amb una capacitat de 500.000 litres, gr\u00e0cies als seus 25 metres de profunditat, fruit dels seus 5 metres d\u2019ample pels 5 d\u2019alt. El Llavador rehabilitat fa un rep\u00e0s als usos que va tindre per als seus habitants durant anys fins que a les darreries de la d\u00e8cada dels cinquantes va deixar de ser utilitzat. Els elements que s\u2019hi veuen s\u00f3n tots, fil per randa, originals de l\u2019\u00e8poca en qu\u00e8 va ser-ne constru\u00eft.&nbsp;<\/p>\n\n\n\n<p class=\"wp-block-paragraph\">Finalment, cal esmentar l\u2019asil del Convent de la Sagrada Fam\u00edlia junt a la capella annexa la construcci\u00f3 dels quals es remunta a l\u2019any 1834, donat al poble pel senyor Fernando Maria Pastor Marqu\u00e9s i la senyora Filomena Garelly. La cirereta de la visita guiada la forma el Mol\u00ed i la Casa del Moliner, dels anys 1401 i 1611, amb un sistema hidr\u00e0ulic instal\u00b7lat a finals del segle XIX i que va ser utilitzat fins els 1970. L\u2019ajuntament el va comprar l\u2019any 1998.&nbsp;<\/p>\n\n\n\n<p class=\"wp-block-paragraph\">L\u2019alcalde de Riba-roja de T\u00faria, Robert Raga, ha destacat \u201cl\u2019enorme patrimoni que tenim a la localitat que s\u00f3n els fruit del pas de les diverses civilitzacions que hi han passat per deixar-nos un pou de saviesa i una empremta que ens serveix per endinsar-nos en la forma de viure i comportar-se els habitants en cadascuna des les \u00e8poques; la ruta de l\u2019aigua \u00e9s el reflex fidel d\u2019eixe passat que ens fa sentir-nos orgullosos del nostre origen\u201d.&nbsp;<br><\/p>\n","protected":false},"excerpt":{"rendered":"<div class=\"mh-excerpt\">Turisme posa en marxa un programa per con\u00e8ixer millor la hist\u00f2ria local L\u2019Ajuntament de Riba-roja de T\u00faria ha posat en marxa este estiu una s\u00e8rie de visites guiades per con\u00e8ixer amb m\u00e9s detall els lligams <a class=\"mh-excerpt-more\" href=\"https:\/\/tucomarca.whitekongsoftware.com\/ca\/riba-roja-explica-els-lligams-de-la-vila-amb-la-cultura-de-laigua-per-mitja-de-visites-guiades-als-monuments-historics\/\" title=\"Riba-roja explica els lligams de la vila amb la cultura de l\u2019aigua per mitj\u00e0 de visites guiades als monuments hist\u00f2rics\">[+] <\/a><\/div>\n","protected":false},"author":12,"featured_media":112703,"comment_status":"open","ping_status":"open","sticky":false,"template":"","format":"gallery","meta":{"footnotes":""},"categories":[10892,12202,10894,10903,11007,10906,10896],"tags":[10631,10395],"class_list":["post-112701","post","type-post","status-publish","format-gallery","has-post-thumbnail","category-camp-de-turia-ca","category-covid-19-ca","category-la-comarca-ca","category-medio-ambiente-la-comarca-ca","category-ocio-y-cultura-ca","category-riba-roja-ca","category-seccion-ca","tag-ajuntament-de-riba-roja","tag-camp-de-turia","post_format-post-format-gallery"],"_links":{"self":[{"href":"https:\/\/tucomarca.whitekongsoftware.com\/ca\/wp-json\/wp\/v2\/posts\/112701","targetHints":{"allow":["GET"]}}],"collection":[{"href":"https:\/\/tucomarca.whitekongsoftware.com\/ca\/wp-json\/wp\/v2\/posts"}],"about":[{"href":"https:\/\/tucomarca.whitekongsoftware.com\/ca\/wp-json\/wp\/v2\/types\/post"}],"author":[{"embeddable":true,"href":"https:\/\/tucomarca.whitekongsoftware.com\/ca\/wp-json\/wp\/v2\/users\/12"}],"replies":[{"embeddable":true,"href":"https:\/\/tucomarca.whitekongsoftware.com\/ca\/wp-json\/wp\/v2\/comments?post=112701"}],"version-history":[{"count":0,"href":"https:\/\/tucomarca.whitekongsoftware.com\/ca\/wp-json\/wp\/v2\/posts\/112701\/revisions"}],"wp:featuredmedia":[{"embeddable":true,"href":"https:\/\/tucomarca.whitekongsoftware.com\/ca\/wp-json\/wp\/v2\/media\/112703"}],"wp:attachment":[{"href":"https:\/\/tucomarca.whitekongsoftware.com\/ca\/wp-json\/wp\/v2\/media?parent=112701"}],"wp:term":[{"taxonomy":"category","embeddable":true,"href":"https:\/\/tucomarca.whitekongsoftware.com\/ca\/wp-json\/wp\/v2\/categories?post=112701"},{"taxonomy":"post_tag","embeddable":true,"href":"https:\/\/tucomarca.whitekongsoftware.com\/ca\/wp-json\/wp\/v2\/tags?post=112701"}],"curies":[{"name":"wp","href":"https:\/\/api.w.org\/{rel}","templated":true}]}}