{"id":112689,"date":"2020-08-30T11:03:17","date_gmt":"2020-08-30T09:03:17","guid":{"rendered":"http:\/\/www.tucomarca.com\/wordpress\/segunda\/?p=112689"},"modified":"2020-08-30T11:04:55","modified_gmt":"2020-08-30T09:04:55","slug":"video-aixi-va-ser-el-concurs-de-pasdobles-villa-de-bunyol-a-les-passades-fira-i-festes-2019","status":"publish","type":"post","link":"https:\/\/tucomarca.whitekongsoftware.com\/ca\/video-aixi-va-ser-el-concurs-de-pasdobles-villa-de-bunyol-a-les-passades-fira-i-festes-2019\/","title":{"rendered":"V\u00eddeo: aix\u00ed va ser el concurs de pasdobles Villa de Bunyol a les passades Fira i Festes 2019"},"content":{"rendered":"\n<figure class=\"wp-block-embed-youtube wp-block-embed is-type-video is-provider-youtube wp-embed-aspect-16-9 wp-has-aspect-ratio\"><div class=\"wp-block-embed__wrapper\">\n<iframe loading=\"lazy\" title=\"V\u00eddeo: as\u00ed fue el concurso de pasodobles Villa de Bu\u00f1ol en las pasadas Feria y Fiestas 2019\" width=\"500\" height=\"281\" src=\"https:\/\/www.youtube.com\/embed\/Zn55DWd-NAQ?feature=oembed\" frameborder=\"0\" allow=\"accelerometer; autoplay; clipboard-write; encrypted-media; gyroscope; picture-in-picture; web-share\" referrerpolicy=\"strict-origin-when-cross-origin\" allowfullscreen><\/iframe>\n<\/div><\/figure>\n\n\n\n<p class=\"wp-block-paragraph\">Rememorem a <strong>tucomarca televisi\u00f3<\/strong> la jornada del Dia de les M\u00fasiques a la Fira i Festes de Bunyol 2019, que s\u2019inicia amb el desfilat dels participants al concurs de pasodobles Villa de Bunyol Que va vencer la banda de La Uni\u00f3 Musical de Y\u00e1tova. Una jornada musical de la que no es pot disfrutar aquest any a causa de la pand\u00e8mia de covid19 que ha impedit aquests festes.<\/p>\n","protected":false},"excerpt":{"rendered":"<div class=\"mh-excerpt\">Rememorem a tucomarca televisi\u00f3 la jornada del Dia de les M\u00fasiques a la Fira i Festes de Bunyol 2019, que s\u2019inicia amb el desfilat dels participants al concurs de pasodobles Villa de Bunyol Que va <a class=\"mh-excerpt-more\" href=\"https:\/\/tucomarca.whitekongsoftware.com\/ca\/video-aixi-va-ser-el-concurs-de-pasdobles-villa-de-bunyol-a-les-passades-fira-i-festes-2019\/\" title=\"V\u00eddeo: aix\u00ed va ser el concurs de pasdobles Villa de Bunyol a les passades Fira i Festes 2019\">[+] <\/a><\/div>\n","protected":false},"author":1,"featured_media":112675,"comment_status":"open","ping_status":"open","sticky":false,"template":"","format":"video","meta":{"footnotes":""},"categories":[10911,11005,12202,10898,10894,10912,11004,11007,11008,10896,10897,11062],"tags":[11939,11940,11952,12484,10914,12486],"class_list":["post-112689","post","type-post","status-publish","format-video","has-post-thumbnail","category-bunol-ca","category-canal-musica","category-covid-19-ca","category-ventana-ca","category-la-comarca-ca","category-la-hoya-ca","category-la-semana-en-imagenes-ca","category-ocio-y-cultura-ca","category-pueblos-en-fiestas-ca","category-seccion-ca","category-sucesos-la-comarca-ca","category-videos","tag-coronavirus-ca","tag-covid-19-ca","tag-covid2019-ca","tag-feria-y-fiestas-bunol-ca","tag-la-hoya-de-bunol-chiva-ca","tag-ni-ferias-ni-fiestas-2020-ca","post_format-post-format-video"],"_links":{"self":[{"href":"https:\/\/tucomarca.whitekongsoftware.com\/ca\/wp-json\/wp\/v2\/posts\/112689","targetHints":{"allow":["GET"]}}],"collection":[{"href":"https:\/\/tucomarca.whitekongsoftware.com\/ca\/wp-json\/wp\/v2\/posts"}],"about":[{"href":"https:\/\/tucomarca.whitekongsoftware.com\/ca\/wp-json\/wp\/v2\/types\/post"}],"author":[{"embeddable":true,"href":"https:\/\/tucomarca.whitekongsoftware.com\/ca\/wp-json\/wp\/v2\/users\/1"}],"replies":[{"embeddable":true,"href":"https:\/\/tucomarca.whitekongsoftware.com\/ca\/wp-json\/wp\/v2\/comments?post=112689"}],"version-history":[{"count":0,"href":"https:\/\/tucomarca.whitekongsoftware.com\/ca\/wp-json\/wp\/v2\/posts\/112689\/revisions"}],"wp:featuredmedia":[{"embeddable":true,"href":"https:\/\/tucomarca.whitekongsoftware.com\/ca\/wp-json\/wp\/v2\/media\/112675"}],"wp:attachment":[{"href":"https:\/\/tucomarca.whitekongsoftware.com\/ca\/wp-json\/wp\/v2\/media?parent=112689"}],"wp:term":[{"taxonomy":"category","embeddable":true,"href":"https:\/\/tucomarca.whitekongsoftware.com\/ca\/wp-json\/wp\/v2\/categories?post=112689"},{"taxonomy":"post_tag","embeddable":true,"href":"https:\/\/tucomarca.whitekongsoftware.com\/ca\/wp-json\/wp\/v2\/tags?post=112689"}],"curies":[{"name":"wp","href":"https:\/\/api.w.org\/{rel}","templated":true}]}}