{"id":112598,"date":"2020-08-28T13:00:11","date_gmt":"2020-08-28T11:00:11","guid":{"rendered":"http:\/\/www.tucomarca.com\/wordpress\/segunda\/?p=112598"},"modified":"2020-08-28T13:19:47","modified_gmt":"2020-08-28T11:19:47","slug":"video-revivim-la-romeria-activitats-infantils-i-carrer-engalanat-a-las-ventas-de-bunyol-durant-la-fira-i-festes-2019","status":"publish","type":"post","link":"https:\/\/tucomarca.whitekongsoftware.com\/ca\/video-revivim-la-romeria-activitats-infantils-i-carrer-engalanat-a-las-ventas-de-bunyol-durant-la-fira-i-festes-2019\/","title":{"rendered":"V\u00eddeo: revivim la romeria, activitats infantils i carrer engalanat a Las Ventas de Bunyol durant la Fira i Festes 2019"},"content":{"rendered":"\n<figure class=\"wp-block-embed-youtube wp-block-embed is-type-video is-provider-youtube wp-embed-aspect-16-9 wp-has-aspect-ratio\"><div class=\"wp-block-embed__wrapper\">\n<iframe loading=\"lazy\" title=\"V\u00eddeo: romer\u00eda, actividades infantiles y calle engalanada en Las Ventas de Bu\u00f1ol\" width=\"500\" height=\"281\" src=\"https:\/\/www.youtube.com\/embed\/InU3qyBpqRU?feature=oembed\" frameborder=\"0\" allow=\"accelerometer; autoplay; clipboard-write; encrypted-media; gyroscope; picture-in-picture; web-share\" referrerpolicy=\"strict-origin-when-cross-origin\" allowfullscreen><\/iframe>\n<\/div><\/figure>\n\n\n\n<p class=\"wp-block-paragraph\">Recordem a <strong>tucomarca televisi\u00f3<\/strong> la romeria, les activitats infantils i el carrer engalanat a Las Ventas durant la Fira i Festes de Bunyol 2019.<\/p>\n","protected":false},"excerpt":{"rendered":"<div class=\"mh-excerpt\">Recordem a tucomarca televisi\u00f3 la romeria, les activitats infantils i el carrer engalanat a Las Ventas durant la Fira i Festes de Bunyol 2019.<\/div>\n","protected":false},"author":1,"featured_media":112571,"comment_status":"open","ping_status":"open","sticky":false,"template":"","format":"video","meta":{"footnotes":""},"categories":[10911,12202,10894,10912,11004,11008,10896,10897,11062],"tags":[11917,11939,11940,11952,12484,10914,12495,12486],"class_list":["post-112598","post","type-post","status-publish","format-video","has-post-thumbnail","category-bunol-ca","category-covid-19-ca","category-la-comarca-ca","category-la-hoya-ca","category-la-semana-en-imagenes-ca","category-pueblos-en-fiestas-ca","category-seccion-ca","category-sucesos-la-comarca-ca","category-videos","tag-2020-ca","tag-coronavirus-ca","tag-covid-19-ca","tag-covid2019-ca","tag-feria-y-fiestas-bunol-ca","tag-la-hoya-de-bunol-chiva-ca","tag-ni-feria-ni-fiestas-ca","tag-ni-ferias-ni-fiestas-2020-ca","post_format-post-format-video"],"_links":{"self":[{"href":"https:\/\/tucomarca.whitekongsoftware.com\/ca\/wp-json\/wp\/v2\/posts\/112598","targetHints":{"allow":["GET"]}}],"collection":[{"href":"https:\/\/tucomarca.whitekongsoftware.com\/ca\/wp-json\/wp\/v2\/posts"}],"about":[{"href":"https:\/\/tucomarca.whitekongsoftware.com\/ca\/wp-json\/wp\/v2\/types\/post"}],"author":[{"embeddable":true,"href":"https:\/\/tucomarca.whitekongsoftware.com\/ca\/wp-json\/wp\/v2\/users\/1"}],"replies":[{"embeddable":true,"href":"https:\/\/tucomarca.whitekongsoftware.com\/ca\/wp-json\/wp\/v2\/comments?post=112598"}],"version-history":[{"count":0,"href":"https:\/\/tucomarca.whitekongsoftware.com\/ca\/wp-json\/wp\/v2\/posts\/112598\/revisions"}],"wp:featuredmedia":[{"embeddable":true,"href":"https:\/\/tucomarca.whitekongsoftware.com\/ca\/wp-json\/wp\/v2\/media\/112571"}],"wp:attachment":[{"href":"https:\/\/tucomarca.whitekongsoftware.com\/ca\/wp-json\/wp\/v2\/media?parent=112598"}],"wp:term":[{"taxonomy":"category","embeddable":true,"href":"https:\/\/tucomarca.whitekongsoftware.com\/ca\/wp-json\/wp\/v2\/categories?post=112598"},{"taxonomy":"post_tag","embeddable":true,"href":"https:\/\/tucomarca.whitekongsoftware.com\/ca\/wp-json\/wp\/v2\/tags?post=112598"}],"curies":[{"name":"wp","href":"https:\/\/api.w.org\/{rel}","templated":true}]}}