{"id":112566,"date":"2020-08-27T13:35:20","date_gmt":"2020-08-27T11:35:20","guid":{"rendered":"http:\/\/www.tucomarca.com\/wordpress\/segunda\/?p=112566"},"modified":"2020-08-27T23:01:15","modified_gmt":"2020-08-27T21:01:15","slug":"lexposicio-rincon-del-olvido-que-ha-recorregut-cortes-de-pallas-i-les-seues-aldees-es-clausura-aquest-divendres-a-venta-gaeta","status":"publish","type":"post","link":"https:\/\/tucomarca.whitekongsoftware.com\/ca\/lexposicio-rincon-del-olvido-que-ha-recorregut-cortes-de-pallas-i-les-seues-aldees-es-clausura-aquest-divendres-a-venta-gaeta\/","title":{"rendered":"L\u2019exposici\u00f3 \u00abRinc\u00f3n del olvido\u00bb, que ha recorregut Cortes de Pall\u00e0s i les seues aldees, \u00e9s clausura aquest divendres a Venta Gaeta"},"content":{"rendered":"\n<p class=\"wp-block-paragraph\">Aquest dvendres, 28 d&#8217;agost, a les 20,00 hores, Venta Gaeta alberga l&#8217;acte de clausura de l&#8217;exposici\u00f3 de pintura i fotografia Rac\u00f3 de l&#8217;oblit, despr\u00e9s de rec\u00f3rrer Cortes de Pall\u00e0s i les seues set aldees.<\/p>\n\n\n\n<p class=\"wp-block-paragraph\">L&#8217;acte de clausura se celebrar\u00e0 en un recinte tancat en el carrer. L&#8217;espai es transformar\u00e0 per a recrear la pr\u00f2pia obra pict\u00f2rica, escenes d&#8217;oficis i activitats oblidades que cultivaven els nostres iaios i iaies, les nostres mares i pares.<\/p>\n\n\n\n<p class=\"wp-block-paragraph\">En este escenari, on estar\u00e0n exposades les pintures i fotografies, es desarrollar\u00e0n dos actuacions musicals: el saxofonista Jos\u00e9 Antonio Tello, saxo de la Societat Musical L&#8217;Art\u00edstica, i Mar\u00eda Dolores Haba, veu i guitarra. <\/p>\n\n\n\n<p class=\"wp-block-paragraph\">\u201cEn tot moment se seguir\u00e0n estrictament les mesures per la Covid19. Les persones estar\u00e0n assentades a una dist\u00e0ncia de dos metres entre cadires. A l&#8217;entrada es tomar\u00e0 la temperatura i s&#8217;anotar\u00e0 nom i tel\u00e8fon\u201d, seg\u00f3ns el organitzadors, \u201cque durant tot l&#8217;acte es mantendr\u00e0 la m\u00e0scara posada. El recorregut de la mostra es far\u00e1 en grups de no m\u00e0s de cinc persones, guardant dist\u00e0ncia entre elles\u201c. L&#8217;organitzaci\u00f3 s&#8217;ocupar\u00e0 en tot moment del compliment de les normes.<\/p>\n","protected":false},"excerpt":{"rendered":"<div class=\"mh-excerpt\">Aquest dvendres, 28 d&#8217;agost, a les 20,00 hores, Venta Gaeta alberga l&#8217;acte de clausura de l&#8217;exposici\u00f3 de pintura i fotografia Rac\u00f3 de l&#8217;oblit, despr\u00e9s de rec\u00f3rrer Cortes de Pall\u00e0s i les seues set aldees. L&#8217;acte <a class=\"mh-excerpt-more\" href=\"https:\/\/tucomarca.whitekongsoftware.com\/ca\/lexposicio-rincon-del-olvido-que-ha-recorregut-cortes-de-pallas-i-les-seues-aldees-es-clausura-aquest-divendres-a-venta-gaeta\/\" title=\"L\u2019exposici\u00f3 \u00abRinc\u00f3n del olvido\u00bb, que ha recorregut Cortes de Pall\u00e0s i les seues aldees, \u00e9s clausura aquest divendres a Venta Gaeta\">[+] <\/a><\/div>\n","protected":false},"author":12,"featured_media":112563,"comment_status":"open","ping_status":"open","sticky":false,"template":"","format":"standard","meta":{"footnotes":""},"categories":[11019,10951,10953,10894,11007,10896],"tags":[11521,11939,11934],"class_list":["post-112566","post","type-post","status-publish","format-standard","has-post-thumbnail","category-agenda-ca","category-ayora-cofrentes-ca","category-cortes-de-pallas-ca","category-la-comarca-ca","category-ocio-y-cultura-ca","category-seccion-ca","tag-ayuntamiento-de-cortes-de-pallas-ca","tag-coronavirus-ca","tag-el-valle-de-ayora-cofrentes-ca"],"_links":{"self":[{"href":"https:\/\/tucomarca.whitekongsoftware.com\/ca\/wp-json\/wp\/v2\/posts\/112566","targetHints":{"allow":["GET"]}}],"collection":[{"href":"https:\/\/tucomarca.whitekongsoftware.com\/ca\/wp-json\/wp\/v2\/posts"}],"about":[{"href":"https:\/\/tucomarca.whitekongsoftware.com\/ca\/wp-json\/wp\/v2\/types\/post"}],"author":[{"embeddable":true,"href":"https:\/\/tucomarca.whitekongsoftware.com\/ca\/wp-json\/wp\/v2\/users\/12"}],"replies":[{"embeddable":true,"href":"https:\/\/tucomarca.whitekongsoftware.com\/ca\/wp-json\/wp\/v2\/comments?post=112566"}],"version-history":[{"count":0,"href":"https:\/\/tucomarca.whitekongsoftware.com\/ca\/wp-json\/wp\/v2\/posts\/112566\/revisions"}],"wp:featuredmedia":[{"embeddable":true,"href":"https:\/\/tucomarca.whitekongsoftware.com\/ca\/wp-json\/wp\/v2\/media\/112563"}],"wp:attachment":[{"href":"https:\/\/tucomarca.whitekongsoftware.com\/ca\/wp-json\/wp\/v2\/media?parent=112566"}],"wp:term":[{"taxonomy":"category","embeddable":true,"href":"https:\/\/tucomarca.whitekongsoftware.com\/ca\/wp-json\/wp\/v2\/categories?post=112566"},{"taxonomy":"post_tag","embeddable":true,"href":"https:\/\/tucomarca.whitekongsoftware.com\/ca\/wp-json\/wp\/v2\/tags?post=112566"}],"curies":[{"name":"wp","href":"https:\/\/api.w.org\/{rel}","templated":true}]}}