{"id":112495,"date":"2020-08-27T09:00:33","date_gmt":"2020-08-27T07:00:33","guid":{"rendered":"http:\/\/www.tucomarca.com\/wordpress\/segunda\/?p=112495"},"modified":"2020-08-27T21:42:57","modified_gmt":"2020-08-27T19:42:57","slug":"sanitat-detecta-829-nous-casos-de-coronavirus-en-una-jornada-en-que-shan-realitzat-9-403-proves-pcr","status":"publish","type":"post","link":"https:\/\/tucomarca.whitekongsoftware.com\/ca\/sanitat-detecta-829-nous-casos-de-coronavirus-en-una-jornada-en-que-shan-realitzat-9-403-proves-pcr\/","title":{"rendered":"Sanitat detecta 829 nous casos de coronavirus en una jornada en qu\u00e8 s&#8217;han realitzat 9.403 proves PCR"},"content":{"rendered":"\n<p class=\"wp-block-paragraph\"><strong>La taxa d&#8217;incid\u00e8ncia acumulada continua estant per davall de la mitjana espanyola<\/strong><\/p>\n\n\n\n<p class=\"wp-block-paragraph\"><strong>Barcel\u00f3: &#8220;El 40% dels casos actius s\u00f3n asintom\u00e1tics&#8221;<\/strong><\/p>\n\n\n\n<p class=\"wp-block-paragraph\">La Comunitat Valenciana ha registrat des de l&#8217;\u00faltima actualitzaci\u00f3 829 nous contagis de coronavirus confirmats per prova PCR, que situen la xifra total de positius en 21.599 persones. Per prov\u00edncies, la distribuci\u00f3 \u00e9s la seg\u00fcent: 89 a Castell\u00f3 (2.460 en total); 220 a la prov\u00edncia d&#8217;Alacant (6.748 en total); i 520 a la prov\u00edncia de Val\u00e8ncia (12.389 en total). A m\u00e9s, hi ha 2 casos sense assignar.<\/p>\n\n\n\n<p class=\"wp-block-paragraph\">La consellera de Sanitat Universal i Salut P\u00fablica, Ana Barcel\u00f3, ha destacat que &#8220;s&#8217;est\u00e0 produint un creixement sostingut de el nombre de casos ja que hi ha una major capacitat de detecci\u00f3 que ens ajuda a comptar amb m\u00e9s armes per frenar els contagis com demostra el fet que el 40% dels casos actius s\u00f3n asimptom\u00e0tics &#8220;.<\/p>\n\n\n\n<p class=\"wp-block-paragraph\">D&#8217;altra banda, s&#8217;han donat 459 altes a pacients amb coronavirus, de manera que el total de persones curades des de l&#8217;inici de la pand\u00e8mia se situa en 23.758: 3.055 a Castell\u00f3, 7.582 a Alacant i 13.087 a Val\u00e8ncia. A m\u00e9s, hi ha 34 altes no assignades.<\/p>\n\n\n\n<p class=\"wp-block-paragraph\">Els hospitals valencians tenen, actualment, 335 persones ingressades: 30 a la prov\u00edncia de Castell\u00f3, amb 3 pacients en UCI; 89 a la prov\u00edncia d&#8217;Alacant, 14 d&#8217;ells a l&#8217;UCI; i 216 a la prov\u00edncia de Val\u00e8ncia, 22 d&#8217;ells en UCI.<\/p>\n\n\n\n<p class=\"wp-block-paragraph\">D&#8217;aquesta manera, a hores d&#8217;ara hi ha actius 4.825 casos, fet que suposa un 16,04% de l&#8217;total de positius.<\/p>\n\n\n\n<p class=\"wp-block-paragraph\">D&#8217;altra banda, s&#8217;ha registrat 1 mort per coronavirus, de manera que el total de defuncions ascendeix a 1.503 persones: 227 a la prov\u00edncia de Castell\u00f3, 519 a la d&#8217;Alacant i 757 a la de Val\u00e8ncia.<\/p>\n\n\n\n<p class=\"wp-block-paragraph\">El nombre total de proves dutes a terme per a la detecci\u00f3 de l&#8217;coronavirus ascendix a 774.356, de les quals 633.953 han estat a trav\u00e9s de PCR (9.403 m\u00e9s que ahir) i 140.403 mitjan\u00e7ant test r\u00e0pid (357 en l&#8217;\u00faltima jornada).<\/p>\n\n\n\n<p class=\"wp-block-paragraph\"><strong>Actualitzaci\u00f3 de la situaci\u00f3 en resid\u00e8ncies<\/strong><\/p>\n\n\n\n<p class=\"wp-block-paragraph\">En aquests moments, el 75% de les resid\u00e8ncies de la Comunitat Valenciana on s&#8217;han detectat casos tenen un \u00fanic positiu, de persona resident o de personal treballador.<\/p>\n\n\n\n<p class=\"wp-block-paragraph\">Hi ha algun cas positiu en 37 resid\u00e8ncies de majors (3 a la prov\u00edncia de Castell\u00f3, 16 a la prov\u00edncia d&#8217;Alacant i 18 a la prov\u00edncia de Val\u00e8ncia), 6 resid\u00e8ncies de persones amb diversitat funcional (2 a la prov\u00edncia de Castell\u00f3, 1 a la prov\u00edncia d&#8217;Alacant i 3 a la de Val\u00e8ncia) i 4 centres de menors (1 a la prov\u00edncies de Castell\u00f3 i 3 a la prov\u00edncia de Val\u00e8ncia).<\/p>\n\n\n\n<ul class=\"wp-block-list\"><li>Residents nous positius: 3<\/li><li>Treballadors nous positius: 0<\/li><li>Residents morts: 0<\/li><\/ul>\n\n\n\n<p class=\"wp-block-paragraph\">Actualment es troben sota vigil\u00e0ncia activa de control sanitari 4 resid\u00e8ncies a la Comunitat Valenciana: 0 a la prov\u00edncia de Castell\u00f3, 2 a la prov\u00edncia d&#8217;Alacant i 2 a la prov\u00edncia de Val\u00e8ncia.<\/p>\n\n\n\n<p class=\"wp-block-paragraph\"><strong>Actualitzaci\u00f3 brots de coronavirus<\/strong><\/p>\n\n\n\n<p class=\"wp-block-paragraph\">Nous brots:<\/p>\n\n\n\n<p class=\"wp-block-paragraph\">\u00b7 D\u00e9nia: 7 casos. origen laboral<br>\n\u00b7 Val\u00e8ncia: 3 casos. origen social<br>\n\u00b7 Val\u00e8ncia: 7 casos. origen social<br>\n\u00b7 Nules: 3 casos. origen social<br>\n\u00b7 Fond\u00f3 de les Neus: 7 casos. origen social<br>\n\u00b7 Val\u00e8ncia: 6 casos. origen social<br>\n\u00b7 Villar de l&#8217;Arquebisbe: 4 casos. origen social<br>\n\u00b7 Moncada: 3 casos. origen laboral<br>\n\u00b7 La Pobla de Vallbona: 3 casos. origen laboral<br>\n\u00b7 Oriola: 6 casos. origen social<br>\n\u00b7 Catarroja: 5 casos. origen social<br>\n\u00b7 Val\u00e8ncia: 3 casos. origen social<br>\n\u00b7 Val\u00e8ncia: 3 casos. origen social<br>\n\u00b7 Val\u00e8ncia: 3 casos. origen social<br>\n\u00b7 Algemes\u00ed: 4 casos. origen social<br>\n\u00b7 Onda: 5 casos. origen social<br>\n\u00b7 Benidorm: 4 casos. origen laboral<br>\n\u00b7 Banyeres de Mariola: 7 casos. origen social<br>\n\u00b7 Betera: 7 casos. origen social<br>\n\u00b7 La Pobla de Vallbona: 5 casos. origen social<br>\n\u00b7 Val\u00e8ncia: 4 casos. origen social<br>\n\u00b7 Val\u00e8ncia: 5 casos. origen social<br>\n\u00b7 Paterna: 4 casos. origen social<br>\n\u00b7 Val\u00e8ncia: 4 casos. origen social<br>\n\u00b7 Val\u00e8ncia: 4 casos. origen social<br>\n\u00b7 Val\u00e8ncia: 3 casos. origen social<\/p>\n","protected":false},"excerpt":{"rendered":"<div class=\"mh-excerpt\">La taxa d&#8217;incid\u00e8ncia acumulada continua estant per davall de la mitjana espanyola Barcel\u00f3: &#8220;El 40% dels casos actius s\u00f3n asintom\u00e1tics&#8221; La Comunitat Valenciana ha registrat des de l&#8217;\u00faltima actualitzaci\u00f3 829 nous contagis de coronavirus confirmats <a class=\"mh-excerpt-more\" href=\"https:\/\/tucomarca.whitekongsoftware.com\/ca\/sanitat-detecta-829-nous-casos-de-coronavirus-en-una-jornada-en-que-shan-realitzat-9-403-proves-pcr\/\" title=\"Sanitat detecta 829 nous casos de coronavirus en una jornada en qu\u00e8 s&#8217;han realitzat 9.403 proves PCR\">[+] <\/a><\/div>\n","protected":false},"author":12,"featured_media":112017,"comment_status":"open","ping_status":"open","sticky":false,"template":"","format":"standard","meta":{"footnotes":""},"categories":[11010,12202,10898,10948,10894,10904,10903,10947,10896,10897],"tags":[12165,11939,11940,11498],"class_list":["post-112495","post","type-post","status-publish","format-standard","has-post-thumbnail","category-canal-salud","category-covid-19-ca","category-ventana-ca","category-infraestructuras-ca","category-la-comarca-ca","category-sin-categorizar-ca","category-medio-ambiente-la-comarca-ca","category-politica","category-seccion-ca","category-sucesos-la-comarca-ca","tag-conselleria-de-sanitat-ca","tag-coronavirus-ca","tag-covid-19-ca","tag-generalitat-valenciana-ca"],"_links":{"self":[{"href":"https:\/\/tucomarca.whitekongsoftware.com\/ca\/wp-json\/wp\/v2\/posts\/112495","targetHints":{"allow":["GET"]}}],"collection":[{"href":"https:\/\/tucomarca.whitekongsoftware.com\/ca\/wp-json\/wp\/v2\/posts"}],"about":[{"href":"https:\/\/tucomarca.whitekongsoftware.com\/ca\/wp-json\/wp\/v2\/types\/post"}],"author":[{"embeddable":true,"href":"https:\/\/tucomarca.whitekongsoftware.com\/ca\/wp-json\/wp\/v2\/users\/12"}],"replies":[{"embeddable":true,"href":"https:\/\/tucomarca.whitekongsoftware.com\/ca\/wp-json\/wp\/v2\/comments?post=112495"}],"version-history":[{"count":0,"href":"https:\/\/tucomarca.whitekongsoftware.com\/ca\/wp-json\/wp\/v2\/posts\/112495\/revisions"}],"wp:featuredmedia":[{"embeddable":true,"href":"https:\/\/tucomarca.whitekongsoftware.com\/ca\/wp-json\/wp\/v2\/media\/112017"}],"wp:attachment":[{"href":"https:\/\/tucomarca.whitekongsoftware.com\/ca\/wp-json\/wp\/v2\/media?parent=112495"}],"wp:term":[{"taxonomy":"category","embeddable":true,"href":"https:\/\/tucomarca.whitekongsoftware.com\/ca\/wp-json\/wp\/v2\/categories?post=112495"},{"taxonomy":"post_tag","embeddable":true,"href":"https:\/\/tucomarca.whitekongsoftware.com\/ca\/wp-json\/wp\/v2\/tags?post=112495"}],"curies":[{"name":"wp","href":"https:\/\/api.w.org\/{rel}","templated":true}]}}