{"id":112383,"date":"2020-08-24T20:05:12","date_gmt":"2020-08-24T18:05:12","guid":{"rendered":"http:\/\/www.tucomarca.com\/wordpress\/segunda\/?p=112383"},"modified":"2020-08-24T20:06:27","modified_gmt":"2020-08-24T18:06:27","slug":"video-recordem-el-multitudinari-concurs-de-paelles-de-la-fira-i-festes-2019-de-bunyol","status":"publish","type":"post","link":"https:\/\/tucomarca.whitekongsoftware.com\/ca\/video-recordem-el-multitudinari-concurs-de-paelles-de-la-fira-i-festes-2019-de-bunyol\/","title":{"rendered":"V\u00eddeo: recordem el multitudinari concurs de paelles de la Fira i Festes 2019 de Bunyol"},"content":{"rendered":"\n<figure class=\"wp-block-embed-youtube wp-block-embed is-type-video is-provider-youtube wp-embed-aspect-16-9 wp-has-aspect-ratio\"><div class=\"wp-block-embed__wrapper\">\n<iframe loading=\"lazy\" title=\"V\u00eddeo: recordamos el concurso de paellas de la Feria y Fiestas 2019 de Bu\u00f1ol\" width=\"500\" height=\"281\" src=\"https:\/\/www.youtube.com\/embed\/A62AovpeqA4?feature=oembed\" frameborder=\"0\" allow=\"accelerometer; autoplay; clipboard-write; encrypted-media; gyroscope; picture-in-picture; web-share\" referrerpolicy=\"strict-origin-when-cross-origin\" allowfullscreen><\/iframe>\n<\/div><\/figure>\n\n\n\n<p class=\"wp-block-paragraph\">En <strong>tucomarca televisi\u00f3<\/strong> volem reviure com es va viure el concurs de paelles organitzat per la Comissi\u00f3 de Festes de l&#8217;Ajuntament de Bunyol durant la Fira i Festes 2019 de la localitat, la celebraci\u00f3 no s&#8217;ha pogut desenvolupar aquest dilluns de festes per la pand\u00e8mia de covid-19 .<\/p>\n","protected":false},"excerpt":{"rendered":"<div class=\"mh-excerpt\">En tucomarca televisi\u00f3 volem reviure com es va viure el concurs de paelles organitzat per la Comissi\u00f3 de Festes de l&#8217;Ajuntament de Bunyol durant la Fira i Festes 2019 de la localitat, la celebraci\u00f3 no <a class=\"mh-excerpt-more\" href=\"https:\/\/tucomarca.whitekongsoftware.com\/ca\/video-recordem-el-multitudinari-concurs-de-paelles-de-la-fira-i-festes-2019-de-bunyol\/\" title=\"V\u00eddeo: recordem el multitudinari concurs de paelles de la Fira i Festes 2019 de Bunyol\">[+] <\/a><\/div>\n","protected":false},"author":1,"featured_media":112382,"comment_status":"open","ping_status":"open","sticky":false,"template":"","format":"video","meta":{"footnotes":""},"categories":[10911,12202,10894,10912,11004,11008,10896,10897,11062],"tags":[11595,10913,11939,11940,11952,11177,10914],"class_list":["post-112383","post","type-post","status-publish","format-video","has-post-thumbnail","category-bunol-ca","category-covid-19-ca","category-la-comarca-ca","category-la-hoya-ca","category-la-semana-en-imagenes-ca","category-pueblos-en-fiestas-ca","category-seccion-ca","category-sucesos-la-comarca-ca","category-videos","tag-2019-ca","tag-bunol-ca","tag-coronavirus-ca","tag-covid-19-ca","tag-covid2019-ca","tag-fira-y-festes","tag-la-hoya-de-bunol-chiva-ca","post_format-post-format-video"],"_links":{"self":[{"href":"https:\/\/tucomarca.whitekongsoftware.com\/ca\/wp-json\/wp\/v2\/posts\/112383","targetHints":{"allow":["GET"]}}],"collection":[{"href":"https:\/\/tucomarca.whitekongsoftware.com\/ca\/wp-json\/wp\/v2\/posts"}],"about":[{"href":"https:\/\/tucomarca.whitekongsoftware.com\/ca\/wp-json\/wp\/v2\/types\/post"}],"author":[{"embeddable":true,"href":"https:\/\/tucomarca.whitekongsoftware.com\/ca\/wp-json\/wp\/v2\/users\/1"}],"replies":[{"embeddable":true,"href":"https:\/\/tucomarca.whitekongsoftware.com\/ca\/wp-json\/wp\/v2\/comments?post=112383"}],"version-history":[{"count":0,"href":"https:\/\/tucomarca.whitekongsoftware.com\/ca\/wp-json\/wp\/v2\/posts\/112383\/revisions"}],"wp:featuredmedia":[{"embeddable":true,"href":"https:\/\/tucomarca.whitekongsoftware.com\/ca\/wp-json\/wp\/v2\/media\/112382"}],"wp:attachment":[{"href":"https:\/\/tucomarca.whitekongsoftware.com\/ca\/wp-json\/wp\/v2\/media?parent=112383"}],"wp:term":[{"taxonomy":"category","embeddable":true,"href":"https:\/\/tucomarca.whitekongsoftware.com\/ca\/wp-json\/wp\/v2\/categories?post=112383"},{"taxonomy":"post_tag","embeddable":true,"href":"https:\/\/tucomarca.whitekongsoftware.com\/ca\/wp-json\/wp\/v2\/tags?post=112383"}],"curies":[{"name":"wp","href":"https:\/\/api.w.org\/{rel}","templated":true}]}}