{"id":112191,"date":"2020-08-21T19:22:42","date_gmt":"2020-08-21T17:22:42","guid":{"rendered":"http:\/\/www.tucomarca.com\/wordpress\/segunda\/?p=112191"},"modified":"2020-08-21T19:24:10","modified_gmt":"2020-08-21T17:24:10","slug":"bunyol-riba-roja-chiva-cheste-i-algemesi-se-sumen-als-24-ultims-nous-brots-de-coronavirus-amb-9-9-8-7-i-6-casos-respectivament","status":"publish","type":"post","link":"https:\/\/tucomarca.whitekongsoftware.com\/ca\/bunyol-riba-roja-chiva-cheste-i-algemesi-se-sumen-als-24-ultims-nous-brots-de-coronavirus-amb-9-9-8-7-i-6-casos-respectivament\/","title":{"rendered":"Bunyol, Riba-roja, Xiva, Xest i Algemes\u00ed se sumen als 24 \u00faltims nous brots de coronavirus amb 9, 9, 8, 7 i 6 casos, respectivament"},"content":{"rendered":"\n<p class=\"wp-block-paragraph\">La Comunitat Valenciana ha registrat en l&#8217;\u00faltima jornada 457 nous contagis de coronavirus confirmats per prova PCR, que situen la xifra total de positius en 19.122 persones.<\/p>\n\n\n\n<p class=\"wp-block-paragraph\">Entre els nous 24 brots dels quals ha informat aquest divendres la Conselleria de Sanitat, diversos d&#8217;ells s&#8217;han produ\u00eft a l&#8217;interior de la prov\u00edncia de Val\u00e8ncia, concretament han estat a les localitats de Bunyol, amb 9 casos d&#8217;origen mixt (social- laboral); de Riba-roja de T\u00faria, amb altres 9 casos d&#8217;origen social; de Xiva, amb 8 casos d&#8217;origen tamb\u00e9 mixt (social-laboral); de Xest, amb 7 casos d&#8217;origen laboral; i d&#8217;Algemes\u00ed, amb 6 casos d&#8217;origen social.<\/p>\n\n\n\n<p class=\"wp-block-paragraph\">Val\u00e8ncia segueix concentrant el major nombre de brots amb un total de 7; als quals se sumen altres nuclis de poblaci\u00f3 com Elx (amb fins a cinc nous brots), Sagunt, Oriola, Banyeres de Mariola; Torrent; Almassora; Algorfa; i Massanassa.<\/p>\n\n\n\n<p class=\"wp-block-paragraph\">Per prov\u00edncies, la distribuci\u00f3 \u00e9s la seg\u00fcent: 28 a Castell\u00f3 (2.215 en total); 120 a la prov\u00edncia d&#8217;Alacant (6.065 en total); i 292 a la prov\u00edncia de Val\u00e8ncia (10.785 en total). A m\u00e9s, hi ha 17 casos sense assignar, de manera que l&#8217;acumulat de casos sense assignar ascendeix a 57.<\/p>\n\n\n\n<p class=\"wp-block-paragraph\">D&#8217;altra banda, s&#8217;han donat 325 altes a pacients amb coronavirus, de manera que el total de persones curades des de l&#8217;inici de la pand\u00e8mia se situa en 22.392: 2.955 a Castell\u00f3, 7.246 a Alacant i 12.163 a Val\u00e8ncia. A m\u00e9s, hi ha 1 alta no assignada, que eleva a 28 el total d&#8217;altes no assignades.<\/p>\n\n\n\n<p class=\"wp-block-paragraph\">Els hospitals valencians tenen, actualment, 298 persones ingressades: 13 a la prov\u00edncia de Castell\u00f3, amb 2 pacients en UCI; 81 a la prov\u00edncia d&#8217;Alacant, d&#8217;ells 8 a la UCI; i 204 a la prov\u00edncia de Val\u00e8ncia, 22 d&#8217;ells en UCI.<\/p>\n\n\n\n<p class=\"wp-block-paragraph\">D&#8217;aquesta manera, a hores d&#8217;ara hi ha actius 3.622 casos, fet que suposa un 13,17% de l&#8217;total de positius.<\/p>\n\n\n\n<p class=\"wp-block-paragraph\">D&#8217;altra banda, s&#8217;han registrat 2 morts per coronavirus des de l&#8217;\u00faltima actualitzaci\u00f3, de manera que el total de defuncions ascendeix a 1.495 persones: 227 a la prov\u00edncia de Castell\u00f3, 519 a la d&#8217;Alacant i 749 a la de Val\u00e8ncia.<\/p>\n\n\n\n<p class=\"wp-block-paragraph\">El nombre total de proves dutes a terme per a la detecci\u00f3 de l&#8217;coronavirus ascendeix a 733.614, de les quals 594.438 han estat a trav\u00e9s de PCR i 139.176 mitjan\u00e7ant test r\u00e0pid.<\/p>\n\n\n\n<p class=\"wp-block-paragraph\">Actualitzaci\u00f3 de la situaci\u00f3 en resid\u00e8ncies<\/p>\n\n\n\n<p class=\"wp-block-paragraph\">En aquests moments hi ha algun cas positiu en 33 resid\u00e8ncies de majors (1 a la prov\u00edncia de Castell\u00f3, 14 a la prov\u00edncia d&#8217;Alacant i 18 a la prov\u00edncia de Val\u00e8ncia), 4 resid\u00e8ncies de persones amb diversitat funcional (1 a la prov\u00edncia de Castell\u00f3 i 3 a la de Val\u00e8ncia) i 3 centres de menors (1 a la prov\u00edncia de Castell\u00f3 i 2 a la de Val\u00e8ncia).<\/p>\n\n\n\n<ul class=\"wp-block-list\"><li>Residents nous positius: 3<\/li><li>Treballadors i treballadores nous positius: 3<\/li><li>Residents que han mort: 2<\/li><\/ul>\n\n\n\n<p class=\"wp-block-paragraph\">Actualment, es troben sota vigil\u00e0ncia activa de control sanitari mar\u00e7 resid\u00e8ncies a la Comunitat Valenciana: 0 a la prov\u00edncia de Castell\u00f3, 1 a la prov\u00edncia d&#8217;Alacant i 2 a la prov\u00edncia de Val\u00e8ncia.<\/p>\n","protected":false},"excerpt":{"rendered":"<div class=\"mh-excerpt\">La Comunitat Valenciana ha registrat en l&#8217;\u00faltima jornada 457 nous contagis de coronavirus confirmats per prova PCR, que situen la xifra total de positius en 19.122 persones. Entre els nous 24 brots dels quals ha <a class=\"mh-excerpt-more\" href=\"https:\/\/tucomarca.whitekongsoftware.com\/ca\/bunyol-riba-roja-chiva-cheste-i-algemesi-se-sumen-als-24-ultims-nous-brots-de-coronavirus-amb-9-9-8-7-i-6-casos-respectivament\/\" title=\"Bunyol, Riba-roja, Xiva, Xest i Algemes\u00ed se sumen als 24 \u00faltims nous brots de coronavirus amb 9, 9, 8, 7 i 6 casos, respectivament\">[+] <\/a><\/div>\n","protected":false},"author":1,"featured_media":112189,"comment_status":"open","ping_status":"open","sticky":false,"template":"","format":"standard","meta":{"footnotes":""},"categories":[10983,10911,10892,11010,12202,10898,10948,10894,10904,10912,10902,10903,10947,10906,10896,10897,10974,10975],"tags":[11285,11939,11940,11952,10914,11077],"class_list":["post-112191","post","type-post","status-publish","format-standard","has-post-thumbnail","category-algemesi-ca","category-bunol-ca","category-camp-de-turia-ca","category-canal-salud","category-covid-19-ca","category-ventana-ca","category-infraestructuras-ca","category-la-comarca-ca","category-sin-categorizar-ca","category-la-hoya-ca","category-la-ribera-ca","category-medio-ambiente-la-comarca-ca","category-politica","category-riba-roja-ca","category-seccion-ca","category-sucesos-la-comarca-ca","category-cheste-ca","category-chiva-ca","tag-comarca-camp-de-turia-ca","tag-coronavirus-ca","tag-covid-19-ca","tag-covid2019-ca","tag-la-hoya-de-bunol-chiva-ca","tag-la-ribera-alta-ca"],"_links":{"self":[{"href":"https:\/\/tucomarca.whitekongsoftware.com\/ca\/wp-json\/wp\/v2\/posts\/112191","targetHints":{"allow":["GET"]}}],"collection":[{"href":"https:\/\/tucomarca.whitekongsoftware.com\/ca\/wp-json\/wp\/v2\/posts"}],"about":[{"href":"https:\/\/tucomarca.whitekongsoftware.com\/ca\/wp-json\/wp\/v2\/types\/post"}],"author":[{"embeddable":true,"href":"https:\/\/tucomarca.whitekongsoftware.com\/ca\/wp-json\/wp\/v2\/users\/1"}],"replies":[{"embeddable":true,"href":"https:\/\/tucomarca.whitekongsoftware.com\/ca\/wp-json\/wp\/v2\/comments?post=112191"}],"version-history":[{"count":0,"href":"https:\/\/tucomarca.whitekongsoftware.com\/ca\/wp-json\/wp\/v2\/posts\/112191\/revisions"}],"wp:featuredmedia":[{"embeddable":true,"href":"https:\/\/tucomarca.whitekongsoftware.com\/ca\/wp-json\/wp\/v2\/media\/112189"}],"wp:attachment":[{"href":"https:\/\/tucomarca.whitekongsoftware.com\/ca\/wp-json\/wp\/v2\/media?parent=112191"}],"wp:term":[{"taxonomy":"category","embeddable":true,"href":"https:\/\/tucomarca.whitekongsoftware.com\/ca\/wp-json\/wp\/v2\/categories?post=112191"},{"taxonomy":"post_tag","embeddable":true,"href":"https:\/\/tucomarca.whitekongsoftware.com\/ca\/wp-json\/wp\/v2\/tags?post=112191"}],"curies":[{"name":"wp","href":"https:\/\/api.w.org\/{rel}","templated":true}]}}