{"id":112163,"date":"2020-08-21T09:57:40","date_gmt":"2020-08-21T07:57:40","guid":{"rendered":"http:\/\/www.tucomarca.com\/wordpress\/segunda\/?p=112163"},"modified":"2020-08-21T09:57:43","modified_gmt":"2020-08-21T07:57:43","slug":"la-regidoria-de-cultura-popular-programa-activitats-en-lauditori-de-sant-lluis-i-visites-guiades-en-estos-dies-de-ni-fires-ni-festes-de-bunyol","status":"publish","type":"post","link":"https:\/\/tucomarca.whitekongsoftware.com\/ca\/la-regidoria-de-cultura-popular-programa-activitats-en-lauditori-de-sant-lluis-i-visites-guiades-en-estos-dies-de-ni-fires-ni-festes-de-bunyol\/","title":{"rendered":"La regidoria de Cultura Popular programa activitats en l&#8217;Auditori de Sant Llu\u00eds i visites guiades en estos dies de &#8220;Ni Fires Ni Festes&#8221; de Bunyol"},"content":{"rendered":"\n<p class=\"wp-block-paragraph\"><strong>Concerts, una activitat infantil i un mon\u00f2leg en l&#8217;Auditori de Sant Llu\u00eds, visites guiades, concursos gastron\u00f2mics online i un castell de focs artificials arrepleguen les Ni Festes Ni Fires 2020 a Bu\u00f1ol des del 23 fins al 30 d&#8217;agost en la localitat<\/strong><\/p>\n\n\n\n<p class=\"wp-block-paragraph\">La regidoria de Cultura Popular, juntament amb la de Turisme-Tomatina de l&#8217;Ajuntament de Bunyol, han organitzat un petit programa d&#8217;actes previstos per aquests propers dies a la localitat, sempre seguint les mesures de mascareta, dist\u00e0ncia social i aforament limitat. Rafael P\u00e9rez, regidor de el ram d&#8217;aquest consistori ha qualificat de modesta l&#8217;oferta cultural que es presenta, que fins i tot s&#8217;ha quedat encara m\u00e9s minvada despr\u00e9s d&#8217;aquests \u00faltims retrocessos, &#8220;no anaven a ser unes fires i festes normals, per\u00f2 si vol\u00edem tenir uns espectacles en qu\u00e8 tothom, sobretot els xiquets i xiquetes, pogueren gaudir. Finalment no tindrem cap acte nocturn, ni musicals per a majors, ni concert rock ni altres moltes coses que estaven confirmades i que hem hagut d&#8217;ajornar, per\u00f2 nom\u00e9s per un temps, estic segur que m\u00e9s d&#8217;hora que tard tots aquests espectacles que tenim guardats a la recamara els farem i gaudirem tots i totes &#8220;.<\/p>\n\n\n\n<p class=\"wp-block-paragraph\">P\u00e9rez continua informant a la poblaci\u00f3 que tots els actes s\u00f3n a l&#8217;Auditori Municipal i amb entrada gratu\u00efta, que s&#8217;adquireix des de qualsevol dispositiu m\u00f2bil o ordinador. El web de compra d&#8217;entrada \u00e9s: https:\/\/www.entradaonline.es\/event-locality\/bunol\/<\/p>\n\n\n\n<p class=\"wp-block-paragraph\">El regidor de Cultura Popular finalitza: &#8220;Finalment, i encara que ho fa\u00e7a falta dir-ho, anem a garantir en tot moment les mesures sanit\u00e0ria i higi\u00e8niques que per a aquest ajuntament sempre ha estat la principal prioritat i ha estat treballant des del principi de la pand\u00e8mia garantint totes les mesures que existixen per acabar amb el coronavirus, i en aquesta s\u00e8rie d&#8217;actes no ser\u00e0 menys &#8220;.<\/p>\n\n\n\n<p class=\"wp-block-paragraph\">Els actes arrenquen aquest diumenge a les 9.30h amb una visita guiada a l&#8217;cementiri ma\u00e7\u00f2nic i castell de Bunyol. Nens menors de 12 anys gratu\u00eft. El preu \u00e9s 10 euros. Tots els que vulguin assistir poden fer-ho reservant pr\u00e8viament a el tel\u00e8fon 647.462 908. Les places s\u00f3n limitades.<br> Tamb\u00e9 aquest diumenge, a les 19.30h s&#8217;organitza a l&#8217;Auditori de Sant Llu\u00eds un musical ecol\u00f2gic infantil anomenat El Ministeri de la Terra. Tant per a aquest acte com per a la resta que s&#8217;organitzen a l&#8217;Auditori aquests propers dies l&#8217;entrada \u00e9s gratu\u00efta per\u00f2 han de fer una reserva d&#8217;entrada pr\u00e8viament per controlar l&#8217;aforament. Per a aix\u00f2 han punxar la web anteriorment esmentada i comprar la seva entrada virtual gratu\u00efta: https:\/\/www.entradaonline.es\/event-locality\/bunol\/<\/p>\n\n\n\n<p class=\"wp-block-paragraph\">Dilluns 24, dia tradicional de Concurs de Paelles, l&#8217;Ajuntament proposa un concurs de paelles en l\u00ednia. Animen a que petits grups de gent realitzen la seua pr\u00f2pia paella i pugen la foto a les xarxes socials durant tot el dia amb hastag # paellasonline2020. La foto guanyadora tindr\u00e0 un premi.<\/p>\n\n\n\n<p class=\"wp-block-paragraph\">Dimarts 25 a les 19.30h l&#8217;Auditori de Sant Llu\u00eds acollir\u00e0 l&#8217;actuaci\u00f3 de Jaume Caravaca i Grison Beatox. L&#8217;acte comptar\u00e0 amb dos els indiscutibles presentadors, Don Kuerales i els seus modals.<\/p>\n\n\n\n<p class=\"wp-block-paragraph\">Dimecres 26, dia en qu\u00e8 s&#8217;havia de celebrar La Tomatina, hi haur\u00e0 a les 19.30h un mon\u00f2leg de Ra\u00fal Ant\u00f3n a l&#8217;Auditori Municipal. A m\u00e9s, tamb\u00e9 des de la Regidoria de Turisme-Tomatina animen a petits grups a gravar-llan\u00e7ant-tom\u00e0quets. Aix\u00ed entre tots es far\u00e0 un v\u00eddeo conjunt que recordar\u00e0 aquesta at\u00edpica Tomatina Virtual 2020.<\/p>\n\n\n\n<p class=\"wp-block-paragraph\">A m\u00e9s, a les 20h, a la posta de sol a l&#8217;Castell de Bunyol, es far\u00e0 una visita guiada a museus i torres. Xiquets menors de 12 anys gratu\u00eft. El preu \u00e9s a 6 euros. Han de reservar la seua pla\u00e7a cridant a l&#8217;647.462 908. Compten amb aforament limitat.<\/p>\n\n\n\n<p class=\"wp-block-paragraph\">Tamb\u00e9 el dijous 27, Dia de Sant Llu\u00eds, es tenia previst realitzar una masclet\u00e0 en el Pont de Las Ventas. Finalment s&#8217;ha susp\u00e8s. Per\u00f2 aquell dia, a les 20h, tamb\u00e9 hi haur\u00e0 una altra visita guiada, com la del dia anterior, amb visita a museus i torres de el Castell de Bunyol.<\/p>\n\n\n\n<p class=\"wp-block-paragraph\">Des de la Regidoria de Cultura Popular tamb\u00e9 recorden que aquest dia era el que s&#8217;havia de celebrar el Concurs de Mojete i Ajoaceite. Aix\u00ed que proposen que petits grups confeccionen 1 allioli i \/ o mojete, es facen una foto i la pugen a les xarxes amb el hastag #mojeticoonline2020. La foto guanyadora tindr\u00e0 premi.<\/p>\n\n\n\n<p class=\"wp-block-paragraph\">Divendres 28, a les 19.30h hi haur\u00e0 un concert, anomenat Concert Film Sessions, a c\u00e0rrec de David Pastor Jazzcine improvisaci\u00f3. A les 20h una nova visita, en aquesta ocasi\u00f3 ser\u00e0 teatralitzada i es tractar\u00e0 el paper de la ind\u00fastria en la localitat. Es passejar\u00e0 per la Ruta Fluvial i les cases senyorials de Bunyol. Els xiquets menors de 5 anys \u00e9s gratis. El preu \u00e9s de 6 euros. Les places s\u00f3n limitades. Ha de dir-se pr\u00e8viament i reservar al 645.987.382.<\/p>\n\n\n\n<p class=\"wp-block-paragraph\">Aquesta nit tamb\u00e9 s&#8217;hagu\u00e9s realitzat el concurs de gaspatxo. Aix\u00ed que tamb\u00e9 animen a cuinar un i participar pujant una foto a les xarxes socials amb el hastag #gazpachoonline 2020. La foto guanyadora tindr\u00e0 premi.<\/p>\n\n\n\n<p class=\"wp-block-paragraph\">Dissabte 29 una altra visita guiada, a les 10h, en aquesta ocasi\u00f3 es repassar\u00e0 la hist\u00f2ria del nostre poble recordant un dels per\u00edodes m\u00e9s tristos de la nostra hist\u00f2ria: la Guerra Civil Espanyola. Ser\u00e0 una visita per con\u00e8ixer com va viure Bunyol el conflicte, els seus vestigis i la curiosa hist\u00f2ria del seu cementiri civil i les seues tombes ma\u00e7\u00f2niques que han convertit a aquest cementiri en un dels cementeris m\u00e9s singulars de pa\u00eds. Els xiquets menors de 5 anys \u00e9s gratis. El preu \u00e9s a 6 euros. Les places s\u00f3n limitada, per tant cal fer pr\u00e8via reserva cridant al 645.987.382.<\/p>\n\n\n\n<p class=\"wp-block-paragraph\">Aquest dissabte tamb\u00e9, a les 10h, musical El Llibre de la Selva a l&#8217;Auditori de Sant Llu\u00eds. Una activitat per als m\u00e9s petits de la casa. Tamb\u00e9 el dissabte, a les 9.30h i a les 11.30h es dur\u00e0 a terme una excel\u00b7lent activitat per a totes les edats, &#8220;la clau del castell&#8221;. \u00c9s una recerca del tresor teatralitzada per a xiquets i fam\u00edlies. Una manera divertida i participativa de con\u00e8ixer un castell medieval. Per a xiquets menors de 6 anys \u00e9s gratis. El preu \u00e9s a 8 euros i han de fer reserva pr\u00e8via cridant al 647.462.908.<\/p>\n\n\n\n<p class=\"wp-block-paragraph\">Diumenge 30, a les 19h hi haur\u00e0 Festival de Xarangues a la Pla\u00e7a de les Ventas i a la zona del Poble. No hi ha aforament limitat, les diferents xarangues desfilaran pels carrers evitant les aglomeracions i hi haur\u00e0 control per part de les forces de l&#8217;ordre.<\/p>\n\n\n\n<p class=\"wp-block-paragraph\">A les 20h d&#8217;aquest diumenge, Contes de velles &#8211; visita teatralitzada pel nucli hist\u00f2ric de Bunyol per a descobrir com era la vida dels nostres avis, curioses tradicions, jocs infantils i llegendes a trav\u00e9s de la m\u00e0 d&#8217;un particular personatge. Els xiquets menors de 5 anys \u00e9s gratis. El preu \u00e9s a 6 euros. Han de reservar la seua pla\u00e7a cridant al 645.987.382.<\/p>\n\n\n\n<p class=\"wp-block-paragraph\">I a la nit, a les 22h de diumenge 30 hi haur\u00e0 un Castell de Focs Artificials al carrer Rafael Ridaura en homenatge a tots els professionals que lluiten cada dia en primera l\u00ednia contra el Covid i a les v\u00edctimes que han patit aquest contagi.<\/p>\n\n\n\n<p class=\"wp-block-paragraph\">Rafael P\u00e9rez, regidor de Cultura Popular de l&#8217;consistori bu\u00f1olense, recorda que tots els actes organitzats a l&#8217;Auditori de Sant Llu\u00eds s\u00f3n gratu\u00efts. Han de reservar la seua entrada per Internet pr\u00e8viament. Apel\u00b7la a la responsabilitat individual i al acompliment de les mesures sanit\u00e0ries estipulades per al correcte funcionament de tots els actes.<\/p>\n","protected":false},"excerpt":{"rendered":"<div class=\"mh-excerpt\">Concerts, una activitat infantil i un mon\u00f2leg en l&#8217;Auditori de Sant Llu\u00eds, visites guiades, concursos gastron\u00f2mics online i un castell de focs artificials arrepleguen les Ni Festes Ni Fires 2020 a Bu\u00f1ol des del 23 <a class=\"mh-excerpt-more\" href=\"https:\/\/tucomarca.whitekongsoftware.com\/ca\/la-regidoria-de-cultura-popular-programa-activitats-en-lauditori-de-sant-lluis-i-visites-guiades-en-estos-dies-de-ni-fires-ni-festes-de-bunyol\/\" title=\"La regidoria de Cultura Popular programa activitats en l&#8217;Auditori de Sant Llu\u00eds i visites guiades en estos dies de &#8220;Ni Fires Ni Festes&#8221; de Bunyol\">[+] <\/a><\/div>\n","protected":false},"author":12,"featured_media":112162,"comment_status":"open","ping_status":"open","sticky":false,"template":"","format":"standard","meta":{"footnotes":""},"categories":[11019,10911,12202,10894,10912,11004,11008,10896],"tags":[11158,11939,11940,11952,10914,12486],"class_list":["post-112163","post","type-post","status-publish","format-standard","has-post-thumbnail","category-agenda-ca","category-bunol-ca","category-covid-19-ca","category-la-comarca-ca","category-la-hoya-ca","category-la-semana-en-imagenes-ca","category-pueblos-en-fiestas-ca","category-seccion-ca","tag-ayuntamiento-de-bunol-ca","tag-coronavirus-ca","tag-covid-19-ca","tag-covid2019-ca","tag-la-hoya-de-bunol-chiva-ca","tag-ni-ferias-ni-fiestas-2020-ca"],"_links":{"self":[{"href":"https:\/\/tucomarca.whitekongsoftware.com\/ca\/wp-json\/wp\/v2\/posts\/112163","targetHints":{"allow":["GET"]}}],"collection":[{"href":"https:\/\/tucomarca.whitekongsoftware.com\/ca\/wp-json\/wp\/v2\/posts"}],"about":[{"href":"https:\/\/tucomarca.whitekongsoftware.com\/ca\/wp-json\/wp\/v2\/types\/post"}],"author":[{"embeddable":true,"href":"https:\/\/tucomarca.whitekongsoftware.com\/ca\/wp-json\/wp\/v2\/users\/12"}],"replies":[{"embeddable":true,"href":"https:\/\/tucomarca.whitekongsoftware.com\/ca\/wp-json\/wp\/v2\/comments?post=112163"}],"version-history":[{"count":0,"href":"https:\/\/tucomarca.whitekongsoftware.com\/ca\/wp-json\/wp\/v2\/posts\/112163\/revisions"}],"wp:featuredmedia":[{"embeddable":true,"href":"https:\/\/tucomarca.whitekongsoftware.com\/ca\/wp-json\/wp\/v2\/media\/112162"}],"wp:attachment":[{"href":"https:\/\/tucomarca.whitekongsoftware.com\/ca\/wp-json\/wp\/v2\/media?parent=112163"}],"wp:term":[{"taxonomy":"category","embeddable":true,"href":"https:\/\/tucomarca.whitekongsoftware.com\/ca\/wp-json\/wp\/v2\/categories?post=112163"},{"taxonomy":"post_tag","embeddable":true,"href":"https:\/\/tucomarca.whitekongsoftware.com\/ca\/wp-json\/wp\/v2\/tags?post=112163"}],"curies":[{"name":"wp","href":"https:\/\/api.w.org\/{rel}","templated":true}]}}