{"id":112144,"date":"2020-08-20T20:10:10","date_gmt":"2020-08-20T18:10:10","guid":{"rendered":"http:\/\/www.tucomarca.com\/wordpress\/segunda\/?p=112144"},"modified":"2020-08-20T20:11:10","modified_gmt":"2020-08-20T18:11:10","slug":"lajuntament-de-riba-roja-reitera-que-el-brot-de-coronavirus-esta-localitzat-i-controlat-i-desitja-una-rapida-recuperacio-als-afectats","status":"publish","type":"post","link":"https:\/\/tucomarca.whitekongsoftware.com\/ca\/lajuntament-de-riba-roja-reitera-que-el-brot-de-coronavirus-esta-localitzat-i-controlat-i-desitja-una-rapida-recuperacio-als-afectats\/","title":{"rendered":"L&#8217;Ajuntament de Riba-roja reitera que el brot de coronavirus est\u00e0 &#8220;localitzat i controlat&#8221; i desitja una r\u00e0pida recuperaci\u00f3 als afectats"},"content":{"rendered":"\n<p class=\"wp-block-paragraph\">L&#8217;Ajuntament de Riba-roja de T\u00faria ha informat que se li ha comunicat &#8220;oficialment per les autoritats sanit\u00e0ries durant la tarda d&#8217;aquest dijous, 20 d&#8217;agost, d&#8217;un brot de Covid-19 d&#8217;\u00e0mbit laboral dins el terme municipal&#8221;.<\/p>\n\n\n\n<p class=\"wp-block-paragraph\">Dit brot est\u00e0 &#8220;localitzat i sent controlat pels serveis sanitaris que informen d&#8217;un total de deu persones afectades pel coronavirus, sense que hagi transcendit cap altre tipus d&#8217;informaci\u00f3 a l&#8217;respecte&#8221;.<\/p>\n\n\n\n<p class=\"wp-block-paragraph\">&#8220;Cal recordar que les autoritats sanit\u00e0ries i en concret la Conselleria de Sanitat Universal i Salut P\u00fablica \u00e9s l&#8217;\u00fanica administraci\u00f3 competent en la gesti\u00f3 d&#8217;aquesta situaci\u00f3 i la que pot facilitar major informaci\u00f3 en la mat\u00e8ria. Qualsevol informaci\u00f3 abocada per aquest Ajuntament ha estat pr\u00e8viament contrastada i facilitada per la Conselleria. En cap cas t\u00e9 el consistori acc\u00e9s directe a dades identificatives per la protecci\u00f3 de dades que empara a les persones afectades &#8220;, han afegit.<\/p>\n\n\n\n<p class=\"wp-block-paragraph\">De la mateixa manera, l&#8217;Ajuntament de Riba-roja de T\u00faria a trav\u00e9s del seu alcalde ha reiterat &#8220;la m\u00e0xima col\u00b7laboraci\u00f3, com ho ve fent des de l&#8217;inici de la pand\u00e8mia, cap a les autoritats sanit\u00e0ries que precisin informaci\u00f3 o suport per part de l&#8217;consistori&#8221;.<\/p>\n\n\n\n<p class=\"wp-block-paragraph\">L&#8217;Ajuntament vol manifestar &#8220;el seu suport i el desig de la r\u00e0pida recuperaci\u00f3 de totes les persones afectades pel Covid-19&#8221; i reitera la necessitat de &#8220;seguir totes les mesures preventives per evitar qualsevol contagi&#8221;.<\/p>\n","protected":false},"excerpt":{"rendered":"<div class=\"mh-excerpt\">L&#8217;Ajuntament de Riba-roja de T\u00faria ha informat que se li ha comunicat &#8220;oficialment per les autoritats sanit\u00e0ries durant la tarda d&#8217;aquest dijous, 20 d&#8217;agost, d&#8217;un brot de Covid-19 d&#8217;\u00e0mbit laboral dins el terme municipal&#8221;. Dit <a class=\"mh-excerpt-more\" href=\"https:\/\/tucomarca.whitekongsoftware.com\/ca\/lajuntament-de-riba-roja-reitera-que-el-brot-de-coronavirus-esta-localitzat-i-controlat-i-desitja-una-rapida-recuperacio-als-afectats\/\" title=\"L&#8217;Ajuntament de Riba-roja reitera que el brot de coronavirus est\u00e0 &#8220;localitzat i controlat&#8221; i desitja una r\u00e0pida recuperaci\u00f3 als afectats\">[+] <\/a><\/div>\n","protected":false},"author":1,"featured_media":97234,"comment_status":"open","ping_status":"open","sticky":false,"template":"","format":"standard","meta":{"footnotes":""},"categories":[10892,11010,12202,10948,10894,10903,10947,10906,10896,10897],"tags":[10899,11939,11940,11952,10907],"class_list":["post-112144","post","type-post","status-publish","format-standard","has-post-thumbnail","category-camp-de-turia-ca","category-canal-salud","category-covid-19-ca","category-infraestructuras-ca","category-la-comarca-ca","category-medio-ambiente-la-comarca-ca","category-politica","category-riba-roja-ca","category-seccion-ca","category-sucesos-la-comarca-ca","tag-camp-de-turia-ca","tag-coronavirus-ca","tag-covid-19-ca","tag-covid2019-ca","tag-riba-roja-del-turia-ca"],"_links":{"self":[{"href":"https:\/\/tucomarca.whitekongsoftware.com\/ca\/wp-json\/wp\/v2\/posts\/112144","targetHints":{"allow":["GET"]}}],"collection":[{"href":"https:\/\/tucomarca.whitekongsoftware.com\/ca\/wp-json\/wp\/v2\/posts"}],"about":[{"href":"https:\/\/tucomarca.whitekongsoftware.com\/ca\/wp-json\/wp\/v2\/types\/post"}],"author":[{"embeddable":true,"href":"https:\/\/tucomarca.whitekongsoftware.com\/ca\/wp-json\/wp\/v2\/users\/1"}],"replies":[{"embeddable":true,"href":"https:\/\/tucomarca.whitekongsoftware.com\/ca\/wp-json\/wp\/v2\/comments?post=112144"}],"version-history":[{"count":0,"href":"https:\/\/tucomarca.whitekongsoftware.com\/ca\/wp-json\/wp\/v2\/posts\/112144\/revisions"}],"wp:featuredmedia":[{"embeddable":true,"href":"https:\/\/tucomarca.whitekongsoftware.com\/ca\/wp-json\/wp\/v2\/media\/97234"}],"wp:attachment":[{"href":"https:\/\/tucomarca.whitekongsoftware.com\/ca\/wp-json\/wp\/v2\/media?parent=112144"}],"wp:term":[{"taxonomy":"category","embeddable":true,"href":"https:\/\/tucomarca.whitekongsoftware.com\/ca\/wp-json\/wp\/v2\/categories?post=112144"},{"taxonomy":"post_tag","embeddable":true,"href":"https:\/\/tucomarca.whitekongsoftware.com\/ca\/wp-json\/wp\/v2\/tags?post=112144"}],"curies":[{"name":"wp","href":"https:\/\/api.w.org\/{rel}","templated":true}]}}