{"id":112002,"date":"2020-08-18T23:00:35","date_gmt":"2020-08-18T21:00:35","guid":{"rendered":"http:\/\/www.tucomarca.com\/wordpress\/segunda\/?p=112002"},"modified":"2020-08-19T11:11:58","modified_gmt":"2020-08-19T09:11:58","slug":"veins-dalboraig-i-la-plataforma-pro-hospital-comarcal-a-la-foia-es-manifesten-per-exigir-un-metge-al-centre-de-salut","status":"publish","type":"post","link":"https:\/\/tucomarca.whitekongsoftware.com\/ca\/veins-dalboraig-i-la-plataforma-pro-hospital-comarcal-a-la-foia-es-manifesten-per-exigir-un-metge-al-centre-de-salut\/","title":{"rendered":"Ve\u00efns d&#8217;Alboraig i la plataforma pro hospital comarcal a La Foia es manifesten per exigir un metge al centre de salut"},"content":{"rendered":"\n<p class=\"wp-block-paragraph\">El municipi d&#8217;Alborache ha acollit una manifestaci\u00f3 pac\u00edfica amb la qual s&#8217;ha volgut &#8220;reclamar la reobertura de centre de salut auxiliar de la localitat, i dotar-lo de metge i infermer. El centre de salut auxiliar d&#8217;Alborache es va tancar al mar\u00e7 amb motiu de la pand\u00e8mia de Covid-19 i ha estat tancat fins a finals de el passat mes de juliol i actualment obre dos dies a la setmana nom\u00e9s amb serveis d&#8217;infermeria&#8221;, segons han informat els convocares d&#8217;aquesta manifestaci\u00f3.<\/p>\n\n\n\n<p class=\"wp-block-paragraph\">La plataforma pro hospital comarcal de la Foia de Bunyol-Xiva i pobles adjacents ha donat suport a aquesta reivindicaci\u00f3 i ha estat present en la mobilitzaci\u00f3 mitjan\u00e7ant la participaci\u00f3 de l&#8217;vocal i representant local, Enrique Lacueva.<\/p>\n\n\n\n<p class=\"wp-block-paragraph\">La convocat\u00f2ria s&#8217;ha desenvolupat aquest passat dissabte, 15 d&#8217;agost, a les onze del mat\u00ed i ha discorregut per la art\u00e8ria principal del municipi de manera pac\u00edfica i ordenada, &#8220;i en tot moment s&#8217;han seguit les instruccions de les forces d&#8217;ordre p\u00fablic , organitzaci\u00f3 i tot el relatiu a l&#8217;protocol Covid-19&#8221;, segons els consonants.<\/p>\n\n\n\n<p class=\"wp-block-paragraph\">&#8220;En aquesta manifestaci\u00f3 amb la qual es vol pressionar a la Conselleria de Sanitat i a el departament de Salut de Manises, tamb\u00e9 ha participat l&#8217;alcalde de Macastre i diversos dels seus regidors, aix\u00ed com regidors d&#8217;Alborache, a m\u00e9s d&#8217;un nombr\u00f3s grup de ciutadans de la localitat. a l&#8217;acabar l&#8217;acte s&#8217;ha llegit un manifest per part de Jes\u00fas Gilabert, portaveu de l&#8217;organitzaci\u00f3 ve\u00efnal en el qual es recordava que la Conselleria de Sanitat ha tancat el centre m\u00e8dic d&#8217;Alborache causant un greu perjudici als seus habitants &#8220;.<\/p>\n\n\n\n<p class=\"wp-block-paragraph\">&#8220;En aquest poble hi ha un alt \u00edndex de poblaci\u00f3 envellida, amb malalties cr\u00f2niques. Ara els ve\u00efns estan obligats a despla\u00e7ar-se a l&#8217;consultori de Y\u00e1tova, amb les dificultats i riscos que aix\u00f2 comporta, i amb uns serveis d&#8217;atenci\u00f3 telef\u00f2nica per demanar cita pr\u00e8via saturats&#8221; , han afegit els consonants.<\/p>\n\n\n\n<p class=\"wp-block-paragraph\">&#8220;A m\u00e9s, a l&#8217;estiu el poble registra un augment significatiu de poblaci\u00f3 a causa de l&#8217;aflu\u00e8ncia de residents temporals. Amb motiu de la pand\u00e8mia causada pel Covid-19, la Conselleria de Sanitat ha reorganitzat els efectius sanitaris a costa dels pobles menuts&#8221;.<\/p>\n\n\n\n<p class=\"wp-block-paragraph\">&#8220;Diverses associacions de metges han criticat aquesta mesura que desmantella l&#8217;atenci\u00f3 prim\u00e0ria de proximitat, essencial habitualment per als ve\u00efns dels petits pobles i tamb\u00e9 en aquesta situaci\u00f3 de pand\u00e8mia, com a primer esgla\u00f3 per a la detecci\u00f3 i contenci\u00f3 de virus&#8221;, tal com exposava Gilabert com a motius de la convocat\u00f2ria, agraint, per acabar, l&#8217;assist\u00e8ncia a la mateixa de ve\u00efnes i ve\u00efns de la localitat.<\/p>\n\n\n\n<p class=\"wp-block-paragraph\">La Plataforma pro hospital comarcal tamb\u00e9 ha volgut &#8220;manifestar que la Salut P\u00fablica i de proximitat \u00e9s cosa de tots, per sobre d&#8217;ideologies i colors. Esperem que es resolgui aviat el problema i que tant Conselleria com el Departament de Salut de Manises siguin sensibles a les peticions dels ve\u00efns&#8221;, com ha explicat Enric Lacueva, vocal i representant d&#8217;Alborache \u00e9s aquesta plataforma.<\/p>\n\n\n\n<ul class=\"wp-block-gallery columns-2 is-cropped wp-block-gallery-1 is-layout-flex wp-block-gallery-is-layout-flex\"><li class=\"blocks-gallery-item\"><figure><img loading=\"lazy\" decoding=\"async\" width=\"787\" height=\"787\" src=\"http:\/\/www.tucomarca.com\/wordpress\/segunda\/wp-content\/uploads\/2020\/08\/02AlbSalud.jpg\" alt=\"\" data-id=\"111942\" data-link=\"http:\/\/www.tucomarca.com\/wordpress\/segunda\/?attachment_id=111942\" class=\"wp-image-111942\" srcset=\"https:\/\/tucomarca.whitekongsoftware.com\/wp-content\/uploads\/2020\/08\/02AlbSalud.jpg 787w, https:\/\/tucomarca.whitekongsoftware.com\/wp-content\/uploads\/2020\/08\/02AlbSalud-290x290.jpg 290w, https:\/\/tucomarca.whitekongsoftware.com\/wp-content\/uploads\/2020\/08\/02AlbSalud-300x300.jpg 300w, https:\/\/tucomarca.whitekongsoftware.com\/wp-content\/uploads\/2020\/08\/02AlbSalud-768x768.jpg 768w\" sizes=\"auto, (max-width: 787px) 100vw, 787px\" \/><\/figure><\/li><li class=\"blocks-gallery-item\"><figure><img loading=\"lazy\" decoding=\"async\" width=\"787\" height=\"787\" src=\"http:\/\/www.tucomarca.com\/wordpress\/segunda\/wp-content\/uploads\/2020\/08\/03AlbSalud.jpg\" alt=\"\" data-id=\"111944\" data-link=\"http:\/\/www.tucomarca.com\/wordpress\/segunda\/?attachment_id=111944\" class=\"wp-image-111944\" srcset=\"https:\/\/tucomarca.whitekongsoftware.com\/wp-content\/uploads\/2020\/08\/03AlbSalud.jpg 787w, https:\/\/tucomarca.whitekongsoftware.com\/wp-content\/uploads\/2020\/08\/03AlbSalud-290x290.jpg 290w, https:\/\/tucomarca.whitekongsoftware.com\/wp-content\/uploads\/2020\/08\/03AlbSalud-300x300.jpg 300w, https:\/\/tucomarca.whitekongsoftware.com\/wp-content\/uploads\/2020\/08\/03AlbSalud-768x768.jpg 768w\" sizes=\"auto, (max-width: 787px) 100vw, 787px\" \/><\/figure><\/li><li class=\"blocks-gallery-item\"><figure><img loading=\"lazy\" decoding=\"async\" width=\"787\" height=\"787\" src=\"http:\/\/www.tucomarca.com\/wordpress\/segunda\/wp-content\/uploads\/2020\/08\/06AlbSalud.jpg\" alt=\"\" data-id=\"111950\" data-link=\"http:\/\/www.tucomarca.com\/wordpress\/segunda\/?attachment_id=111950\" class=\"wp-image-111950\" srcset=\"https:\/\/tucomarca.whitekongsoftware.com\/wp-content\/uploads\/2020\/08\/06AlbSalud.jpg 787w, https:\/\/tucomarca.whitekongsoftware.com\/wp-content\/uploads\/2020\/08\/06AlbSalud-290x290.jpg 290w, https:\/\/tucomarca.whitekongsoftware.com\/wp-content\/uploads\/2020\/08\/06AlbSalud-300x300.jpg 300w, https:\/\/tucomarca.whitekongsoftware.com\/wp-content\/uploads\/2020\/08\/06AlbSalud-768x768.jpg 768w\" sizes=\"auto, (max-width: 787px) 100vw, 787px\" \/><\/figure><\/li><li class=\"blocks-gallery-item\"><figure><img loading=\"lazy\" decoding=\"async\" width=\"787\" height=\"787\" src=\"http:\/\/www.tucomarca.com\/wordpress\/segunda\/wp-content\/uploads\/2020\/08\/10AlbSalud.jpg\" alt=\"\" data-id=\"111954\" data-link=\"http:\/\/www.tucomarca.com\/wordpress\/segunda\/?attachment_id=111954\" class=\"wp-image-111954\" srcset=\"https:\/\/tucomarca.whitekongsoftware.com\/wp-content\/uploads\/2020\/08\/10AlbSalud.jpg 787w, https:\/\/tucomarca.whitekongsoftware.com\/wp-content\/uploads\/2020\/08\/10AlbSalud-290x290.jpg 290w, https:\/\/tucomarca.whitekongsoftware.com\/wp-content\/uploads\/2020\/08\/10AlbSalud-300x300.jpg 300w, https:\/\/tucomarca.whitekongsoftware.com\/wp-content\/uploads\/2020\/08\/10AlbSalud-768x768.jpg 768w\" sizes=\"auto, (max-width: 787px) 100vw, 787px\" \/><\/figure><\/li><li class=\"blocks-gallery-item\"><figure><img loading=\"lazy\" decoding=\"async\" width=\"787\" height=\"787\" src=\"http:\/\/www.tucomarca.com\/wordpress\/segunda\/wp-content\/uploads\/2020\/08\/14AlbSalud.jpg\" alt=\"\" data-id=\"111958\" data-link=\"http:\/\/www.tucomarca.com\/wordpress\/segunda\/?attachment_id=111958\" class=\"wp-image-111958\" srcset=\"https:\/\/tucomarca.whitekongsoftware.com\/wp-content\/uploads\/2020\/08\/14AlbSalud.jpg 787w, https:\/\/tucomarca.whitekongsoftware.com\/wp-content\/uploads\/2020\/08\/14AlbSalud-290x290.jpg 290w, https:\/\/tucomarca.whitekongsoftware.com\/wp-content\/uploads\/2020\/08\/14AlbSalud-300x300.jpg 300w, https:\/\/tucomarca.whitekongsoftware.com\/wp-content\/uploads\/2020\/08\/14AlbSalud-768x768.jpg 768w\" sizes=\"auto, (max-width: 787px) 100vw, 787px\" \/><\/figure><\/li><li class=\"blocks-gallery-item\"><figure><img loading=\"lazy\" decoding=\"async\" width=\"787\" height=\"787\" src=\"http:\/\/www.tucomarca.com\/wordpress\/segunda\/wp-content\/uploads\/2020\/08\/16AlbSalud.jpg\" alt=\"\" data-id=\"111960\" data-link=\"http:\/\/www.tucomarca.com\/wordpress\/segunda\/?attachment_id=111960\" class=\"wp-image-111960\" srcset=\"https:\/\/tucomarca.whitekongsoftware.com\/wp-content\/uploads\/2020\/08\/16AlbSalud.jpg 787w, https:\/\/tucomarca.whitekongsoftware.com\/wp-content\/uploads\/2020\/08\/16AlbSalud-290x290.jpg 290w, https:\/\/tucomarca.whitekongsoftware.com\/wp-content\/uploads\/2020\/08\/16AlbSalud-300x300.jpg 300w, https:\/\/tucomarca.whitekongsoftware.com\/wp-content\/uploads\/2020\/08\/16AlbSalud-768x768.jpg 768w\" sizes=\"auto, (max-width: 787px) 100vw, 787px\" \/><\/figure><\/li><li class=\"blocks-gallery-item\"><figure><img loading=\"lazy\" decoding=\"async\" width=\"787\" height=\"584\" src=\"http:\/\/www.tucomarca.com\/wordpress\/segunda\/wp-content\/uploads\/2020\/08\/17AlbSalud.jpg\" alt=\"\" data-id=\"111962\" data-link=\"http:\/\/www.tucomarca.com\/wordpress\/segunda\/?attachment_id=111962\" class=\"wp-image-111962\" srcset=\"https:\/\/tucomarca.whitekongsoftware.com\/wp-content\/uploads\/2020\/08\/17AlbSalud.jpg 787w, https:\/\/tucomarca.whitekongsoftware.com\/wp-content\/uploads\/2020\/08\/17AlbSalud-300x223.jpg 300w, https:\/\/tucomarca.whitekongsoftware.com\/wp-content\/uploads\/2020\/08\/17AlbSalud-768x570.jpg 768w, https:\/\/tucomarca.whitekongsoftware.com\/wp-content\/uploads\/2020\/08\/17AlbSalud-80x60.jpg 80w\" sizes=\"auto, (max-width: 787px) 100vw, 787px\" \/><\/figure><\/li><li class=\"blocks-gallery-item\"><figure><img loading=\"lazy\" decoding=\"async\" width=\"787\" height=\"787\" src=\"http:\/\/www.tucomarca.com\/wordpress\/segunda\/wp-content\/uploads\/2020\/08\/18AlbSalud.jpg\" alt=\"\" data-id=\"111964\" data-link=\"http:\/\/www.tucomarca.com\/wordpress\/segunda\/?attachment_id=111964\" class=\"wp-image-111964\" srcset=\"https:\/\/tucomarca.whitekongsoftware.com\/wp-content\/uploads\/2020\/08\/18AlbSalud.jpg 787w, https:\/\/tucomarca.whitekongsoftware.com\/wp-content\/uploads\/2020\/08\/18AlbSalud-290x290.jpg 290w, https:\/\/tucomarca.whitekongsoftware.com\/wp-content\/uploads\/2020\/08\/18AlbSalud-300x300.jpg 300w, https:\/\/tucomarca.whitekongsoftware.com\/wp-content\/uploads\/2020\/08\/18AlbSalud-768x768.jpg 768w\" sizes=\"auto, (max-width: 787px) 100vw, 787px\" \/><\/figure><\/li><li class=\"blocks-gallery-item\"><figure><img loading=\"lazy\" decoding=\"async\" width=\"787\" height=\"787\" src=\"http:\/\/www.tucomarca.com\/wordpress\/segunda\/wp-content\/uploads\/2020\/08\/09AlbSalud-1.jpg\" alt=\"\" data-id=\"111971\" data-link=\"http:\/\/www.tucomarca.com\/wordpress\/segunda\/?attachment_id=111971\" class=\"wp-image-111971\" srcset=\"https:\/\/tucomarca.whitekongsoftware.com\/wp-content\/uploads\/2020\/08\/09AlbSalud-1.jpg 787w, https:\/\/tucomarca.whitekongsoftware.com\/wp-content\/uploads\/2020\/08\/09AlbSalud-1-290x290.jpg 290w, https:\/\/tucomarca.whitekongsoftware.com\/wp-content\/uploads\/2020\/08\/09AlbSalud-1-300x300.jpg 300w, https:\/\/tucomarca.whitekongsoftware.com\/wp-content\/uploads\/2020\/08\/09AlbSalud-1-768x768.jpg 768w\" sizes=\"auto, (max-width: 787px) 100vw, 787px\" \/><\/figure><\/li><\/ul>\n","protected":false},"excerpt":{"rendered":"<div class=\"mh-excerpt\">El municipi d&#8217;Alborache ha acollit una manifestaci\u00f3 pac\u00edfica amb la qual s&#8217;ha volgut &#8220;reclamar la reobertura de centre de salut auxiliar de la localitat, i dotar-lo de metge i infermer. El centre de salut auxiliar <a class=\"mh-excerpt-more\" href=\"https:\/\/tucomarca.whitekongsoftware.com\/ca\/veins-dalboraig-i-la-plataforma-pro-hospital-comarcal-a-la-foia-es-manifesten-per-exigir-un-metge-al-centre-de-salut\/\" title=\"Ve\u00efns d&#8217;Alboraig i la plataforma pro hospital comarcal a La Foia es manifesten per exigir un metge al centre de salut\">[+] <\/a><\/div>\n","protected":false},"author":12,"featured_media":111934,"comment_status":"open","ping_status":"open","sticky":false,"template":"","format":"gallery","meta":{"footnotes":""},"categories":[10973,11010,12202,10948,10894,10912,10978,10947,10896,10897],"tags":[11224,10386,12221,11478,5952,10914,559,11904],"class_list":["post-112002","post","type-post","status-publish","format-gallery","has-post-thumbnail","category-alborache-ca","category-canal-salud","category-covid-19-ca","category-infraestructuras-ca","category-la-comarca-ca","category-la-hoya-ca","category-macastre-ca","category-politica","category-seccion-ca","category-sucesos-la-comarca-ca","tag-alborache-ca","tag-alborache","tag-departamento-de-salud-de-manises-ca","tag-departamento-de-salud-de-manises","tag-la-hoya-de-bunol-chiva","tag-la-hoya-de-bunol-chiva-ca","tag-plataforma-pro-hospital","tag-plataforma-pro-hospital-ca","post_format-post-format-gallery"],"_links":{"self":[{"href":"https:\/\/tucomarca.whitekongsoftware.com\/ca\/wp-json\/wp\/v2\/posts\/112002","targetHints":{"allow":["GET"]}}],"collection":[{"href":"https:\/\/tucomarca.whitekongsoftware.com\/ca\/wp-json\/wp\/v2\/posts"}],"about":[{"href":"https:\/\/tucomarca.whitekongsoftware.com\/ca\/wp-json\/wp\/v2\/types\/post"}],"author":[{"embeddable":true,"href":"https:\/\/tucomarca.whitekongsoftware.com\/ca\/wp-json\/wp\/v2\/users\/12"}],"replies":[{"embeddable":true,"href":"https:\/\/tucomarca.whitekongsoftware.com\/ca\/wp-json\/wp\/v2\/comments?post=112002"}],"version-history":[{"count":0,"href":"https:\/\/tucomarca.whitekongsoftware.com\/ca\/wp-json\/wp\/v2\/posts\/112002\/revisions"}],"wp:featuredmedia":[{"embeddable":true,"href":"https:\/\/tucomarca.whitekongsoftware.com\/ca\/wp-json\/wp\/v2\/media\/111934"}],"wp:attachment":[{"href":"https:\/\/tucomarca.whitekongsoftware.com\/ca\/wp-json\/wp\/v2\/media?parent=112002"}],"wp:term":[{"taxonomy":"category","embeddable":true,"href":"https:\/\/tucomarca.whitekongsoftware.com\/ca\/wp-json\/wp\/v2\/categories?post=112002"},{"taxonomy":"post_tag","embeddable":true,"href":"https:\/\/tucomarca.whitekongsoftware.com\/ca\/wp-json\/wp\/v2\/tags?post=112002"}],"curies":[{"name":"wp","href":"https:\/\/api.w.org\/{rel}","templated":true}]}}