{"id":111982,"date":"2020-08-19T08:00:57","date_gmt":"2020-08-19T06:00:57","guid":{"rendered":"http:\/\/www.tucomarca.com\/wordpress\/segunda\/?p=111982"},"modified":"2020-08-19T11:22:50","modified_gmt":"2020-08-19T09:22:50","slug":"els-grups-de-cambra-de-la-sim-la-primitiva-dalboraig-ofereixen-un-concert-per-contribuir-al-foment-del-turisme-a-la-comunitat","status":"publish","type":"post","link":"https:\/\/tucomarca.whitekongsoftware.com\/ca\/els-grups-de-cambra-de-la-sim-la-primitiva-dalboraig-ofereixen-un-concert-per-contribuir-al-foment-del-turisme-a-la-comunitat\/","title":{"rendered":"Els grups de cambra de la SIM &#8220;La Primitiva&#8221; d&#8217;Alboraig ofereixen un concert per contribuir al foment del turisme a la Comunitat"},"content":{"rendered":"\n<p class=\"wp-block-paragraph\">L&#8217;Auditori Municipal Jos\u00e9 Mar\u00eda Cervera Collado d&#8217;Alborache ha sigut l&#8217;escenari del concert dels grups de cambra de la Societat Instructiu Musical \u00abLa Primitiva\u00bb d&#8217;Alborache, els que dins del Circuit de Concerts per al foment del Turisme en la Comunitat Valenciana, amb el t\u00edtol de M\u00fasics amb Denominaci\u00f3 d&#8217;Origen i dirigits pel seu director titular, Francisco Perell\u00f3, han presentat davant del p\u00fablic de la localitat un variat repertori musical.<\/p>\n\n\n\n<figure class=\"wp-block-image\"><img loading=\"lazy\" decoding=\"async\" width=\"787\" height=\"443\" src=\"http:\/\/www.tucomarca.com\/wordpress\/segunda\/wp-content\/uploads\/2020\/08\/AlbConcierto02.jpg\" alt=\"\" class=\"wp-image-111977\" srcset=\"https:\/\/tucomarca.whitekongsoftware.com\/wp-content\/uploads\/2020\/08\/AlbConcierto02.jpg 787w, https:\/\/tucomarca.whitekongsoftware.com\/wp-content\/uploads\/2020\/08\/AlbConcierto02-300x169.jpg 300w, https:\/\/tucomarca.whitekongsoftware.com\/wp-content\/uploads\/2020\/08\/AlbConcierto02-768x432.jpg 768w, https:\/\/tucomarca.whitekongsoftware.com\/wp-content\/uploads\/2020\/08\/AlbConcierto02-678x381.jpg 678w\" sizes=\"auto, (max-width: 787px) 100vw, 787px\" \/><\/figure>\n\n\n\n<p class=\"wp-block-paragraph\">En la primera part van ser protagonistes els m\u00fasics Carlos Mart\u00ednez (piano), Jes\u00fas Cambres (trompa), Alejandro Hig\u00f3n (tromb\u00f3) i la veu del tenor Mois\u00e9s Renovell, que per a finalitzar van rendir un emotiu homenatge a les v\u00edctimes del Covid-19 amb la interpretaci\u00f3 de l&#8217;Ave Maria de Caccini.<\/p>\n\n\n\n<ul class=\"wp-block-gallery columns-1 is-cropped wp-block-gallery-1 is-layout-flex wp-block-gallery-is-layout-flex\"><li class=\"blocks-gallery-item\"><figure><img loading=\"lazy\" decoding=\"async\" width=\"787\" height=\"443\" src=\"http:\/\/www.tucomarca.com\/wordpress\/segunda\/wp-content\/uploads\/2020\/08\/AlbConcierto03.jpg\" alt=\"\" data-id=\"111992\" data-link=\"http:\/\/www.tucomarca.com\/wordpress\/segunda\/ca\/?attachment_id=111992\" class=\"wp-image-111992\" srcset=\"https:\/\/tucomarca.whitekongsoftware.com\/wp-content\/uploads\/2020\/08\/AlbConcierto03.jpg 787w, https:\/\/tucomarca.whitekongsoftware.com\/wp-content\/uploads\/2020\/08\/AlbConcierto03-300x169.jpg 300w, https:\/\/tucomarca.whitekongsoftware.com\/wp-content\/uploads\/2020\/08\/AlbConcierto03-768x432.jpg 768w, https:\/\/tucomarca.whitekongsoftware.com\/wp-content\/uploads\/2020\/08\/AlbConcierto03-678x381.jpg 678w\" sizes=\"auto, (max-width: 787px) 100vw, 787px\" \/><\/figure><\/li><li class=\"blocks-gallery-item\"><figure><img loading=\"lazy\" decoding=\"async\" width=\"787\" height=\"443\" src=\"http:\/\/www.tucomarca.com\/wordpress\/segunda\/wp-content\/uploads\/2020\/08\/AlbConcierto04.jpg\" alt=\"\" data-id=\"111994\" data-link=\"http:\/\/www.tucomarca.com\/wordpress\/segunda\/ca\/?attachment_id=111994\" class=\"wp-image-111994\" srcset=\"https:\/\/tucomarca.whitekongsoftware.com\/wp-content\/uploads\/2020\/08\/AlbConcierto04.jpg 787w, https:\/\/tucomarca.whitekongsoftware.com\/wp-content\/uploads\/2020\/08\/AlbConcierto04-300x169.jpg 300w, https:\/\/tucomarca.whitekongsoftware.com\/wp-content\/uploads\/2020\/08\/AlbConcierto04-768x432.jpg 768w, https:\/\/tucomarca.whitekongsoftware.com\/wp-content\/uploads\/2020\/08\/AlbConcierto04-678x381.jpg 678w\" sizes=\"auto, (max-width: 787px) 100vw, 787px\" \/><\/figure><\/li><li class=\"blocks-gallery-item\"><figure><img loading=\"lazy\" decoding=\"async\" width=\"787\" height=\"443\" src=\"http:\/\/www.tucomarca.com\/wordpress\/segunda\/wp-content\/uploads\/2020\/08\/AlbConcierto05.jpg\" alt=\"\" data-id=\"111996\" data-link=\"http:\/\/www.tucomarca.com\/wordpress\/segunda\/ca\/?attachment_id=111996\" class=\"wp-image-111996\" srcset=\"https:\/\/tucomarca.whitekongsoftware.com\/wp-content\/uploads\/2020\/08\/AlbConcierto05.jpg 787w, https:\/\/tucomarca.whitekongsoftware.com\/wp-content\/uploads\/2020\/08\/AlbConcierto05-300x169.jpg 300w, https:\/\/tucomarca.whitekongsoftware.com\/wp-content\/uploads\/2020\/08\/AlbConcierto05-768x432.jpg 768w, https:\/\/tucomarca.whitekongsoftware.com\/wp-content\/uploads\/2020\/08\/AlbConcierto05-678x381.jpg 678w\" sizes=\"auto, (max-width: 787px) 100vw, 787px\" \/><\/figure><\/li><\/ul>\n\n\n\n<p class=\"wp-block-paragraph\">En el transcurs de la segona part d&#8217;este concert, diversos han sigut els m\u00fasics que han format els conjunts instrumentals, comen\u00e7ant pel Conjunt Instrumental &#8220;Fam\u00edlia Collado&#8221; amb nou m\u00fasics que van interpretar New York, New York de J. Kander, aix\u00ed com el Grup de Clarinets o el Conjunt Instrumental de Metalls, els que van amenitzar esta agradable vetlada musical en qu\u00e8 a m\u00e9s del sentit homenatge a les v\u00edctimes del Covid-19 tamb\u00e9 s&#8217;ha volgut realitzar este concert amb totes les mesures de seguretat per a festejar este an\u00f2mal estiu sense festes.<\/p>\n","protected":false},"excerpt":{"rendered":"<div class=\"mh-excerpt\">L&#8217;Auditori Municipal Jos\u00e9 Mar\u00eda Cervera Collado d&#8217;Alborache ha sigut l&#8217;escenari del concert dels grups de cambra de la Societat Instructiu Musical \u00abLa Primitiva\u00bb d&#8217;Alborache, els que dins del Circuit de Concerts per al foment del <a class=\"mh-excerpt-more\" href=\"https:\/\/tucomarca.whitekongsoftware.com\/ca\/els-grups-de-cambra-de-la-sim-la-primitiva-dalboraig-ofereixen-un-concert-per-contribuir-al-foment-del-turisme-a-la-comunitat\/\" title=\"Els grups de cambra de la SIM &#8220;La Primitiva&#8221; d&#8217;Alboraig ofereixen un concert per contribuir al foment del turisme a la Comunitat\">[+] <\/a><\/div>\n","protected":false},"author":12,"featured_media":111980,"comment_status":"open","ping_status":"open","sticky":false,"template":"","format":"gallery","meta":{"footnotes":""},"categories":[10973,11005,12202,10894,10912,11007,10896],"tags":[11939,11940,11952,10914,12474],"class_list":["post-111982","post","type-post","status-publish","format-gallery","has-post-thumbnail","category-alborache-ca","category-canal-musica","category-covid-19-ca","category-la-comarca-ca","category-la-hoya-ca","category-ocio-y-cultura-ca","category-seccion-ca","tag-coronavirus-ca","tag-covid-19-ca","tag-covid2019-ca","tag-la-hoya-de-bunol-chiva-ca","tag-sim-la-primitiva-de-alborache-ca","post_format-post-format-gallery"],"_links":{"self":[{"href":"https:\/\/tucomarca.whitekongsoftware.com\/ca\/wp-json\/wp\/v2\/posts\/111982","targetHints":{"allow":["GET"]}}],"collection":[{"href":"https:\/\/tucomarca.whitekongsoftware.com\/ca\/wp-json\/wp\/v2\/posts"}],"about":[{"href":"https:\/\/tucomarca.whitekongsoftware.com\/ca\/wp-json\/wp\/v2\/types\/post"}],"author":[{"embeddable":true,"href":"https:\/\/tucomarca.whitekongsoftware.com\/ca\/wp-json\/wp\/v2\/users\/12"}],"replies":[{"embeddable":true,"href":"https:\/\/tucomarca.whitekongsoftware.com\/ca\/wp-json\/wp\/v2\/comments?post=111982"}],"version-history":[{"count":0,"href":"https:\/\/tucomarca.whitekongsoftware.com\/ca\/wp-json\/wp\/v2\/posts\/111982\/revisions"}],"wp:featuredmedia":[{"embeddable":true,"href":"https:\/\/tucomarca.whitekongsoftware.com\/ca\/wp-json\/wp\/v2\/media\/111980"}],"wp:attachment":[{"href":"https:\/\/tucomarca.whitekongsoftware.com\/ca\/wp-json\/wp\/v2\/media?parent=111982"}],"wp:term":[{"taxonomy":"category","embeddable":true,"href":"https:\/\/tucomarca.whitekongsoftware.com\/ca\/wp-json\/wp\/v2\/categories?post=111982"},{"taxonomy":"post_tag","embeddable":true,"href":"https:\/\/tucomarca.whitekongsoftware.com\/ca\/wp-json\/wp\/v2\/tags?post=111982"}],"curies":[{"name":"wp","href":"https:\/\/api.w.org\/{rel}","templated":true}]}}