{"id":111833,"date":"2020-08-14T17:00:02","date_gmt":"2020-08-14T15:00:02","guid":{"rendered":"http:\/\/www.tucomarca.com\/wordpress\/segunda\/?p=111833"},"modified":"2020-08-14T19:40:59","modified_gmt":"2020-08-14T17:40:59","slug":"lajuntament-de-cortes-de-pallas-ja-compta-amb-un-cotxe-electric-i-punt-de-carrega-dins-de-la-seua-flota-de-vehicles-municipals","status":"publish","type":"post","link":"https:\/\/tucomarca.whitekongsoftware.com\/ca\/lajuntament-de-cortes-de-pallas-ja-compta-amb-un-cotxe-electric-i-punt-de-carrega-dins-de-la-seua-flota-de-vehicles-municipals\/","title":{"rendered":"L&#8217;Ajuntament de Cortes de Pall\u00e0s ja compta amb un cotxe el\u00e8ctric i punt de c\u00e0rrega dins de la seua flota de vehicles municipals"},"content":{"rendered":"\n<p class=\"wp-block-paragraph\">L&#8217;\u00c0rea de Medi Ambient de la Diputaci\u00f3 de Val\u00e8ncia ha concedit a l&#8217;Ajuntament de Cortes de Pall\u00e0s una subvenci\u00f3 per import de 17.999,99EUR per a la compra d&#8217;un vehicle el\u00e8ctric i un punt de c\u00e0rrega. <\/p>\n\n\n\n<p class=\"wp-block-paragraph\">Este vehicle, que \u00e9s 100% el\u00e8ctric i t\u00e9 una autonomia de 325 km, s&#8217;ha adquirit en substituci\u00f3 d&#8217;un altre de la flota municipal amb motor de combusti\u00f3, per tant \u00e9s m\u00e9s ecol\u00f2gic i respectu\u00f3s amb el medi ambient.<\/p>\n\n\n\n<p class=\"wp-block-paragraph\">El consistori cortes\u00e0 est\u00e0 comprom\u00e9s amb els objectius adoptats en el Pacte dels Alcaldes pel Clima i l&#8217;Energia, subscrit l&#8217;any 2016 amb la Uni\u00f3 Europea. Amb esta s\u00e8rie de mesures es pret\u00e9n la reducci\u00f3 d&#8217;emissions de CO2 i el foment de la mobilitat sostenible, invertint aix\u00ed en el Medi Ambient, que \u00e9s el nostre principal patrimoni.<\/p>\n\n\n\n<ul class=\"wp-block-gallery columns-2 is-cropped wp-block-gallery-1 is-layout-flex wp-block-gallery-is-layout-flex\"><li class=\"blocks-gallery-item\"><figure><img loading=\"lazy\" decoding=\"async\" width=\"769\" height=\"1024\" src=\"http:\/\/www.tucomarca.com\/wordpress\/segunda\/wp-content\/uploads\/2020\/08\/cortescoche2-769x1024.jpg\" alt=\"\" data-id=\"111828\" data-link=\"http:\/\/www.tucomarca.com\/wordpress\/segunda\/?attachment_id=111828\" class=\"wp-image-111828\" srcset=\"https:\/\/tucomarca.whitekongsoftware.com\/wp-content\/uploads\/2020\/08\/cortescoche2-769x1024.jpg 769w, https:\/\/tucomarca.whitekongsoftware.com\/wp-content\/uploads\/2020\/08\/cortescoche2-225x300.jpg 225w, https:\/\/tucomarca.whitekongsoftware.com\/wp-content\/uploads\/2020\/08\/cortescoche2-768x1023.jpg 768w, https:\/\/tucomarca.whitekongsoftware.com\/wp-content\/uploads\/2020\/08\/cortescoche2.jpg 787w\" sizes=\"auto, (max-width: 769px) 100vw, 769px\" \/><\/figure><\/li><li class=\"blocks-gallery-item\"><figure><img loading=\"lazy\" decoding=\"async\" width=\"769\" height=\"1024\" src=\"http:\/\/www.tucomarca.com\/wordpress\/segunda\/wp-content\/uploads\/2020\/08\/cortescoche3-769x1024.jpg\" alt=\"\" data-id=\"111830\" data-link=\"http:\/\/www.tucomarca.com\/wordpress\/segunda\/?attachment_id=111830\" class=\"wp-image-111830\" srcset=\"https:\/\/tucomarca.whitekongsoftware.com\/wp-content\/uploads\/2020\/08\/cortescoche3-769x1024.jpg 769w, https:\/\/tucomarca.whitekongsoftware.com\/wp-content\/uploads\/2020\/08\/cortescoche3-225x300.jpg 225w, https:\/\/tucomarca.whitekongsoftware.com\/wp-content\/uploads\/2020\/08\/cortescoche3-768x1023.jpg 768w, https:\/\/tucomarca.whitekongsoftware.com\/wp-content\/uploads\/2020\/08\/cortescoche3.jpg 787w\" sizes=\"auto, (max-width: 769px) 100vw, 769px\" \/><\/figure><\/li><\/ul>\n","protected":false},"excerpt":{"rendered":"<div class=\"mh-excerpt\">L&#8217;\u00c0rea de Medi Ambient de la Diputaci\u00f3 de Val\u00e8ncia ha concedit a l&#8217;Ajuntament de Cortes de Pall\u00e0s una subvenci\u00f3 per import de 17.999,99EUR per a la compra d&#8217;un vehicle el\u00e8ctric i un punt de c\u00e0rrega. <a class=\"mh-excerpt-more\" href=\"https:\/\/tucomarca.whitekongsoftware.com\/ca\/lajuntament-de-cortes-de-pallas-ja-compta-amb-un-cotxe-electric-i-punt-de-carrega-dins-de-la-seua-flota-de-vehicles-municipals\/\" title=\"L&#8217;Ajuntament de Cortes de Pall\u00e0s ja compta amb un cotxe el\u00e8ctric i punt de c\u00e0rrega dins de la seua flota de vehicles municipals\">[+] <\/a><\/div>\n","protected":false},"author":12,"featured_media":111827,"comment_status":"open","ping_status":"open","sticky":false,"template":"","format":"standard","meta":{"footnotes":""},"categories":[10951,10953,10948,10894,10903,10947,10896],"tags":[10835,4013,10651],"class_list":["post-111833","post","type-post","status-publish","format-standard","has-post-thumbnail","category-ayora-cofrentes-ca","category-cortes-de-pallas-ca","category-infraestructuras-ca","category-la-comarca-ca","category-medio-ambiente-la-comarca-ca","category-politica","category-seccion-ca","tag-ayuntamiento-de-cortes-de-pallas","tag-diputacion-de-valencia","tag-el-valle-de-ayora-cofrentes"],"_links":{"self":[{"href":"https:\/\/tucomarca.whitekongsoftware.com\/ca\/wp-json\/wp\/v2\/posts\/111833","targetHints":{"allow":["GET"]}}],"collection":[{"href":"https:\/\/tucomarca.whitekongsoftware.com\/ca\/wp-json\/wp\/v2\/posts"}],"about":[{"href":"https:\/\/tucomarca.whitekongsoftware.com\/ca\/wp-json\/wp\/v2\/types\/post"}],"author":[{"embeddable":true,"href":"https:\/\/tucomarca.whitekongsoftware.com\/ca\/wp-json\/wp\/v2\/users\/12"}],"replies":[{"embeddable":true,"href":"https:\/\/tucomarca.whitekongsoftware.com\/ca\/wp-json\/wp\/v2\/comments?post=111833"}],"version-history":[{"count":0,"href":"https:\/\/tucomarca.whitekongsoftware.com\/ca\/wp-json\/wp\/v2\/posts\/111833\/revisions"}],"wp:featuredmedia":[{"embeddable":true,"href":"https:\/\/tucomarca.whitekongsoftware.com\/ca\/wp-json\/wp\/v2\/media\/111827"}],"wp:attachment":[{"href":"https:\/\/tucomarca.whitekongsoftware.com\/ca\/wp-json\/wp\/v2\/media?parent=111833"}],"wp:term":[{"taxonomy":"category","embeddable":true,"href":"https:\/\/tucomarca.whitekongsoftware.com\/ca\/wp-json\/wp\/v2\/categories?post=111833"},{"taxonomy":"post_tag","embeddable":true,"href":"https:\/\/tucomarca.whitekongsoftware.com\/ca\/wp-json\/wp\/v2\/tags?post=111833"}],"curies":[{"name":"wp","href":"https:\/\/api.w.org\/{rel}","templated":true}]}}