{"id":111815,"date":"2020-08-13T21:58:39","date_gmt":"2020-08-13T19:58:39","guid":{"rendered":"http:\/\/www.tucomarca.com\/wordpress\/segunda\/?p=111815"},"modified":"2020-08-13T21:58:41","modified_gmt":"2020-08-13T19:58:41","slug":"jose-munoz-es-reuneix-amb-els-nous-secretaris-generals-del-psoe-de-serra-i-la-pobla-i-demana-continuar-fent-una-politica-responsable-de-cerca-dacords","status":"publish","type":"post","link":"https:\/\/tucomarca.whitekongsoftware.com\/ca\/jose-munoz-es-reuneix-amb-els-nous-secretaris-generals-del-psoe-de-serra-i-la-pobla-i-demana-continuar-fent-una-politica-responsable-de-cerca-dacords\/","title":{"rendered":"Jos\u00e9 Mu\u00f1oz es reuneix amb els nous secretaris generals del PSOE de Serra i la Pobla i demana continuar fent &#8220;una pol\u00edtica responsable de cerca d&#8217;acords&#8221;"},"content":{"rendered":"\n<p class=\"wp-block-paragraph\"><strong>El secretari d&#8217;Organitzaci\u00f3 del PSPV-PSOE s&#8217;ha reunit amb Alicia Tus\u00f3n i Juan Pedro Serrano, nous dirigents de la formaci\u00f3 en Serra i La Pobla de Vallbona respectivament despr\u00e9s de les assemblees celebrades en ambd\u00f3s municipis<\/strong><\/p>\n\n\n\n<p class=\"wp-block-paragraph\"><strong>Ressalta el paper de &#8220;impulsor de la recuperaci\u00f3n&#8221; del Partit Socialista i la import\u00e0ncia de &#8220;trabajar per la reconstrucci\u00f3 de la Comunitat Valenciana des de l&#8217;\u00e0mbit local&#8221;<\/strong><\/p>\n\n\n\n<figure class=\"wp-block-image\"><img loading=\"lazy\" decoding=\"async\" width=\"787\" height=\"590\" src=\"http:\/\/www.tucomarca.com\/wordpress\/segunda\/wp-content\/uploads\/2020\/08\/reunionSerra-PoblaPSOE2.jpg\" alt=\"\" class=\"wp-image-111810\" srcset=\"https:\/\/tucomarca.whitekongsoftware.com\/wp-content\/uploads\/2020\/08\/reunionSerra-PoblaPSOE2.jpg 787w, https:\/\/tucomarca.whitekongsoftware.com\/wp-content\/uploads\/2020\/08\/reunionSerra-PoblaPSOE2-300x225.jpg 300w, https:\/\/tucomarca.whitekongsoftware.com\/wp-content\/uploads\/2020\/08\/reunionSerra-PoblaPSOE2-768x576.jpg 768w, https:\/\/tucomarca.whitekongsoftware.com\/wp-content\/uploads\/2020\/08\/reunionSerra-PoblaPSOE2-678x509.jpg 678w, https:\/\/tucomarca.whitekongsoftware.com\/wp-content\/uploads\/2020\/08\/reunionSerra-PoblaPSOE2-326x245.jpg 326w, https:\/\/tucomarca.whitekongsoftware.com\/wp-content\/uploads\/2020\/08\/reunionSerra-PoblaPSOE2-80x60.jpg 80w\" sizes=\"auto, (max-width: 787px) 100vw, 787px\" \/><\/figure>\n\n\n\n<p class=\"wp-block-paragraph\">El secretari d&#8217;Organitzaci\u00f3 del PSPV-PSOE, Jose Mu\u00f1oz, la secret\u00e0ria comarcal de Camp de T\u00faria, Lola Cel\u00b7la, i el secretari d&#8217;Organitzaci\u00f3 d&#8217;esta comarca, Kike Mart\u00ednez, s&#8217;han reunit hui amb els nous secretaris generals de les agrupacions socialistes de Serra i La Pobla de Vallbona, Alicia Tus\u00f3n i Juan Pedro Serrano, respectivament. Els dirigents del partit han analitzat l&#8217;actualitat pol\u00edtica i social de la comarca i han coincidit a apostar per continuar fent &#8220;una pol\u00edtica responsable de busca dels acords i consensos el m\u00e9s amplis posibles&#8221;. Aix\u00ed ho ha manifestat Mu\u00f1oz, que ha felicitat Serrano i Tus\u00f3n pels seus respectius nomenaments i ha destacat &#8220;la import\u00e0ncia d&#8217;articular pol\u00edtiques de dinamitzaci\u00f3 del local per a afrontar la recuperaci\u00f3 des de l&#8217;\u00e0mbit m\u00e9s pr\u00f2xim a la ciudadan\u00eda&#8221;.<\/p>\n\n\n\n<p class=\"wp-block-paragraph\">&#8220;Es l&#8217;hora de la col\u00b7laboraci\u00f3, la cohesi\u00f3 i la unitat d&#8217;acci\u00f3n&#8221;, ha manifestat Mu\u00f1oz, que ha considerat &#8220;fundamental&#8221; per a la reconstrucci\u00f3 econ\u00f2mica, social i sanit\u00e0ria de la Comunitat Valenciana &#8220;la labor pol\u00edtica de busca de l&#8217;inter\u00e9s general des de l&#8217;\u00e0mbit local&#8221;, i en este sentit ha cridat a ambd\u00f3s dirigents a &#8220;seguir treballant per una pol\u00edtica municipal allunyada de la crispaci\u00f3 i que busque el consens pel b\u00e9 dels ve\u00efns i vecinas&#8221;.<\/p>\n\n\n\n<p class=\"wp-block-paragraph\">El secretari d&#8217;Organitzaci\u00f3 socialista ha destacat la import\u00e0ncia econ\u00f2mica i social de la comarca del Camp de T\u00faria per a la Comunitat Valenciana i ha apostat per &#8220;la interlocuci\u00f3 cont\u00ednua dins del partit per a dur a terme pol\u00edtiques coordinades en les diferents instituciones&#8221;. &#8220;Debemos fer pol\u00edtiques que apunten en la direcci\u00f3 de millorar la vida de les persones, i hem de fer-ho des de la responsabilitat d&#8217;una formaci\u00f3 que t\u00e9 representaci\u00f3 en la major part dels governs municipals, en la Generalitat i en la Diputaci\u00f3 de Val\u00e8ncia&#8221;.<\/p>\n\n\n\n<p class=\"wp-block-paragraph\">Per aix\u00f2, ha reconegut la &#8220;labor de primera l\u00ednia de batalla&#8221; que duen a terme les agrupacions locals del Partit Socialista, i ha agra\u00eft la labor d&#8217;estes dos agrupacions locals durant la crisi sanit\u00e0ria. &#8220;Ahora m\u00e9s que mai, la ciutadania valenciana ens exigix acords i treball dur, i eixes s\u00f3n les prioritats del PSPV- PSOE en l&#8217;\u00e0mbit local&#8221;, ha concl\u00f2s.<\/p>\n","protected":false},"excerpt":{"rendered":"<div class=\"mh-excerpt\">El secretari d&#8217;Organitzaci\u00f3 del PSPV-PSOE s&#8217;ha reunit amb Alicia Tus\u00f3n i Juan Pedro Serrano, nous dirigents de la formaci\u00f3 en Serra i La Pobla de Vallbona respectivament despr\u00e9s de les assemblees celebrades en ambd\u00f3s municipis <a class=\"mh-excerpt-more\" href=\"https:\/\/tucomarca.whitekongsoftware.com\/ca\/jose-munoz-es-reuneix-amb-els-nous-secretaris-generals-del-psoe-de-serra-i-la-pobla-i-demana-continuar-fent-una-politica-responsable-de-cerca-dacords\/\" title=\"Jos\u00e9 Mu\u00f1oz es reuneix amb els nous secretaris generals del PSOE de Serra i la Pobla i demana continuar fent &#8220;una pol\u00edtica responsable de cerca d&#8217;acords&#8221;\">[+] <\/a><\/div>\n","protected":false},"author":12,"featured_media":111813,"comment_status":"open","ping_status":"open","sticky":false,"template":"","format":"standard","meta":{"footnotes":""},"categories":[10892,10894,10915,10947,10896,10933],"tags":[10395,1335,2412,10404],"class_list":["post-111815","post","type-post","status-publish","format-standard","has-post-thumbnail","category-camp-de-turia-ca","category-la-comarca-ca","category-la-pobla-ca","category-politica","category-seccion-ca","category-serra-ca","tag-camp-de-turia","tag-la-pobla-de-vallbona","tag-pspv-psoe","tag-serra"],"_links":{"self":[{"href":"https:\/\/tucomarca.whitekongsoftware.com\/ca\/wp-json\/wp\/v2\/posts\/111815","targetHints":{"allow":["GET"]}}],"collection":[{"href":"https:\/\/tucomarca.whitekongsoftware.com\/ca\/wp-json\/wp\/v2\/posts"}],"about":[{"href":"https:\/\/tucomarca.whitekongsoftware.com\/ca\/wp-json\/wp\/v2\/types\/post"}],"author":[{"embeddable":true,"href":"https:\/\/tucomarca.whitekongsoftware.com\/ca\/wp-json\/wp\/v2\/users\/12"}],"replies":[{"embeddable":true,"href":"https:\/\/tucomarca.whitekongsoftware.com\/ca\/wp-json\/wp\/v2\/comments?post=111815"}],"version-history":[{"count":0,"href":"https:\/\/tucomarca.whitekongsoftware.com\/ca\/wp-json\/wp\/v2\/posts\/111815\/revisions"}],"wp:featuredmedia":[{"embeddable":true,"href":"https:\/\/tucomarca.whitekongsoftware.com\/ca\/wp-json\/wp\/v2\/media\/111813"}],"wp:attachment":[{"href":"https:\/\/tucomarca.whitekongsoftware.com\/ca\/wp-json\/wp\/v2\/media?parent=111815"}],"wp:term":[{"taxonomy":"category","embeddable":true,"href":"https:\/\/tucomarca.whitekongsoftware.com\/ca\/wp-json\/wp\/v2\/categories?post=111815"},{"taxonomy":"post_tag","embeddable":true,"href":"https:\/\/tucomarca.whitekongsoftware.com\/ca\/wp-json\/wp\/v2\/tags?post=111815"}],"curies":[{"name":"wp","href":"https:\/\/api.w.org\/{rel}","templated":true}]}}