{"id":111636,"date":"2020-08-12T21:25:35","date_gmt":"2020-08-12T19:25:35","guid":{"rendered":"http:\/\/www.tucomarca.com\/wordpress\/segunda\/?p=111636"},"modified":"2020-08-12T21:26:16","modified_gmt":"2020-08-12T19:26:16","slug":"el-club-datletisme-correores-de-bunyol-ajorna-la-segona-quedada-nocturna-que-estava-prevista-per-dijous-que-ve","status":"publish","type":"post","link":"https:\/\/tucomarca.whitekongsoftware.com\/ca\/el-club-datletisme-correores-de-bunyol-ajorna-la-segona-quedada-nocturna-que-estava-prevista-per-dijous-que-ve\/","title":{"rendered":"El Club d&#8217;Atletisme Correores de Bunyol ajorna la segona quedada nocturna que estava prevista per dijous que ve"},"content":{"rendered":"\n<p class=\"wp-block-paragraph\"><strong>Esta activitat esportiva formava part del conjunt d&#8217;activitats centrades en la localitat del 3 al 23 d&#8217;agost, organitzades per la regidoria d&#8217;Esports de Bunyol<\/strong><\/p>\n\n\n\n<p class=\"wp-block-paragraph\">El Club Atletisme Correores de Bunyol va anunciar ahir l&#8217;ajornament de la II Quedada Nocturna que estava prevista pel proper dijous 20 amb motiu de les activitats esportives que s&#8217;estan realitzant en el municipi de el 3 a l&#8217;23 d&#8217;agost, i que tractaven de suplir la setmana esportiva de la Fira i Festes.<br><\/p>\n\n\n\n<p class=\"wp-block-paragraph\">Tot i que s&#8217;anaven a seguir tots els protocols de l&#8217;Covid-19 l&#8217;organitzaci\u00f3 de la II Quedada Nocturna C.A. Correores prevista pel proper dijous 20 a les 22h ha decidit ajornar-la finalment. Aquesta decisi\u00f3 ha estat consensuada i avalada pel regidor d&#8217;Esports de l&#8217;consistori bu\u00f1olense, Manuel Sierra, qui ha volgut agrair l&#8217;esfor\u00e7 dels Correores de Bunyol en la posada en marxa d&#8217;activitats esportives a la poblaci\u00f3 i esperen que aquest ajornament servisca perqu\u00e8 quan es dugue a terme l&#8217;activitat puga aglutinar m\u00e9s gent.<br><\/p>\n\n\n\n<p class=\"wp-block-paragraph\">El president d&#8217;aquest club esportiu, Laguna Mart\u00ednez, ha confirmat que a causa de l&#8217;actual situaci\u00f3 inc\u00f2moda que s&#8217;est\u00e0 vivint amb motiu de la pand\u00e8mia volien garantir que aquesta activitat, &#8220;que ha de ser l\u00fadica, Puga ser gaudida \u00e0mpliament pels assistents, aix\u00ed que millor realitzar-la quan tot estiga m\u00e9s tranquil i es puga fer el recorregut de 8 quil\u00f2metres que ten\u00edem previst pels bells paratges de la localitat&#8221;.<br><\/p>\n\n\n\n<p class=\"wp-block-paragraph\">Mart\u00ednez ha apel\u00b7lat a la responsabilitat individual i el sentit com\u00fa de tots els ve\u00efns de Bunyol per al compliment de les normes sanit\u00e0ries imposades pel Covid-19. &#8220;Podem practicar esport, per\u00f2 sempre seguint les mesures de dist\u00e0ncia i d&#8217;higiene establertes&#8221;.<\/p>\n","protected":false},"excerpt":{"rendered":"<div class=\"mh-excerpt\">Esta activitat esportiva formava part del conjunt d&#8217;activitats centrades en la localitat del 3 al 23 d&#8217;agost, organitzades per la regidoria d&#8217;Esports de Bunyol El Club Atletisme Correores de Bunyol va anunciar ahir l&#8217;ajornament de <a class=\"mh-excerpt-more\" href=\"https:\/\/tucomarca.whitekongsoftware.com\/ca\/el-club-datletisme-correores-de-bunyol-ajorna-la-segona-quedada-nocturna-que-estava-prevista-per-dijous-que-ve\/\" title=\"El Club d&#8217;Atletisme Correores de Bunyol ajorna la segona quedada nocturna que estava prevista per dijous que ve\">[+] <\/a><\/div>\n","protected":false},"author":12,"featured_media":111635,"comment_status":"open","ping_status":"open","sticky":false,"template":"","format":"standard","meta":{"footnotes":""},"categories":[11018,10911,11010,12202,11003,10894,10912,10896],"tags":[11158,11259,11939,11940,10914],"class_list":["post-111636","post","type-post","status-publish","format-standard","has-post-thumbnail","category-atletisme","category-bunol-ca","category-canal-salud","category-covid-19-ca","category-sports","category-la-comarca-ca","category-la-hoya-ca","category-seccion-ca","tag-ayuntamiento-de-bunol-ca","tag-c-a-correores-de-bunol-ca","tag-coronavirus-ca","tag-covid-19-ca","tag-la-hoya-de-bunol-chiva-ca"],"_links":{"self":[{"href":"https:\/\/tucomarca.whitekongsoftware.com\/ca\/wp-json\/wp\/v2\/posts\/111636","targetHints":{"allow":["GET"]}}],"collection":[{"href":"https:\/\/tucomarca.whitekongsoftware.com\/ca\/wp-json\/wp\/v2\/posts"}],"about":[{"href":"https:\/\/tucomarca.whitekongsoftware.com\/ca\/wp-json\/wp\/v2\/types\/post"}],"author":[{"embeddable":true,"href":"https:\/\/tucomarca.whitekongsoftware.com\/ca\/wp-json\/wp\/v2\/users\/12"}],"replies":[{"embeddable":true,"href":"https:\/\/tucomarca.whitekongsoftware.com\/ca\/wp-json\/wp\/v2\/comments?post=111636"}],"version-history":[{"count":0,"href":"https:\/\/tucomarca.whitekongsoftware.com\/ca\/wp-json\/wp\/v2\/posts\/111636\/revisions"}],"wp:featuredmedia":[{"embeddable":true,"href":"https:\/\/tucomarca.whitekongsoftware.com\/ca\/wp-json\/wp\/v2\/media\/111635"}],"wp:attachment":[{"href":"https:\/\/tucomarca.whitekongsoftware.com\/ca\/wp-json\/wp\/v2\/media?parent=111636"}],"wp:term":[{"taxonomy":"category","embeddable":true,"href":"https:\/\/tucomarca.whitekongsoftware.com\/ca\/wp-json\/wp\/v2\/categories?post=111636"},{"taxonomy":"post_tag","embeddable":true,"href":"https:\/\/tucomarca.whitekongsoftware.com\/ca\/wp-json\/wp\/v2\/tags?post=111636"}],"curies":[{"name":"wp","href":"https:\/\/api.w.org\/{rel}","templated":true}]}}