{"id":111615,"date":"2020-08-11T20:52:14","date_gmt":"2020-08-11T18:52:14","guid":{"rendered":"http:\/\/www.tucomarca.com\/wordpress\/segunda\/?p=111615"},"modified":"2020-08-11T20:52:17","modified_gmt":"2020-08-11T18:52:17","slug":"la-plataforma-sol-de-la-vall-reivindica-lenergia-fotovoltaica-com-a-alternativa-economica-a-el-tancament-de-la-nuclear-de-cofrents-en-2032","status":"publish","type":"post","link":"https:\/\/tucomarca.whitekongsoftware.com\/ca\/la-plataforma-sol-de-la-vall-reivindica-lenergia-fotovoltaica-com-a-alternativa-economica-a-el-tancament-de-la-nuclear-de-cofrents-en-2032\/","title":{"rendered":"La plataforma Sol De la Vall reivindica l&#8217;energia fotovoltaica com a alternativa econ\u00f2mica a el tancament de la nuclear de Cofrents en 2032"},"content":{"rendered":"\n<p class=\"wp-block-paragraph\">Els municipis de les comarques de la Vall d&#8217;Aiora-Cofrents, la Canal de Navarr\u00e9s i municipis com Dosaig\u00fces, I\u00e0tova i Alboraig (aquests \u00faltims de la Foia de Bunyol-Xiva), zones molt castigades per la despoblaci\u00f3, han tingut l&#8217;oferta per implantar la tecnologia fotovoltaica com a alternativa econ\u00f2mica a el tancament de la central nuclear de Cofrents en 2032.<\/p>\n\n\n\n<p class=\"wp-block-paragraph\">Fernando Navarro, alcalde de Cortes de Pallars com a representant de la Plataforma &#8220;Sol de la Vall&#8221; creada per 12 municipis, ha informat que al mes de maig s&#8217;ha publicat l&#8217;esborrany de Llei de Canvi Clim\u00e0tic i Transici\u00f3 Ecol\u00f2gica. Suposadament es presenta com una soluci\u00f3 a la gesti\u00f3 energ\u00e8tica de la Comunitat Valenciana, tant en el d\u00e8ficit en pot\u00e8ncia renovable instal\u00b7lada com en la presa de decisions pel que fa a la ubicaci\u00f3 de plantes de generaci\u00f3 renovable. Indican que el objetivo de la CV es implantar 6000 MW de fotovoltaica.\u00a0<\/p>\n\n\n\n<p class=\"wp-block-paragraph\">Dins d&#8217;aquest esborrany, s&#8217;articula el &#8220;Pla Director d&#8217;Energies Renovables&#8221; que ha d&#8217;ordenar territorialment la ubicaci\u00f3 de les energies renovables a la Comunitat Valenciana &#8220;identificant zones priorit\u00e0ries per al desenvolupament Renovable (s\u00f3n les menys). Per\u00f2 tamb\u00e9 queda identificat on no es va a poder instal\u00b7lar res. Recull certes restriccions que els municipis no estem rebent de manera positiva, entre altres cal destacar que l&#8217;entorn de la Central Nuclear de Cofrents en el seu complet est\u00e0 PROTEGIT. I es preveu un nou Decret a la Comunitat Valenciana per agilitzar el tr\u00e0mit dels expedients de projectes renovables principalment i tenim la sospita que ja es va a integrar part d&#8217;aquestes proteccions recollides en el Pla Director&#8221;, com han informat des de la plataforma.<\/p>\n\n\n\n<p class=\"wp-block-paragraph\"><strong>\u00bfProtegit per qu\u00e8?<\/strong><\/p>\n\n\n\n<p class=\"wp-block-paragraph\">&#8220;Amb vista a aquesta transici\u00f3 energ\u00e8tica&#8221; justa &#8220;ens deixa desemparats a m\u00e9s de 12 municipis que actualment vivim en part dels ingressos que es reben de la Central Nuclear i la poca gent que hi viu treballa per o a la nuclear. Si el tancament de Cofrents es produeix en 2030, com ens anem a mantenir els municipis de l&#8217;entorn? Aix\u00f2 no s&#8217;ho plantegen, no es t\u00e9 en compte que l&#8217;impacte en ocupaci\u00f3 entre directe i indirecte afecta 2000 persones encara que \u00e9s m\u00e9s clar parlar de 2000 fam\u00edlies , nom\u00e9s una dada de el municipi m\u00e9s poblat de l&#8217;entorn de la Nuclear, Requena en el moment de tancament tindr\u00e0 en el moment de tancament tindr\u00e0 una afectaci\u00f3 de 450 fam\u00edlies que avui depenen de la feina de la CN de Cofrents &#8220;, afegeixen des de la plataforma.<\/p>\n\n\n\n<p class=\"wp-block-paragraph\">&#8220;La nuclear t\u00e9 una pot\u00e8ncia instal\u00b7lada de aproximadament 1.000 MW i per poder suplir la generaci\u00f3 s&#8217;hauria de poder implantar en els voltants, ja hi ha l\u00ednies el\u00e8ctriques, es podria aprofitar passadissos ambientals, per\u00f2, s&#8217;est\u00e0 mirant la&#8221; catalogaci\u00f3 de terra ZEPA &#8220;i ni tan sols les esp\u00e8cies que alberga, no donen l&#8217;oportunitat de estudiar-lo i compatibilitzar. l&#8217;estar afectat per ZEPA \u00e9s un c\u00e0stig.<br> Des de la Comunitat Valenciana estem empenyent al fet que aquestes inversions es desplacin a Castella la Manxa. Els municipis de l&#8217;entorn de Cofrents hem creat una alian\u00e7a per lluitar contra el canvi clim\u00e0tic i apostar per les energies renovables com a mitj\u00e0 impulsor de l&#8217;economia rural i anti-despoblament. Per afermar aquesta alian\u00e7a, al juny s&#8217;ha signat el primer acord entre els 7 ajuntaments pertanyents a la Reserva Valenciana de Ca\u00e7a de la Mola de Cortes, formant la Plataforma &#8220;Sol de la Vall&#8221; amb l&#8217;objectiu d&#8217;atreure inversions renovables i repartir beneficis entre tots els ajuntaments, per\u00f2 cal la implicaci\u00f3 de la Generalitat &#8220;.<\/p>\n\n\n\n<p class=\"wp-block-paragraph\">&#8220;Hi ha una gran companyia energ\u00e8tica interessada en implantar un projecte renovable en aquest entorn i no ens podem quedar sense res. La Generalitat des del seu programa AVANT s&#8217;implanta pol\u00edtiques anti-despoblament que avui nom\u00e9s consisteixen en l&#8217;aplicaci\u00f3 d&#8217;uns fons econ\u00f2mics per invertir en despoblaci\u00f3, la subvenci\u00f3 no \u00e9s la soluci\u00f3, est\u00e0 b\u00e9 de forma temporal per\u00f2 si per l&#8217;administraci\u00f3 se&#8217;ns coarta perqu\u00e8 empreses que volen invertir en el nostre entorn rural i que siguin compatibles amb el mateix. Se&#8217;ns restringeix la possibilitat d&#8217;instal \u2022 lacions que no generen CO2 per complir amb la futura llei de canvi clim\u00e0tic i transici\u00f3 ecol\u00f2gica i que facilitarien els ingressos dels municipis via impostos, la majoria d&#8217;aquests municipis ja disposen d&#8217;uns ingressos i pressupostos m\u00ednims&#8221;.<\/p>\n\n\n\n<p class=\"wp-block-paragraph\">&#8220;La lluita contra la despoblaci\u00f3 ser\u00e0 est\u00e8ril, els nostres pobles cada vegada es veuran m\u00e9s afectats per l&#8217;efecte de l&#8217;envelliment dels seus habitants i el que \u00e9s pitjor, quan no visqui gent en aquests municipis qui protegir\u00e0 la muntanya?&#8221;.<\/p>\n\n\n\n<p class=\"wp-block-paragraph\"><strong>Reclamen a l&#8217;Administraci\u00f3<\/strong><\/p>\n\n\n\n<p class=\"wp-block-paragraph\">&#8220;Que se&#8217;ns tingui en compte a l&#8217;hora de legislar sobre assumptes com \u00e9s el cas ens afecten de manera, no es pot ser absolutista (Tot per al poble per\u00f2 sense el poble), no ens podem assabentar per grupets que hi ha en pot\u00e8ncia 01:00 decret que impossibilit\u00e9s de aprovar-se el futur de les comarques de l&#8217;interior de manera especial la Vall d&#8217;Aiora-Cofrents, la Canal de Navarr\u00e9s i municipis com Dos Aig\u00fces, Yatova i Alborache (aquests \u00faltims de la Foia de Bunyol-Xiva)&#8221;.<\/p>\n\n\n\n<p class=\"wp-block-paragraph\">&#8220;Venim reclamant des de fa mesos una taula on estiguem representats els Municipis de la plataforma Sol de la Vall i les diferents direccions generals que tinguin implicaci\u00f3 en el problema que se&#8217;ns acosta (presid\u00e8ncia, despoblaci\u00f3, medi ambient, territori, etc\u00e8tera). Hauria de ser un emblema de l&#8217;repte demogr\u00e0fic que es planteja a la Comunitat Valenciana &#8220;, han finalitzat des de la plataforma.<\/p>\n","protected":false},"excerpt":{"rendered":"<div class=\"mh-excerpt\">Els municipis de les comarques de la Vall d&#8217;Aiora-Cofrents, la Canal de Navarr\u00e9s i municipis com Dosaig\u00fces, I\u00e0tova i Alboraig (aquests \u00faltims de la Foia de Bunyol-Xiva), zones molt castigades per la despoblaci\u00f3, han tingut <a class=\"mh-excerpt-more\" href=\"https:\/\/tucomarca.whitekongsoftware.com\/ca\/la-plataforma-sol-de-la-vall-reivindica-lenergia-fotovoltaica-com-a-alternativa-economica-a-el-tancament-de-la-nuclear-de-cofrents-en-2032\/\" title=\"La plataforma Sol De la Vall reivindica l&#8217;energia fotovoltaica com a alternativa econ\u00f2mica a el tancament de la nuclear de Cofrents en 2032\">[+] <\/a><\/div>\n","protected":false},"author":12,"featured_media":111469,"comment_status":"open","ping_status":"open","sticky":false,"template":"","format":"standard","meta":{"footnotes":""},"categories":[10951,10973,10955,10953,10976,10898,10980,10963,10912,10970],"tags":[10651,11934,11094,5952,10914,12453,12465],"class_list":["post-111615","post","type-post","status-publish","format-standard","has-post-thumbnail","category-ayora-cofrentes-ca","category-alborache-ca","category-cofrentes-ca","category-cortes-de-pallas-ca","category-dos-aguas-ca","category-ventana-ca","category-yatova-ca","category-la-canal-de-navarres-ca","category-la-hoya-ca","category-millares-ca","tag-el-valle-de-ayora-cofrentes","tag-el-valle-de-ayora-cofrentes-ca","tag-la-canal-de-navarres","tag-la-hoya-de-bunol-chiva","tag-la-hoya-de-bunol-chiva-ca","tag-plataforma-sol-del-valle","tag-plataforma-sol-del-valle-ca"],"_links":{"self":[{"href":"https:\/\/tucomarca.whitekongsoftware.com\/ca\/wp-json\/wp\/v2\/posts\/111615","targetHints":{"allow":["GET"]}}],"collection":[{"href":"https:\/\/tucomarca.whitekongsoftware.com\/ca\/wp-json\/wp\/v2\/posts"}],"about":[{"href":"https:\/\/tucomarca.whitekongsoftware.com\/ca\/wp-json\/wp\/v2\/types\/post"}],"author":[{"embeddable":true,"href":"https:\/\/tucomarca.whitekongsoftware.com\/ca\/wp-json\/wp\/v2\/users\/12"}],"replies":[{"embeddable":true,"href":"https:\/\/tucomarca.whitekongsoftware.com\/ca\/wp-json\/wp\/v2\/comments?post=111615"}],"version-history":[{"count":0,"href":"https:\/\/tucomarca.whitekongsoftware.com\/ca\/wp-json\/wp\/v2\/posts\/111615\/revisions"}],"wp:featuredmedia":[{"embeddable":true,"href":"https:\/\/tucomarca.whitekongsoftware.com\/ca\/wp-json\/wp\/v2\/media\/111469"}],"wp:attachment":[{"href":"https:\/\/tucomarca.whitekongsoftware.com\/ca\/wp-json\/wp\/v2\/media?parent=111615"}],"wp:term":[{"taxonomy":"category","embeddable":true,"href":"https:\/\/tucomarca.whitekongsoftware.com\/ca\/wp-json\/wp\/v2\/categories?post=111615"},{"taxonomy":"post_tag","embeddable":true,"href":"https:\/\/tucomarca.whitekongsoftware.com\/ca\/wp-json\/wp\/v2\/tags?post=111615"}],"curies":[{"name":"wp","href":"https:\/\/api.w.org\/{rel}","templated":true}]}}