{"id":111456,"date":"2020-08-07T14:55:01","date_gmt":"2020-08-07T12:55:01","guid":{"rendered":"http:\/\/www.tucomarca.com\/wordpress\/segunda\/?p=111456"},"modified":"2020-08-11T13:31:54","modified_gmt":"2020-08-11T11:31:54","slug":"el-ayuntamiento-de-bunol-hace-un-llamamiento-a-la-tranquilidad-tras-los-ultimos-casos-detectados-de-covid-19-en-la-localidad","status":"publish","type":"post","link":"https:\/\/tucomarca.whitekongsoftware.com\/ca\/el-ayuntamiento-de-bunol-hace-un-llamamiento-a-la-tranquilidad-tras-los-ultimos-casos-detectados-de-covid-19-en-la-localidad\/","title":{"rendered":"L&#8217;Ajuntament de Bunyol fa una crida a la &#8220;tranquil\u00b7litat&#8221; despr\u00e9s dels \u00faltims casos detectats de Covid-19 a la localitat"},"content":{"rendered":"\n<p class=\"wp-block-paragraph\">L&#8217;Ajuntament de Bunyol ha realitzat una crida &#8220;a la calma ia la tranquil\u00b7litat&#8221; despr\u00e9s dels \u00faltims casos detectats de Covid-19 a la localitat.<\/p>\n\n\n\n<p class=\"wp-block-paragraph\">Pel que fa a la remor que ara mateix circula en el municipi sobre un possible rebrot d&#8217;origen social que afectaria diverses desenes de joves, el primer tinent d&#8217;alcalde de l&#8217;Ajuntament de Bunyol, Rafa P\u00e9rez, ha informat que, fins al moment, &#8220;solament hi ha un cas confirmat de coronavirus, es tracta d&#8217;una persona jove i s&#8217;acaben de realitzar les proves a tots els seus contactes i el seu entorn m\u00e9s pr\u00f2xim. Pel que fins d&#8217;aqu\u00ed a uns dies no sabrem el resultat definitiu de totes les proves realitzades, encara que a l&#8217; semblar molts d&#8217;ells ja s&#8217;han fet algunes proves de manera privada i tots ells estan donant negatiu &#8220;.<\/p>\n\n\n\n<p class=\"wp-block-paragraph\">Rafa P\u00e9rez ha informat que s\u00f3n &#8220;al voltant d&#8217;un centenar les proves que s&#8217;han fet a trav\u00e9s de la Conselleria de Sanitat at\u00e8s que es tracta d&#8217;una persona jove amb molts contactes socials, per\u00f2 fins d&#8217;aqu\u00ed a uns dies no sabrem el resultat&#8221;.<\/p>\n\n\n\n<p class=\"wp-block-paragraph\">No obstant aix\u00f2 el pimer tinent d&#8217;alcalde de Bunyol ha insistit que la situaci\u00f3 &#8220;est\u00e0 totalment controlada, els rastrejadors estan realitzats un gran treball i totes les persones que hagin pogut tenir contacte amb el jove afectat estan sota observaci\u00f3&#8221;.<\/p>\n\n\n\n<p class=\"wp-block-paragraph\">Tamb\u00e9 ha insistit que cap de les persones que s&#8217;han realitzat les proves per determinar si s&#8217;han contagiat o no &#8220;tenen cap s\u00edmptoma, de manera que tot s&#8217;est\u00e0 fent per precauci\u00f3&#8221;; per aquest motiu Rafa P\u00e9rez hagi volgut &#8220;llo\u00e9s el gran treball que estan realitzant els rastrejadors per determinar l&#8217;extensi\u00f3 de l&#8217;possible contagi.<\/p>\n\n\n\n<p class=\"wp-block-paragraph\">Pel que de nou Rafa P\u00e9rez ha volgut fer &#8220;una crida a la prud\u00e8ncia ia la calma, ja que la situaci\u00f3 est\u00e0 totalment controlada&#8221;.<\/p>\n\n\n\n<p class=\"wp-block-paragraph\"><strong>Casos dels \u00faltims 14 dies<\/strong><\/p>\n\n\n\n<p class=\"wp-block-paragraph\">Rafa P\u00e9rez tamb\u00e9 ha explicat respecte als \u00faltims quatre casos detectats durant les \u00faltimes dues setmanes a la localitat, que &#8220;un d&#8217;ells ha estat un contagi via hospital\u00e0ria, que a m\u00e9s va contagiar a un familiar i tots dos van passar de seguida a estar sota control, i els altres van ser dos casos importats que, a l&#8217;igual que els anteriors, tamb\u00e9 van ser de seguida a\u00efllats i controlats convenientment. Pel que tampoc hi ha motiu per a l&#8217;alarma &#8220;.<\/p>\n\n\n\n<p class=\"wp-block-paragraph\">Rafa P\u00e9rez ha finalitzat recordant que la millor prevenci\u00f3 \u00e9s &#8220;l&#8217;\u00fas adequat de la mascareta, la dist\u00e0ncia social aix\u00ed com extremar les mesures d&#8217;higiene i especialment el rentat de mans&#8221;, pel que ha reiterat que, seguint aquestes senzilles normes &#8220;no hem caure en l&#8217;alarmisme &#8220;.<\/p>\n","protected":false},"excerpt":{"rendered":"<div class=\"mh-excerpt\">L&#8217;Ajuntament de Bunyol ha realitzat una crida &#8220;a la calma ia la tranquil\u00b7litat&#8221; despr\u00e9s dels \u00faltims casos detectats de Covid-19 a la localitat. Pel que fa a la remor que ara mateix circula en el <a class=\"mh-excerpt-more\" href=\"https:\/\/tucomarca.whitekongsoftware.com\/ca\/el-ayuntamiento-de-bunol-hace-un-llamamiento-a-la-tranquilidad-tras-los-ultimos-casos-detectados-de-covid-19-en-la-localidad\/\" title=\"L&#8217;Ajuntament de Bunyol fa una crida a la &#8220;tranquil\u00b7litat&#8221; despr\u00e9s dels \u00faltims casos detectats de Covid-19 a la localitat\">[+] <\/a><\/div>\n","protected":false},"author":1,"featured_media":101240,"comment_status":"open","ping_status":"open","sticky":false,"template":"","format":"standard","meta":{"footnotes":""},"categories":[10911,11010,12202,10948,10894,10912,10896,10897],"tags":[11939,11940,11952,11108],"class_list":["post-111456","post","type-post","status-publish","format-standard","has-post-thumbnail","category-bunol-ca","category-canal-salud","category-covid-19-ca","category-infraestructuras-ca","category-la-comarca-ca","category-la-hoya-ca","category-seccion-ca","category-sucesos-la-comarca-ca","tag-coronavirus-ca","tag-covid-19-ca","tag-covid2019-ca","tag-la-foia-de-bunyol-xiva"],"_links":{"self":[{"href":"https:\/\/tucomarca.whitekongsoftware.com\/ca\/wp-json\/wp\/v2\/posts\/111456","targetHints":{"allow":["GET"]}}],"collection":[{"href":"https:\/\/tucomarca.whitekongsoftware.com\/ca\/wp-json\/wp\/v2\/posts"}],"about":[{"href":"https:\/\/tucomarca.whitekongsoftware.com\/ca\/wp-json\/wp\/v2\/types\/post"}],"author":[{"embeddable":true,"href":"https:\/\/tucomarca.whitekongsoftware.com\/ca\/wp-json\/wp\/v2\/users\/1"}],"replies":[{"embeddable":true,"href":"https:\/\/tucomarca.whitekongsoftware.com\/ca\/wp-json\/wp\/v2\/comments?post=111456"}],"version-history":[{"count":0,"href":"https:\/\/tucomarca.whitekongsoftware.com\/ca\/wp-json\/wp\/v2\/posts\/111456\/revisions"}],"wp:featuredmedia":[{"embeddable":true,"href":"https:\/\/tucomarca.whitekongsoftware.com\/ca\/wp-json\/wp\/v2\/media\/101240"}],"wp:attachment":[{"href":"https:\/\/tucomarca.whitekongsoftware.com\/ca\/wp-json\/wp\/v2\/media?parent=111456"}],"wp:term":[{"taxonomy":"category","embeddable":true,"href":"https:\/\/tucomarca.whitekongsoftware.com\/ca\/wp-json\/wp\/v2\/categories?post=111456"},{"taxonomy":"post_tag","embeddable":true,"href":"https:\/\/tucomarca.whitekongsoftware.com\/ca\/wp-json\/wp\/v2\/tags?post=111456"}],"curies":[{"name":"wp","href":"https:\/\/api.w.org\/{rel}","templated":true}]}}