{"id":111453,"date":"2020-08-07T14:18:54","date_gmt":"2020-08-07T12:18:54","guid":{"rendered":"http:\/\/www.tucomarca.com\/wordpress\/segunda\/?p=111453"},"modified":"2020-08-11T13:44:10","modified_gmt":"2020-08-11T11:44:10","slug":"gaby-fernandez-ramon-morant-nacho-mata-i-jesus-lopez-no-continuaran-al-cd-bunyol-la-temporada-que-ve","status":"publish","type":"post","link":"https:\/\/tucomarca.whitekongsoftware.com\/ca\/gaby-fernandez-ramon-morant-nacho-mata-i-jesus-lopez-no-continuaran-al-cd-bunyol-la-temporada-que-ve\/","title":{"rendered":"Gaby Fern\u00e1ndez, Ram\u00f3n Morant, Nacho Mata i Jes\u00fas L\u00f3pez no continuaran al CD Bunyol la temporada que ve"},"content":{"rendered":"\n<p class=\"wp-block-paragraph\">Segons han manifestat des del CD Bunyol, &#8220;a la vida, pr\u00e0cticament tot t\u00e9 un principi i un final. I en el futbol, \u200b\u200baquesta circumst\u00e0ncia aconseguix la seua m\u00e0xima expressi\u00f3, ja que cada temporada s&#8217;acaba un cicle i comen\u00e7a un altre. Com ja sabeu, aquest any hem intentat que la pr\u00e0ctica totalitat de la plantilla que ens ha fet campions continu\u00ef amb nosaltres una temporada m\u00e9s. No obstant aix\u00f2, per diverses circumst\u00e0ncies, hi ha alguns jugadors que no seguiran en el nostre equip tot i l&#8217;enorme afecte que els guardem&#8221;.<\/p>\n\n\n\n<p class=\"wp-block-paragraph\">&#8220;Gaby Fern\u00e1ndez, Ram\u00f3n Morant, Nacho Mata i Jes\u00fas L\u00f3pez han estat un exemple de professionalitat i comprom\u00eds amb els nostres colors, especialment en unes circumst\u00e0ncies tan extraordin\u00e0ries com les que ens ha tocat viure per la pand\u00e8mia. Tots ells ja formen part de la nostra Hist\u00f2ria com a part de l&#8217;equip que ens va fer campions&#8221;.<\/p>\n\n\n\n<p class=\"wp-block-paragraph\">&#8220;Malgrat la seua veterania, Gaby Fern\u00e1ndez ha demostrat que encara t\u00e9 molt de futbol a les seues botes. Ram\u00f3n Morant i la seua exquisita esquerra ens van fer somiar amb la remuntada en la promoci\u00f3 d&#8217;ascens. Nacho Mata ha estat una pe\u00e7a fonamental de la nostra defensa, convertint-se en tot un baluard al lateral esquerra I Jes\u00fas L\u00f3pez amb prou feines ha pogut tornar a cavalcar la banda esquerra del Beltr\u00e1n B\u00e1guena causa del coronavirus&#8221;.<\/p>\n\n\n\n<p class=\"wp-block-paragraph\">&#8220;Als quatre volem traslladar-los el nostre m\u00e9s sincer agra\u00efment per la seua actitud cap al nostre club i els millors desitjos en les seues noves aventures personals, professionals i futbol\u00edstiques. Ja sabeu que a Bunyol teniu la vostra casa&#8221;, han finalitzat.<\/p>\n","protected":false},"excerpt":{"rendered":"<div class=\"mh-excerpt\">Segons han manifestat des del CD Bunyol, &#8220;a la vida, pr\u00e0cticament tot t\u00e9 un principi i un final. I en el futbol, \u200b\u200baquesta circumst\u00e0ncia aconseguix la seua m\u00e0xima expressi\u00f3, ja que cada temporada s&#8217;acaba un <a class=\"mh-excerpt-more\" href=\"https:\/\/tucomarca.whitekongsoftware.com\/ca\/gaby-fernandez-ramon-morant-nacho-mata-i-jesus-lopez-no-continuaran-al-cd-bunyol-la-temporada-que-ve\/\" title=\"Gaby Fern\u00e1ndez, Ram\u00f3n Morant, Nacho Mata i Jes\u00fas L\u00f3pez no continuaran al CD Bunyol la temporada que ve\">[+] <\/a><\/div>\n","protected":false},"author":12,"featured_media":111452,"comment_status":"open","ping_status":"open","sticky":false,"template":"","format":"standard","meta":{"footnotes":""},"categories":[10911,11015,11003,10912,10896],"tags":[537,10379,10661,5952],"class_list":["post-111453","post","type-post","status-publish","format-standard","has-post-thumbnail","category-bunol-ca","category-canal-futbol","category-sports","category-la-hoya-ca","category-seccion-ca","tag-cd-bunol","tag-deportes","tag-esports","tag-la-hoya-de-bunol-chiva"],"_links":{"self":[{"href":"https:\/\/tucomarca.whitekongsoftware.com\/ca\/wp-json\/wp\/v2\/posts\/111453","targetHints":{"allow":["GET"]}}],"collection":[{"href":"https:\/\/tucomarca.whitekongsoftware.com\/ca\/wp-json\/wp\/v2\/posts"}],"about":[{"href":"https:\/\/tucomarca.whitekongsoftware.com\/ca\/wp-json\/wp\/v2\/types\/post"}],"author":[{"embeddable":true,"href":"https:\/\/tucomarca.whitekongsoftware.com\/ca\/wp-json\/wp\/v2\/users\/12"}],"replies":[{"embeddable":true,"href":"https:\/\/tucomarca.whitekongsoftware.com\/ca\/wp-json\/wp\/v2\/comments?post=111453"}],"version-history":[{"count":0,"href":"https:\/\/tucomarca.whitekongsoftware.com\/ca\/wp-json\/wp\/v2\/posts\/111453\/revisions"}],"wp:featuredmedia":[{"embeddable":true,"href":"https:\/\/tucomarca.whitekongsoftware.com\/ca\/wp-json\/wp\/v2\/media\/111452"}],"wp:attachment":[{"href":"https:\/\/tucomarca.whitekongsoftware.com\/ca\/wp-json\/wp\/v2\/media?parent=111453"}],"wp:term":[{"taxonomy":"category","embeddable":true,"href":"https:\/\/tucomarca.whitekongsoftware.com\/ca\/wp-json\/wp\/v2\/categories?post=111453"},{"taxonomy":"post_tag","embeddable":true,"href":"https:\/\/tucomarca.whitekongsoftware.com\/ca\/wp-json\/wp\/v2\/tags?post=111453"}],"curies":[{"name":"wp","href":"https:\/\/api.w.org\/{rel}","templated":true}]}}