{"id":111299,"date":"2020-08-04T15:01:05","date_gmt":"2020-08-04T13:01:05","guid":{"rendered":"http:\/\/www.tucomarca.com\/wordpress\/segunda\/?p=111299"},"modified":"2020-08-05T12:08:58","modified_gmt":"2020-08-05T10:08:58","slug":"finalitzat-el-periode-de-licitacio-del-pla-director-del-castell-de-bunyol","status":"publish","type":"post","link":"https:\/\/tucomarca.whitekongsoftware.com\/ca\/finalitzat-el-periode-de-licitacio-del-pla-director-del-castell-de-bunyol\/","title":{"rendered":"Finalitzat el per\u00edode de licitaci\u00f3 del Pla Director del Castell de Bunyol"},"content":{"rendered":"\n<p class=\"wp-block-paragraph\"><strong>Rafael P\u00e9rez, regidor d&#8217;Urbanisme, Obres i Patrimoni de l&#8217;Ajuntament de Bu\u00f1ol, ha confirmat que a partir de setembre es comen\u00e7ar\u00e0 la redacci\u00f3 d&#8217;este pla, que permetr\u00e0 escometre inversions en este bell enclavament tur\u00edstic del municipi<\/strong><\/p>\n\n\n\n<p class=\"wp-block-paragraph\">Rafael P\u00e9rez, regidor d&#8217;Urbanisme, Obres i Patrimoni, s&#8217;ha mostrat molt satisfet i esperan\u00e7at a poder anunciar que des de la setmana passada ja est\u00e0 finalitzat el proc\u00e9s de licitaci\u00f3 de el Pla Director de l&#8217;Castell de Bunyol. Despr\u00e9s de gaireb\u00e9 un any de tr\u00e0mits, que s&#8217;han vist alentits per la pand\u00e8mia pel Covid-19, l&#8217;estudi d&#8217;arquitectura encarregat d&#8217;aquest pla director \u00e9s Estudi Arqu, dirigit per Mar Fern\u00e1ndez.<\/p>\n\n\n\n<p class=\"wp-block-paragraph\">Des d&#8217;aquesta setmana s&#8217;est\u00e0 treballant en la recuperaci\u00f3 de bibliografia i estudis relacionats amb el Castell de Bunyol per a poder iniciar la redacci\u00f3 d&#8217;aquest pla a principis de setembre. L&#8217;edil bu\u00f1olense ha confirmat que un cop estiga finalitzat aquest pla director i aprovat, &#8220;s&#8217;haur\u00e0 ja feta una programaci\u00f3 en el temps que, sense importar el regidor delegat d&#8217;obres o patrimoni, o de l&#8217;equip de govern que estiga a l&#8217;capdavant d&#8217;aquest Ajuntament, permetr\u00e0 tra\u00e7ar un pla de treball eficient i que millori les seues instal\u00b7lacions per als pr\u00f2xims 40 o 50 anys&#8221;. Per aix\u00f2, P\u00e9rez ent\u00e9n que despr\u00e9s de l&#8217;aprovaci\u00f3 d&#8217;aquest pla director, &#8220;el Castell de Bunyol podr\u00e0 patir tots els canvis que des d&#8217;aquest equip de govern porten intentant i que fins ara no podien per no comptar amb aquest pla&#8221;.<\/p>\n\n\n\n<p class=\"wp-block-paragraph\">El responsable d&#8217;aquesta \u00e0rea a l&#8217;Ajuntament de Bunyol, Rafael P\u00e9rez, ha concl\u00f2s dient que despr\u00e9s de l&#8217;aprovaci\u00f3 d&#8217;aquest pla director es podr\u00e0 dur a terme inversions i actuacions previstes sense risc a perdre cap subvenci\u00f3.<\/p>\n","protected":false},"excerpt":{"rendered":"<div class=\"mh-excerpt\">Rafael P\u00e9rez, regidor d&#8217;Urbanisme, Obres i Patrimoni de l&#8217;Ajuntament de Bu\u00f1ol, ha confirmat que a partir de setembre es comen\u00e7ar\u00e0 la redacci\u00f3 d&#8217;este pla, que permetr\u00e0 escometre inversions en este bell enclavament tur\u00edstic del municipi <a class=\"mh-excerpt-more\" href=\"https:\/\/tucomarca.whitekongsoftware.com\/ca\/finalitzat-el-periode-de-licitacio-del-pla-director-del-castell-de-bunyol\/\" title=\"Finalitzat el per\u00edode de licitaci\u00f3 del Pla Director del Castell de Bunyol\">[+] <\/a><\/div>\n","protected":false},"author":12,"featured_media":111298,"comment_status":"open","ping_status":"open","sticky":false,"template":"","format":"standard","meta":{"footnotes":""},"categories":[10911,10948,10894,10912,10947,10896],"tags":[5335,11158,1537,12445,5952,10914],"class_list":["post-111299","post","type-post","status-publish","format-standard","has-post-thumbnail","category-bunol-ca","category-infraestructuras-ca","category-la-comarca-ca","category-la-hoya-ca","category-politica","category-seccion-ca","tag-ayuntamiento-de-bunol","tag-ayuntamiento-de-bunol-ca","tag-castillo-de-bunol","tag-castillo-de-bunol-ca","tag-la-hoya-de-bunol-chiva","tag-la-hoya-de-bunol-chiva-ca"],"_links":{"self":[{"href":"https:\/\/tucomarca.whitekongsoftware.com\/ca\/wp-json\/wp\/v2\/posts\/111299","targetHints":{"allow":["GET"]}}],"collection":[{"href":"https:\/\/tucomarca.whitekongsoftware.com\/ca\/wp-json\/wp\/v2\/posts"}],"about":[{"href":"https:\/\/tucomarca.whitekongsoftware.com\/ca\/wp-json\/wp\/v2\/types\/post"}],"author":[{"embeddable":true,"href":"https:\/\/tucomarca.whitekongsoftware.com\/ca\/wp-json\/wp\/v2\/users\/12"}],"replies":[{"embeddable":true,"href":"https:\/\/tucomarca.whitekongsoftware.com\/ca\/wp-json\/wp\/v2\/comments?post=111299"}],"version-history":[{"count":0,"href":"https:\/\/tucomarca.whitekongsoftware.com\/ca\/wp-json\/wp\/v2\/posts\/111299\/revisions"}],"wp:featuredmedia":[{"embeddable":true,"href":"https:\/\/tucomarca.whitekongsoftware.com\/ca\/wp-json\/wp\/v2\/media\/111298"}],"wp:attachment":[{"href":"https:\/\/tucomarca.whitekongsoftware.com\/ca\/wp-json\/wp\/v2\/media?parent=111299"}],"wp:term":[{"taxonomy":"category","embeddable":true,"href":"https:\/\/tucomarca.whitekongsoftware.com\/ca\/wp-json\/wp\/v2\/categories?post=111299"},{"taxonomy":"post_tag","embeddable":true,"href":"https:\/\/tucomarca.whitekongsoftware.com\/ca\/wp-json\/wp\/v2\/tags?post=111299"}],"curies":[{"name":"wp","href":"https:\/\/api.w.org\/{rel}","templated":true}]}}