{"id":111293,"date":"2020-08-02T23:45:39","date_gmt":"2020-08-02T21:45:39","guid":{"rendered":"http:\/\/www.tucomarca.com\/wordpress\/segunda\/?p=111293"},"modified":"2020-08-05T12:01:30","modified_gmt":"2020-08-05T10:01:30","slug":"la-plataforma-pro-hospital-protesta-davant-de-la-conselleria-de-sanitat","status":"publish","type":"post","link":"https:\/\/tucomarca.whitekongsoftware.com\/ca\/la-plataforma-pro-hospital-protesta-davant-de-la-conselleria-de-sanitat\/","title":{"rendered":"La plataforma Pro hospital protesta davant de la conselleria de Sanitat"},"content":{"rendered":"\n<p class=\"wp-block-paragraph\">La plataforma Pro hospital va protagonitzar aquest passat divendres 31 de juliol una protesta a la conselleria de Sanitat<\/p>\n\n\n\n<p class=\"wp-block-paragraph\">En el desenvolupament de la protesta es van escoltar consignes de l&#8217;tipus sanitat p\u00fablica, de tots i per a tots, per una gesti\u00f3 p\u00fablica de l&#8217;hospital de Manises, obertures dels centres m\u00e8dics, Macastre i Alborache necessiten el seu metge.<\/p>\n\n\n\n<p class=\"wp-block-paragraph\">A la cita van acudir ve\u00efns d&#8217;Alborache, Bunyol, Xiva i Macastre, estant presents tamb\u00e9 representants de l&#8217;Ajuntament de Macastre, l&#8217;Alcalde Vicente Mont\u00f3n, i d&#8217;Alborache, el regidor Jes\u00fas Hig\u00f3n.<\/p>\n\n\n\n<p class=\"wp-block-paragraph\">Davant la pressi\u00f3 ve\u00efnal es va presentar la directora general d&#8217;Efici\u00e8ncia i R\u00e8gim Econ\u00f2mic, Carmelina Pla, i va decidir rebre&#8217;ls, la reuni\u00f3 amb ella es va celebrar amb molt males maneres i sup\u00e8rbia, increpant a alguns de la plataforma i tractant-nos d&#8217;ignorants, repetint diverses vegades que si sab\u00edem que hi havia una pand\u00e8mia com si f\u00f3ssim tontos, a el cap de poc temps es va aixecar i se&#8217;n va anar al\u00b7legant que tenia una altra reuni\u00f3 manifestant que pug\u00e9ssim a demanar cita a la seva secret\u00e0ria.<\/p>\n\n\n\n<p class=\"wp-block-paragraph\">La reuni\u00f3 es va celebrar amb el president de la plataforma, la secret\u00e0ria i representants de cadascuna de les poblacions, substituint a D\u00f1a Carmelina, es van fer c\u00e0rrec de la reuni\u00f3 la directora general d&#8217;Assist\u00e8ncia Sanit\u00e0ria, Mari\u00e1n Garc\u00eda, i el director general d&#8217;Investigaci\u00f3 i Alta Inspecci\u00f3, Javier Santos Burgos, transcorrent la reuni\u00f3 correctament. El principal tema de la trobada va ser la tornada a la normalitat dels consultoris auxiliars de Macastre, Alboraig i Chiva, i la incorporaci\u00f3 immediata de l&#8217;m\u00e8dic als mateixos. Els representants dels municipis van al\u00b7legar que a Godelleta el consultori s&#8217;havia reobert sense realitzar cap tipus de reforma de el local, i que a Y\u00e1tova havia dos metges atenent a pacients de diferents poblacions. Sanitat va al\u00b7legar que existia una manca de recursos humans per als consultoris d&#8217;Alborache i Macastre i va oferir la possibilitat d&#8217;un infermer durant dies alterns en els dos municipis, proposta que ens va semblar manifestament insuficient per atendre les necessitats m\u00e8diques de les nostres poblacions, i es va suggerir que un dels facultatius que presta servei a Y\u00e1tova pogu\u00e9s fer-ho en dies alterns a Alborache i Macastre, fins que fos possible reprendre el servei complet en cada poble. Aix\u00ed doncs, despr\u00e9s de la insist\u00e8ncia dels representants d&#8217;Alborache i Macastre, tots dos directors generals es van comprometre a mediar amb el gerent de l&#8217;hospital de Manises per restituir el servei m\u00e8dic en aquests municipis el m\u00e9s aviat possible, i van empla\u00e7ar els representants a demanar nova cita amb ells per fer un seguiment de les negociacions.<\/p>\n\n\n\n<p class=\"wp-block-paragraph\">Preguntats per altres temes com les ambul\u00e0ncies, servei Samu, l&#8217;obertura amb normalitat dels centres de salut o els recursos econ\u00f2mics provinents de el govern central o de la Uni\u00f3 Europea per invertir a la comarca, van al\u00b7legar que eren temes pertanyents a altres departaments i que es necessitava con\u00e8ixer en detall els recursos econ\u00f2mics per als mateixos, i aix\u00f2 requeria de m\u00e9s gesti\u00f3.<\/p>\n\n\n\n<p class=\"wp-block-paragraph\">La plataforma va afirmar que el mateix president de la Mancomunitat va intentar intervenir perqu\u00e8 es pos\u00e9s data a una reuni\u00f3 amb la secret\u00e0ria auton\u00f2mica d&#8217;Efici\u00e8ncia Econ\u00f2mica i R\u00e8gim Econ\u00f2mic i al no fer cas a la seva petici\u00f3 van decidir anar a la protesta.<\/p>\n\n\n\n<p class=\"wp-block-paragraph\">La plataforma va tenir coneixement que un dia despr\u00e9s de l&#8217;anterior protesta realitzada a la conselleria de sanitat el passat 5 de mar\u00e7 es van presentar els centres de salut per supervisar-los.<\/p>\n","protected":false},"excerpt":{"rendered":"<div class=\"mh-excerpt\">La plataforma Pro hospital va protagonitzar aquest passat divendres 31 de juliol una protesta a la conselleria de Sanitat En el desenvolupament de la protesta es van escoltar consignes de l&#8217;tipus sanitat p\u00fablica, de tots <a class=\"mh-excerpt-more\" href=\"https:\/\/tucomarca.whitekongsoftware.com\/ca\/la-plataforma-pro-hospital-protesta-davant-de-la-conselleria-de-sanitat\/\" title=\"La plataforma Pro hospital protesta davant de la conselleria de Sanitat\">[+] <\/a><\/div>\n","protected":false},"author":12,"featured_media":111292,"comment_status":"open","ping_status":"open","sticky":false,"template":"","format":"standard","meta":{"footnotes":""},"categories":[11010,12202,10948,10894,10912,10947,10896,10897],"tags":[559],"class_list":["post-111293","post","type-post","status-publish","format-standard","has-post-thumbnail","category-canal-salud","category-covid-19-ca","category-infraestructuras-ca","category-la-comarca-ca","category-la-hoya-ca","category-politica","category-seccion-ca","category-sucesos-la-comarca-ca","tag-plataforma-pro-hospital"],"_links":{"self":[{"href":"https:\/\/tucomarca.whitekongsoftware.com\/ca\/wp-json\/wp\/v2\/posts\/111293","targetHints":{"allow":["GET"]}}],"collection":[{"href":"https:\/\/tucomarca.whitekongsoftware.com\/ca\/wp-json\/wp\/v2\/posts"}],"about":[{"href":"https:\/\/tucomarca.whitekongsoftware.com\/ca\/wp-json\/wp\/v2\/types\/post"}],"author":[{"embeddable":true,"href":"https:\/\/tucomarca.whitekongsoftware.com\/ca\/wp-json\/wp\/v2\/users\/12"}],"replies":[{"embeddable":true,"href":"https:\/\/tucomarca.whitekongsoftware.com\/ca\/wp-json\/wp\/v2\/comments?post=111293"}],"version-history":[{"count":0,"href":"https:\/\/tucomarca.whitekongsoftware.com\/ca\/wp-json\/wp\/v2\/posts\/111293\/revisions"}],"wp:featuredmedia":[{"embeddable":true,"href":"https:\/\/tucomarca.whitekongsoftware.com\/ca\/wp-json\/wp\/v2\/media\/111292"}],"wp:attachment":[{"href":"https:\/\/tucomarca.whitekongsoftware.com\/ca\/wp-json\/wp\/v2\/media?parent=111293"}],"wp:term":[{"taxonomy":"category","embeddable":true,"href":"https:\/\/tucomarca.whitekongsoftware.com\/ca\/wp-json\/wp\/v2\/categories?post=111293"},{"taxonomy":"post_tag","embeddable":true,"href":"https:\/\/tucomarca.whitekongsoftware.com\/ca\/wp-json\/wp\/v2\/tags?post=111293"}],"curies":[{"name":"wp","href":"https:\/\/api.w.org\/{rel}","templated":true}]}}