{"id":111273,"date":"2020-08-03T14:31:32","date_gmt":"2020-08-03T12:31:32","guid":{"rendered":"http:\/\/www.tucomarca.com\/wordpress\/segunda\/?p=111273"},"modified":"2020-08-03T14:31:51","modified_gmt":"2020-08-03T12:31:51","slug":"la-ue-aprova-el-tercer-projecte-erasmus-accio-clau-ka-101-de-lcollegi-public-sant-lluis-de-bunyol","status":"publish","type":"post","link":"https:\/\/tucomarca.whitekongsoftware.com\/ca\/la-ue-aprova-el-tercer-projecte-erasmus-accio-clau-ka-101-de-lcollegi-public-sant-lluis-de-bunyol\/","title":{"rendered":"La UE aprova el tercer Projecte Erasmus + Acci\u00f3 Clau KA 101 de l&#8217;col\u00b7legi p\u00fablic Sant Llu\u00eds de Bunyol"},"content":{"rendered":"\n<p class=\"wp-block-paragraph\"><strong>Erasmus + \u00e9s el programa de la UE per donar suport l&#8217;educaci\u00f3, la formaci\u00f3, la joventut i l&#8217;esport a Europa.<\/strong><\/p>\n\n\n\n<p class=\"wp-block-paragraph\">La posada en marxa de l&#8217;Tercer Projecte Erasmus + Acci\u00f3 Clau KA 101, Mobilitat de persones per motius d&#8217;aprenentatge en el sector d&#8217;Educaci\u00f3 Escolar, de l&#8217;CEIP Sant Llu\u00eds, ja \u00e9s un fet.<\/p>\n\n\n\n<p class=\"wp-block-paragraph\">El 8 de juliol passat de 2020 es publicava a la p\u00e0gina web de l&#8217;SEPIE la Resoluci\u00f3 per la qual es fan p\u00fablics els llistats provisionals de sol\u00b7licituds seleccionades, corresponent a la Convocat\u00f2ria de Propostes de el programa Erasmus + 2020.<\/p>\n\n\n\n<p class=\"wp-block-paragraph\">El tercer projecte amb el nom de &#8220;Veure, escoltar i aprendre a Europa&#8221; ha estat seleccionat i li ha estat concedit un pressupost de 17.017 euros per fer 10 mobilitats. Aquestes mobilitats s\u00f3n per fer cursos de formaci\u00f3 de professorat i per a realitzar cursos estructurats amb visites a col\u00b7legis.<\/p>\n\n\n\n<p class=\"wp-block-paragraph\">Les mobilitats d&#8217;aquest tercer Projecte Erasmus + es van a realitzar a Gran Bretanya (Esc\u00f2cia), Irlanda (Dubl\u00edn), It\u00e0lia (Roma), Noruega (Oslo) i Rep\u00fablica Txeca (Praga).<\/p>\n\n\n\n<p class=\"wp-block-paragraph\">Les professores que van a realitzar les mobilitats en aquesta ocasi\u00f3 s\u00f3n les especialistes d&#8217;angl\u00e8s, educaci\u00f3 f\u00edsica, educaci\u00f3 infantil, pedagogia terap\u00e8utica i la directora de centre.<\/p>\n\n\n\n<p class=\"wp-block-paragraph\">Els objectius d&#8217;aquests proyectosErasmus + s\u00f3n:<\/p>\n\n\n\n<p class=\"wp-block-paragraph\">Internacionalitzar el CEIP Sant Llu\u00eds.<br>\nConnectar diferents cultures mitjan\u00e7ant l&#8217;\u00fas de les TICS.<br>\nFomentar la inclusi\u00f3 de tot l&#8217;alumnat.<br>\nRefor\u00e7ar les compet\u00e8ncies ling\u00fc\u00edstiques tant de l&#8217;alumnat com del professorat.<br>\nDesenvolupar i \/ o adquirir noves metodologies innovadores i m\u00e9s actives que ens permetin abordar des d&#8217;una altra perspectives les dificultats d&#8217;aprenentatge.<br>\nCompartir experi\u00e8ncies d&#8217;\u00e8xit, metodologies, estrat\u00e8gies, que ens ajudin a enriquir la nostra acci\u00f3 educativa.<\/p>\n\n\n\n<p class=\"wp-block-paragraph\">Eva Abril, professora d&#8217;angl\u00e8s de el centre educatiu, i Ver\u00f3nica Ram\u00edrez, especialista de pedagogia terap\u00e8utica, han realitzat recentment la primera mobilitat de l&#8217;Segon Projecte Erasmus + KA101 amb destinaci\u00f3 a Gr\u00e8cia.<\/p>\n\n\n\n<p class=\"wp-block-paragraph\">Aix\u00ed relaten les dues professores la seva experi\u00e8ncia al pa\u00eds grec: &#8220;El professor Petros ens ha ensenyat l&#8217;acad\u00e8mia, les seves instal\u00b7lacions i explicat la din\u00e0mica de el curs. A m\u00e9s, ens ha proporcionat dades d&#8217;inter\u00e8s sobre la zona en qu\u00e8 ens trobem, Glifada. Les classes han estat pr\u00e0ctiques a peu de carrer, apropant-nos a la cultura i tradicions gregues &#8220;.<\/p>\n\n\n\n<p class=\"wp-block-paragraph\">&#8220;Avui ens hem endinsat en el fascinant m\u00f3n de la realitat virtual i augmentada. Hem descobert les aplicacions m\u00e9s innovadores per treballar des de l&#8217;escola utilitzant el m\u00e8tode CIL&#8221;. A m\u00e9s, hem aprofundit en noves eines per treballar el digital story telling &#8220;.<\/p>\n\n\n\n<p class=\"wp-block-paragraph\">&#8220;A trav\u00e9s de l&#8217;acad\u00e8mia hem visitat la ciutat d&#8217;Atenes amb l&#8217;objectiu d&#8217;acostar-nos a el coneixement de la cultura i patrimoni grecs. Al seu torn, hem refor\u00e7at les habilitats comunicatives en la llengua anglesa&#8221;, conclouen Eva i Ver\u00f3nica.<\/p>\n\n\n\n<ul class=\"wp-block-gallery columns-2 is-cropped wp-block-gallery-1 is-layout-flex wp-block-gallery-is-layout-flex\"><li class=\"blocks-gallery-item\"><figure><img loading=\"lazy\" decoding=\"async\" width=\"787\" height=\"590\" src=\"http:\/\/www.tucomarca.com\/wordpress\/segunda\/wp-content\/uploads\/2020\/07\/01.jpg\" alt=\"\" data-id=\"111014\" data-link=\"http:\/\/www.tucomarca.com\/wordpress\/segunda\/?attachment_id=111014\" class=\"wp-image-111014\" srcset=\"https:\/\/tucomarca.whitekongsoftware.com\/wp-content\/uploads\/2020\/07\/01.jpg 787w, https:\/\/tucomarca.whitekongsoftware.com\/wp-content\/uploads\/2020\/07\/01-300x225.jpg 300w, https:\/\/tucomarca.whitekongsoftware.com\/wp-content\/uploads\/2020\/07\/01-768x576.jpg 768w, https:\/\/tucomarca.whitekongsoftware.com\/wp-content\/uploads\/2020\/07\/01-678x509.jpg 678w, https:\/\/tucomarca.whitekongsoftware.com\/wp-content\/uploads\/2020\/07\/01-326x245.jpg 326w, https:\/\/tucomarca.whitekongsoftware.com\/wp-content\/uploads\/2020\/07\/01-80x60.jpg 80w\" sizes=\"auto, (max-width: 787px) 100vw, 787px\" \/><\/figure><\/li><li class=\"blocks-gallery-item\"><figure><img loading=\"lazy\" decoding=\"async\" width=\"787\" height=\"590\" src=\"http:\/\/www.tucomarca.com\/wordpress\/segunda\/wp-content\/uploads\/2020\/07\/02.jpg\" alt=\"\" data-id=\"111016\" data-link=\"http:\/\/www.tucomarca.com\/wordpress\/segunda\/?attachment_id=111016\" class=\"wp-image-111016\" srcset=\"https:\/\/tucomarca.whitekongsoftware.com\/wp-content\/uploads\/2020\/07\/02.jpg 787w, https:\/\/tucomarca.whitekongsoftware.com\/wp-content\/uploads\/2020\/07\/02-300x225.jpg 300w, https:\/\/tucomarca.whitekongsoftware.com\/wp-content\/uploads\/2020\/07\/02-768x576.jpg 768w, https:\/\/tucomarca.whitekongsoftware.com\/wp-content\/uploads\/2020\/07\/02-678x509.jpg 678w, https:\/\/tucomarca.whitekongsoftware.com\/wp-content\/uploads\/2020\/07\/02-326x245.jpg 326w, https:\/\/tucomarca.whitekongsoftware.com\/wp-content\/uploads\/2020\/07\/02-80x60.jpg 80w\" sizes=\"auto, (max-width: 787px) 100vw, 787px\" \/><\/figure><\/li><li class=\"blocks-gallery-item\"><figure><img loading=\"lazy\" decoding=\"async\" width=\"787\" height=\"590\" src=\"http:\/\/www.tucomarca.com\/wordpress\/segunda\/wp-content\/uploads\/2020\/07\/03.jpg\" alt=\"\" data-id=\"111018\" data-link=\"http:\/\/www.tucomarca.com\/wordpress\/segunda\/?attachment_id=111018\" class=\"wp-image-111018\" srcset=\"https:\/\/tucomarca.whitekongsoftware.com\/wp-content\/uploads\/2020\/07\/03.jpg 787w, https:\/\/tucomarca.whitekongsoftware.com\/wp-content\/uploads\/2020\/07\/03-300x225.jpg 300w, https:\/\/tucomarca.whitekongsoftware.com\/wp-content\/uploads\/2020\/07\/03-768x576.jpg 768w, https:\/\/tucomarca.whitekongsoftware.com\/wp-content\/uploads\/2020\/07\/03-678x509.jpg 678w, https:\/\/tucomarca.whitekongsoftware.com\/wp-content\/uploads\/2020\/07\/03-326x245.jpg 326w, https:\/\/tucomarca.whitekongsoftware.com\/wp-content\/uploads\/2020\/07\/03-80x60.jpg 80w\" sizes=\"auto, (max-width: 787px) 100vw, 787px\" \/><\/figure><\/li><li class=\"blocks-gallery-item\"><figure><img loading=\"lazy\" decoding=\"async\" width=\"787\" height=\"590\" src=\"http:\/\/www.tucomarca.com\/wordpress\/segunda\/wp-content\/uploads\/2020\/07\/04-1.jpg\" alt=\"\" data-id=\"111020\" data-link=\"http:\/\/www.tucomarca.com\/wordpress\/segunda\/?attachment_id=111020\" class=\"wp-image-111020\" srcset=\"https:\/\/tucomarca.whitekongsoftware.com\/wp-content\/uploads\/2020\/07\/04-1.jpg 787w, https:\/\/tucomarca.whitekongsoftware.com\/wp-content\/uploads\/2020\/07\/04-1-300x225.jpg 300w, https:\/\/tucomarca.whitekongsoftware.com\/wp-content\/uploads\/2020\/07\/04-1-768x576.jpg 768w, https:\/\/tucomarca.whitekongsoftware.com\/wp-content\/uploads\/2020\/07\/04-1-678x509.jpg 678w, https:\/\/tucomarca.whitekongsoftware.com\/wp-content\/uploads\/2020\/07\/04-1-326x245.jpg 326w, https:\/\/tucomarca.whitekongsoftware.com\/wp-content\/uploads\/2020\/07\/04-1-80x60.jpg 80w\" sizes=\"auto, (max-width: 787px) 100vw, 787px\" \/><\/figure><\/li><li class=\"blocks-gallery-item\"><figure><img loading=\"lazy\" decoding=\"async\" width=\"768\" height=\"1024\" src=\"http:\/\/www.tucomarca.com\/wordpress\/segunda\/wp-content\/uploads\/2020\/07\/05-768x1024.jpg\" alt=\"\" data-id=\"111022\" data-link=\"http:\/\/www.tucomarca.com\/wordpress\/segunda\/?attachment_id=111022\" class=\"wp-image-111022\" srcset=\"https:\/\/tucomarca.whitekongsoftware.com\/wp-content\/uploads\/2020\/07\/05-768x1024.jpg 768w, https:\/\/tucomarca.whitekongsoftware.com\/wp-content\/uploads\/2020\/07\/05-225x300.jpg 225w, https:\/\/tucomarca.whitekongsoftware.com\/wp-content\/uploads\/2020\/07\/05.jpg 787w\" sizes=\"auto, (max-width: 768px) 100vw, 768px\" \/><\/figure><\/li><li class=\"blocks-gallery-item\"><figure><img loading=\"lazy\" decoding=\"async\" width=\"787\" height=\"590\" src=\"http:\/\/www.tucomarca.com\/wordpress\/segunda\/wp-content\/uploads\/2020\/07\/06.jpg\" alt=\"\" data-id=\"111024\" data-link=\"http:\/\/www.tucomarca.com\/wordpress\/segunda\/?attachment_id=111024\" class=\"wp-image-111024\" srcset=\"https:\/\/tucomarca.whitekongsoftware.com\/wp-content\/uploads\/2020\/07\/06.jpg 787w, https:\/\/tucomarca.whitekongsoftware.com\/wp-content\/uploads\/2020\/07\/06-300x225.jpg 300w, https:\/\/tucomarca.whitekongsoftware.com\/wp-content\/uploads\/2020\/07\/06-768x576.jpg 768w, https:\/\/tucomarca.whitekongsoftware.com\/wp-content\/uploads\/2020\/07\/06-678x509.jpg 678w, https:\/\/tucomarca.whitekongsoftware.com\/wp-content\/uploads\/2020\/07\/06-326x245.jpg 326w, https:\/\/tucomarca.whitekongsoftware.com\/wp-content\/uploads\/2020\/07\/06-80x60.jpg 80w\" sizes=\"auto, (max-width: 787px) 100vw, 787px\" \/><\/figure><\/li><li class=\"blocks-gallery-item\"><figure><img loading=\"lazy\" decoding=\"async\" width=\"591\" height=\"787\" src=\"http:\/\/www.tucomarca.com\/wordpress\/segunda\/wp-content\/uploads\/2020\/07\/07.jpg\" alt=\"\" data-id=\"111026\" data-link=\"http:\/\/www.tucomarca.com\/wordpress\/segunda\/?attachment_id=111026\" class=\"wp-image-111026\" srcset=\"https:\/\/tucomarca.whitekongsoftware.com\/wp-content\/uploads\/2020\/07\/07.jpg 591w, https:\/\/tucomarca.whitekongsoftware.com\/wp-content\/uploads\/2020\/07\/07-225x300.jpg 225w\" sizes=\"auto, (max-width: 591px) 100vw, 591px\" \/><\/figure><\/li><li class=\"blocks-gallery-item\"><figure><img loading=\"lazy\" decoding=\"async\" width=\"787\" height=\"590\" src=\"http:\/\/www.tucomarca.com\/wordpress\/segunda\/wp-content\/uploads\/2020\/07\/08.jpg\" alt=\"\" data-id=\"111028\" data-link=\"http:\/\/www.tucomarca.com\/wordpress\/segunda\/?attachment_id=111028\" class=\"wp-image-111028\" srcset=\"https:\/\/tucomarca.whitekongsoftware.com\/wp-content\/uploads\/2020\/07\/08.jpg 787w, https:\/\/tucomarca.whitekongsoftware.com\/wp-content\/uploads\/2020\/07\/08-300x225.jpg 300w, https:\/\/tucomarca.whitekongsoftware.com\/wp-content\/uploads\/2020\/07\/08-768x576.jpg 768w, https:\/\/tucomarca.whitekongsoftware.com\/wp-content\/uploads\/2020\/07\/08-678x509.jpg 678w, https:\/\/tucomarca.whitekongsoftware.com\/wp-content\/uploads\/2020\/07\/08-326x245.jpg 326w, https:\/\/tucomarca.whitekongsoftware.com\/wp-content\/uploads\/2020\/07\/08-80x60.jpg 80w\" sizes=\"auto, (max-width: 787px) 100vw, 787px\" \/><\/figure><\/li><\/ul>\n","protected":false},"excerpt":{"rendered":"<div class=\"mh-excerpt\">Erasmus + \u00e9s el programa de la UE per donar suport l&#8217;educaci\u00f3, la formaci\u00f3, la joventut i l&#8217;esport a Europa. La posada en marxa de l&#8217;Tercer Projecte Erasmus + Acci\u00f3 Clau KA 101, Mobilitat de <a class=\"mh-excerpt-more\" href=\"https:\/\/tucomarca.whitekongsoftware.com\/ca\/la-ue-aprova-el-tercer-projecte-erasmus-accio-clau-ka-101-de-lcollegi-public-sant-lluis-de-bunyol\/\" title=\"La UE aprova el tercer Projecte Erasmus + Acci\u00f3 Clau KA 101 de l&#8217;col\u00b7legi p\u00fablic Sant Llu\u00eds de Bunyol\">[+] <\/a><\/div>\n","protected":false},"author":12,"featured_media":111013,"comment_status":"open","ping_status":"open","sticky":false,"template":"","format":"gallery","meta":{"footnotes":""},"categories":[10911,10894,10912,11007,10896],"tags":[10913,10385,11520,10782,12437,12444],"class_list":["post-111273","post","type-post","status-publish","format-gallery","has-post-thumbnail","category-bunol-ca","category-la-comarca-ca","category-la-hoya-ca","category-ocio-y-cultura-ca","category-seccion-ca","tag-bunol-ca","tag-bunol","tag-ceip-san-luis-de-bunol-ca","tag-ceip-san-luis-de-bunol","tag-proyecto-erasmus","tag-proyecto-erasmus-ca","post_format-post-format-gallery"],"_links":{"self":[{"href":"https:\/\/tucomarca.whitekongsoftware.com\/ca\/wp-json\/wp\/v2\/posts\/111273","targetHints":{"allow":["GET"]}}],"collection":[{"href":"https:\/\/tucomarca.whitekongsoftware.com\/ca\/wp-json\/wp\/v2\/posts"}],"about":[{"href":"https:\/\/tucomarca.whitekongsoftware.com\/ca\/wp-json\/wp\/v2\/types\/post"}],"author":[{"embeddable":true,"href":"https:\/\/tucomarca.whitekongsoftware.com\/ca\/wp-json\/wp\/v2\/users\/12"}],"replies":[{"embeddable":true,"href":"https:\/\/tucomarca.whitekongsoftware.com\/ca\/wp-json\/wp\/v2\/comments?post=111273"}],"version-history":[{"count":0,"href":"https:\/\/tucomarca.whitekongsoftware.com\/ca\/wp-json\/wp\/v2\/posts\/111273\/revisions"}],"wp:featuredmedia":[{"embeddable":true,"href":"https:\/\/tucomarca.whitekongsoftware.com\/ca\/wp-json\/wp\/v2\/media\/111013"}],"wp:attachment":[{"href":"https:\/\/tucomarca.whitekongsoftware.com\/ca\/wp-json\/wp\/v2\/media?parent=111273"}],"wp:term":[{"taxonomy":"category","embeddable":true,"href":"https:\/\/tucomarca.whitekongsoftware.com\/ca\/wp-json\/wp\/v2\/categories?post=111273"},{"taxonomy":"post_tag","embeddable":true,"href":"https:\/\/tucomarca.whitekongsoftware.com\/ca\/wp-json\/wp\/v2\/tags?post=111273"}],"curies":[{"name":"wp","href":"https:\/\/api.w.org\/{rel}","templated":true}]}}