{"id":111198,"date":"2020-08-03T09:00:50","date_gmt":"2020-08-03T07:00:50","guid":{"rendered":"http:\/\/www.tucomarca.com\/wordpress\/segunda\/?p=111198"},"modified":"2020-08-03T14:16:55","modified_gmt":"2020-08-03T12:16:55","slug":"la-banda-simfonica-la-lira-de-xest-tanca-la-programacio-cultural-del-mes-de-juliol","status":"publish","type":"post","link":"https:\/\/tucomarca.whitekongsoftware.com\/ca\/la-banda-simfonica-la-lira-de-xest-tanca-la-programacio-cultural-del-mes-de-juliol\/","title":{"rendered":"La Banda Simf\u00f2nica &#8220;La Lira&#8221; de Xest tanca la programaci\u00f3 cultural del mes de juliol"},"content":{"rendered":"\n<p class=\"wp-block-paragraph\"><strong>Les activitats culturals continuaran a l&#8217;agost amb cine i espectacles a l&#8217;aire lliure<\/strong><\/p>\n\n\n\n<p class=\"wp-block-paragraph\">Juliol acaba a Cheste amb l&#8217;actuaci\u00f3 de la Banda Simf\u00f2nica de l&#8217;Associaci\u00f3 Musical La Lira, entitat que ha ofert diversos concerts al llarg dels mesos de juny i juliol, dins de la programaci\u00f3 preparada des de la regidoria de Cultura per oferir entreteniment a tota la poblaci\u00f3 despr\u00e9s del per\u00edode de confinament. L&#8217;actuaci\u00f3 va tenir lloc el passat dissabte a la pla\u00e7a II Rep\u00fablica i va comptar amb un aforament complet.<\/p>\n\n\n\n<p class=\"wp-block-paragraph\">La banda va obrir el concert amb el pasdoble La gr\u00e0cia de D\u00e9u, de Ramon Roig, i va continuar amb La can\u00e7\u00f3 de l&#8217;oblit, de Jos\u00e9 Serrano; els temps d&#8217;havanera i mazurka de Luisa Fernanda, de Federico Moreno Torroba; i La Gran Via, de Federico Chueca. A la segona part va interpretar El gat salvatge, de Manuel Penella; La M\u00farria Molinera, de Pablo Lluna; La Marchenera, de Federico Moreno; el cant a M\u00farcia de La Parranda, de Francisco Alonso; i El tambor de granaderos, de Ruperto Chap\u00ed.<\/p>\n\n\n\n<p class=\"wp-block-paragraph\">&#8220;Vull donar les gr\u00e0cies a les persones que han assistit als esdeveniments culturals realitzats al mes de juny i juliol, i de manera especial a l&#8217;Associaci\u00f3 Musical La Lira i als seus m\u00fasics i m\u00fasiques, que han estat part essencial de la programaci\u00f3, oferint fins ara 4 concerts: dues de la banda Simf\u00f2nica, un de la banda Juvenil i un altre per part de l&#8217;agrupaci\u00f3 de metall greu, Bibrass d&#8217;Or; als quals se sumar\u00e0 una altra actuaci\u00f3 a l&#8217;agost, a c\u00e0rrec d&#8217;un grup d&#8217;educands &#8220;, manifestava la regidora de Cultura i Sanitat, M\u00aa \u00c1ngeles Llorente, durant el concert de dissabte passat. &#8220;Aix\u00ed mateix, com a regidora de Sanitat tamb\u00e9 va agrair l&#8217;excel\u00b7lent comportament que ha tingut la poblaci\u00f3, tant durant el confinament, com despr\u00e9s; el que ha fet que estiguem en millors condicions que en altres poblacions. De la mateixa manera, vull destacar el treball del personal del Centre de Salut i del seu coordinador, Esteban Rosero, que ha estat a peu d&#8217;obra en tot moment, mantenint una coordinaci\u00f3 immillorable amb l&#8217;Ajuntament &#8220;.<\/p>\n\n\n\n<p class=\"wp-block-paragraph\">Tal com va anunciar la regidora, la programaci\u00f3 cultural continuar\u00e0 durant el mes d&#8217;agost. Aix\u00ed, el divendres 7 d&#8217;agost es projectar\u00e0 la pel\u00b7l\u00edcula Yesterday, a les 22 hores a la pla\u00e7a II Rep\u00fablica; i el dissabte, 8 d&#8217;agost, la mateixa pla\u00e7a acollir\u00e0 el concert del Duo Fletxer &amp; Marlam, a les 22:30 hores. &#8220;La cultura no \u00e9s una activitat de temps lliure, \u00e9s el que ens fa lliures tot el temps. Per aix\u00f2, ara m\u00e9s que mai, quan hem vist les nostres llibertats minvades, cal seguir gaudint de la m\u00fasica, de teatre; de totes les arts, de tot all\u00f2 que ens gratifica i ens aporta moments de felicitat i consci\u00e8ncia cr\u00edtica &#8220;, apuntava Llorente.<\/p>\n\n\n\n<ul class=\"wp-block-gallery columns-2 is-cropped wp-block-gallery-1 is-layout-flex wp-block-gallery-is-layout-flex\"><li class=\"blocks-gallery-item\"><figure><img loading=\"lazy\" decoding=\"async\" width=\"787\" height=\"590\" src=\"http:\/\/www.tucomarca.com\/wordpress\/segunda\/wp-content\/uploads\/2020\/08\/4_Concierto1agosto.jpg\" alt=\"\" data-id=\"111184\" data-link=\"http:\/\/www.tucomarca.com\/wordpress\/segunda\/?attachment_id=111184\" class=\"wp-image-111184\" srcset=\"https:\/\/tucomarca.whitekongsoftware.com\/wp-content\/uploads\/2020\/08\/4_Concierto1agosto.jpg 787w, https:\/\/tucomarca.whitekongsoftware.com\/wp-content\/uploads\/2020\/08\/4_Concierto1agosto-300x225.jpg 300w, https:\/\/tucomarca.whitekongsoftware.com\/wp-content\/uploads\/2020\/08\/4_Concierto1agosto-768x576.jpg 768w, https:\/\/tucomarca.whitekongsoftware.com\/wp-content\/uploads\/2020\/08\/4_Concierto1agosto-678x509.jpg 678w, https:\/\/tucomarca.whitekongsoftware.com\/wp-content\/uploads\/2020\/08\/4_Concierto1agosto-326x245.jpg 326w, https:\/\/tucomarca.whitekongsoftware.com\/wp-content\/uploads\/2020\/08\/4_Concierto1agosto-80x60.jpg 80w\" sizes=\"auto, (max-width: 787px) 100vw, 787px\" \/><\/figure><\/li><li class=\"blocks-gallery-item\"><figure><img loading=\"lazy\" decoding=\"async\" width=\"787\" height=\"525\" src=\"http:\/\/www.tucomarca.com\/wordpress\/segunda\/wp-content\/uploads\/2020\/08\/8_Concierto1agosto.jpg\" alt=\"\" data-id=\"111192\" data-link=\"http:\/\/www.tucomarca.com\/wordpress\/segunda\/?attachment_id=111192\" class=\"wp-image-111192\" srcset=\"https:\/\/tucomarca.whitekongsoftware.com\/wp-content\/uploads\/2020\/08\/8_Concierto1agosto.jpg 787w, https:\/\/tucomarca.whitekongsoftware.com\/wp-content\/uploads\/2020\/08\/8_Concierto1agosto-300x200.jpg 300w, https:\/\/tucomarca.whitekongsoftware.com\/wp-content\/uploads\/2020\/08\/8_Concierto1agosto-768x512.jpg 768w\" sizes=\"auto, (max-width: 787px) 100vw, 787px\" \/><\/figure><\/li><li class=\"blocks-gallery-item\"><figure><img loading=\"lazy\" decoding=\"async\" width=\"787\" height=\"525\" src=\"http:\/\/www.tucomarca.com\/wordpress\/segunda\/wp-content\/uploads\/2020\/08\/3_Concierto1agosto.jpg\" alt=\"\" data-id=\"111182\" data-link=\"http:\/\/www.tucomarca.com\/wordpress\/segunda\/?attachment_id=111182\" class=\"wp-image-111182\" srcset=\"https:\/\/tucomarca.whitekongsoftware.com\/wp-content\/uploads\/2020\/08\/3_Concierto1agosto.jpg 787w, https:\/\/tucomarca.whitekongsoftware.com\/wp-content\/uploads\/2020\/08\/3_Concierto1agosto-300x200.jpg 300w, https:\/\/tucomarca.whitekongsoftware.com\/wp-content\/uploads\/2020\/08\/3_Concierto1agosto-768x512.jpg 768w\" sizes=\"auto, (max-width: 787px) 100vw, 787px\" \/><\/figure><\/li><li class=\"blocks-gallery-item\"><figure><img loading=\"lazy\" decoding=\"async\" width=\"787\" height=\"525\" src=\"http:\/\/www.tucomarca.com\/wordpress\/segunda\/wp-content\/uploads\/2020\/08\/5_Concierto1agosto.jpg\" alt=\"\" data-id=\"111186\" data-link=\"http:\/\/www.tucomarca.com\/wordpress\/segunda\/?attachment_id=111186\" class=\"wp-image-111186\" srcset=\"https:\/\/tucomarca.whitekongsoftware.com\/wp-content\/uploads\/2020\/08\/5_Concierto1agosto.jpg 787w, https:\/\/tucomarca.whitekongsoftware.com\/wp-content\/uploads\/2020\/08\/5_Concierto1agosto-300x200.jpg 300w, https:\/\/tucomarca.whitekongsoftware.com\/wp-content\/uploads\/2020\/08\/5_Concierto1agosto-768x512.jpg 768w\" sizes=\"auto, (max-width: 787px) 100vw, 787px\" \/><\/figure><\/li><li class=\"blocks-gallery-item\"><figure><img loading=\"lazy\" decoding=\"async\" width=\"787\" height=\"525\" src=\"http:\/\/www.tucomarca.com\/wordpress\/segunda\/wp-content\/uploads\/2020\/08\/6_Concierto1agosto.jpg\" alt=\"\" data-id=\"111188\" data-link=\"http:\/\/www.tucomarca.com\/wordpress\/segunda\/?attachment_id=111188\" class=\"wp-image-111188\" srcset=\"https:\/\/tucomarca.whitekongsoftware.com\/wp-content\/uploads\/2020\/08\/6_Concierto1agosto.jpg 787w, https:\/\/tucomarca.whitekongsoftware.com\/wp-content\/uploads\/2020\/08\/6_Concierto1agosto-300x200.jpg 300w, https:\/\/tucomarca.whitekongsoftware.com\/wp-content\/uploads\/2020\/08\/6_Concierto1agosto-768x512.jpg 768w\" sizes=\"auto, (max-width: 787px) 100vw, 787px\" \/><\/figure><\/li><li class=\"blocks-gallery-item\"><figure><img loading=\"lazy\" decoding=\"async\" width=\"787\" height=\"525\" src=\"http:\/\/www.tucomarca.com\/wordpress\/segunda\/wp-content\/uploads\/2020\/08\/7_Concierto1agosto.jpg\" alt=\"\" data-id=\"111190\" data-link=\"http:\/\/www.tucomarca.com\/wordpress\/segunda\/?attachment_id=111190\" class=\"wp-image-111190\" srcset=\"https:\/\/tucomarca.whitekongsoftware.com\/wp-content\/uploads\/2020\/08\/7_Concierto1agosto.jpg 787w, https:\/\/tucomarca.whitekongsoftware.com\/wp-content\/uploads\/2020\/08\/7_Concierto1agosto-300x200.jpg 300w, https:\/\/tucomarca.whitekongsoftware.com\/wp-content\/uploads\/2020\/08\/7_Concierto1agosto-768x512.jpg 768w\" sizes=\"auto, (max-width: 787px) 100vw, 787px\" \/><\/figure><\/li><li class=\"blocks-gallery-item\"><figure><img loading=\"lazy\" decoding=\"async\" width=\"787\" height=\"590\" src=\"http:\/\/www.tucomarca.com\/wordpress\/segunda\/wp-content\/uploads\/2020\/08\/9_Concierto1agosto.jpg\" alt=\"\" data-id=\"111194\" data-link=\"http:\/\/www.tucomarca.com\/wordpress\/segunda\/?attachment_id=111194\" class=\"wp-image-111194\" srcset=\"https:\/\/tucomarca.whitekongsoftware.com\/wp-content\/uploads\/2020\/08\/9_Concierto1agosto.jpg 787w, https:\/\/tucomarca.whitekongsoftware.com\/wp-content\/uploads\/2020\/08\/9_Concierto1agosto-300x225.jpg 300w, https:\/\/tucomarca.whitekongsoftware.com\/wp-content\/uploads\/2020\/08\/9_Concierto1agosto-768x576.jpg 768w, https:\/\/tucomarca.whitekongsoftware.com\/wp-content\/uploads\/2020\/08\/9_Concierto1agosto-678x509.jpg 678w, https:\/\/tucomarca.whitekongsoftware.com\/wp-content\/uploads\/2020\/08\/9_Concierto1agosto-326x245.jpg 326w, https:\/\/tucomarca.whitekongsoftware.com\/wp-content\/uploads\/2020\/08\/9_Concierto1agosto-80x60.jpg 80w\" sizes=\"auto, (max-width: 787px) 100vw, 787px\" \/><\/figure><\/li><li class=\"blocks-gallery-item\"><figure><img loading=\"lazy\" decoding=\"async\" width=\"787\" height=\"525\" src=\"http:\/\/www.tucomarca.com\/wordpress\/segunda\/wp-content\/uploads\/2020\/08\/1_Concierto1agosto.jpg\" alt=\"\" data-id=\"111178\" data-link=\"http:\/\/www.tucomarca.com\/wordpress\/segunda\/?attachment_id=111178\" class=\"wp-image-111178\" srcset=\"https:\/\/tucomarca.whitekongsoftware.com\/wp-content\/uploads\/2020\/08\/1_Concierto1agosto.jpg 787w, https:\/\/tucomarca.whitekongsoftware.com\/wp-content\/uploads\/2020\/08\/1_Concierto1agosto-300x200.jpg 300w, https:\/\/tucomarca.whitekongsoftware.com\/wp-content\/uploads\/2020\/08\/1_Concierto1agosto-768x512.jpg 768w\" sizes=\"auto, (max-width: 787px) 100vw, 787px\" \/><\/figure><\/li><\/ul>\n","protected":false},"excerpt":{"rendered":"<div class=\"mh-excerpt\">Les activitats culturals continuaran a l&#8217;agost amb cine i espectacles a l&#8217;aire lliure Juliol acaba a Cheste amb l&#8217;actuaci\u00f3 de la Banda Simf\u00f2nica de l&#8217;Associaci\u00f3 Musical La Lira, entitat que ha ofert diversos concerts al <a class=\"mh-excerpt-more\" href=\"https:\/\/tucomarca.whitekongsoftware.com\/ca\/la-banda-simfonica-la-lira-de-xest-tanca-la-programacio-cultural-del-mes-de-juliol\/\" title=\"La Banda Simf\u00f2nica &#8220;La Lira&#8221; de Xest tanca la programaci\u00f3 cultural del mes de juliol\">[+] <\/a><\/div>\n","protected":false},"author":12,"featured_media":111181,"comment_status":"open","ping_status":"open","sticky":false,"template":"","format":"gallery","meta":{"footnotes":""},"categories":[11005,10894,10912,11007,10896,10974],"tags":[10470,5952,10487],"class_list":["post-111198","post","type-post","status-publish","format-gallery","has-post-thumbnail","category-canal-musica","category-la-comarca-ca","category-la-hoya-ca","category-ocio-y-cultura-ca","category-seccion-ca","category-cheste-ca","tag-ayuntamiento-de-cheste","tag-la-hoya-de-bunol-chiva","tag-la-lira-de-cheste","post_format-post-format-gallery"],"_links":{"self":[{"href":"https:\/\/tucomarca.whitekongsoftware.com\/ca\/wp-json\/wp\/v2\/posts\/111198","targetHints":{"allow":["GET"]}}],"collection":[{"href":"https:\/\/tucomarca.whitekongsoftware.com\/ca\/wp-json\/wp\/v2\/posts"}],"about":[{"href":"https:\/\/tucomarca.whitekongsoftware.com\/ca\/wp-json\/wp\/v2\/types\/post"}],"author":[{"embeddable":true,"href":"https:\/\/tucomarca.whitekongsoftware.com\/ca\/wp-json\/wp\/v2\/users\/12"}],"replies":[{"embeddable":true,"href":"https:\/\/tucomarca.whitekongsoftware.com\/ca\/wp-json\/wp\/v2\/comments?post=111198"}],"version-history":[{"count":0,"href":"https:\/\/tucomarca.whitekongsoftware.com\/ca\/wp-json\/wp\/v2\/posts\/111198\/revisions"}],"wp:featuredmedia":[{"embeddable":true,"href":"https:\/\/tucomarca.whitekongsoftware.com\/ca\/wp-json\/wp\/v2\/media\/111181"}],"wp:attachment":[{"href":"https:\/\/tucomarca.whitekongsoftware.com\/ca\/wp-json\/wp\/v2\/media?parent=111198"}],"wp:term":[{"taxonomy":"category","embeddable":true,"href":"https:\/\/tucomarca.whitekongsoftware.com\/ca\/wp-json\/wp\/v2\/categories?post=111198"},{"taxonomy":"post_tag","embeddable":true,"href":"https:\/\/tucomarca.whitekongsoftware.com\/ca\/wp-json\/wp\/v2\/tags?post=111198"}],"curies":[{"name":"wp","href":"https:\/\/api.w.org\/{rel}","templated":true}]}}