{"id":111163,"date":"2020-08-02T22:22:29","date_gmt":"2020-08-02T20:22:29","guid":{"rendered":"http:\/\/www.tucomarca.com\/wordpress\/segunda\/?p=111163"},"modified":"2020-08-03T14:12:34","modified_gmt":"2020-08-03T12:12:34","slug":"el-consell-impulsa-el-pla-de-dinamitzacio-i-governanca-turistica-de-la-mancomunitat-de-la-foia-de-bunyol-xiva","status":"publish","type":"post","link":"https:\/\/tucomarca.whitekongsoftware.com\/ca\/el-consell-impulsa-el-pla-de-dinamitzacio-i-governanca-turistica-de-la-mancomunitat-de-la-foia-de-bunyol-xiva\/","title":{"rendered":"El Consell impulsa el Pla de Dinamitzaci\u00f3 i Governan\u00e7a Tur\u00edstica de la Mancomunitat de la Foia de Bunyol-Xiva"},"content":{"rendered":"\n<p class=\"wp-block-paragraph\">El Consell ha aprovat la subscripci\u00f3 d&#8217;el conveni de col\u00b7laboraci\u00f3 entre Turisme Comunitat Valenciana, el Patronat Provincial de Turisme de Val\u00e8ncia i la Mancomunitat Intermunicipal de la Foia de Bunyol-Xiva per desenvolupar, el 2020, el Pla de Dinamitzaci\u00f3 i Governan\u00e7a Tur\u00edstica d&#8217;aquesta comarca.<\/p>\n\n\n\n<p class=\"wp-block-paragraph\">L&#8217;import total m\u00e0xim de cost d&#8217;execuci\u00f3 de les actuacions a desenvolupar mitjan\u00e7ant aquest conveni \u00e9s de 300.000 euros, que seran finan\u00e7ats per les administracions a tres parts iguals. \u00c9s a dir, la Mancomunitat de la Foia de Bunyol-Xiva contribuir\u00e0 amb 100.000 euros; el Patronat Provincial de Turisme de Val\u00e8ncia tamb\u00e9 aportar\u00e0 100.000 euros i Turisme Comunitat Valenciana subvencionar\u00e0 l&#8217;acord amb un ter\u00e7 de l&#8217;total, 100.000 euros.<\/p>\n\n\n\n<p class=\"wp-block-paragraph\">Mitjan\u00e7ant aquest conveni, la mancomunitat es responsabilitza de coordinar la col\u00b7laboraci\u00f3 entre ajuntaments i realitzar els projectes i obres que millorin la qualitat dels serveis tur\u00edstics del territori, la millora de l&#8217;medi urb\u00e0 i natural, l&#8217;ampliaci\u00f3 i millora dels espais d&#8217;\u00fas p\u00fablic, a m\u00e9s de l&#8217;augment, diversificaci\u00f3 i millora de l&#8217;oferta complement\u00e0ria, la posada en valor dels recursos tur\u00edstics, la creaci\u00f3 de nous productes, aix\u00ed com la sensibilitzaci\u00f3 i implicaci\u00f3 de la poblaci\u00f3 i agents locals en una cultura de qualitat.<\/p>\n\n\n\n<p class=\"wp-block-paragraph\">Els Plans de Dinamitzaci\u00f3 i Governan\u00e7a Tur\u00edstica de la Comunitat Valenciana es configuren com una iniciativa de la Generalitat, instrumentada a trav\u00e9s de la formalitzaci\u00f3 de convenis entre Turisme Comunitat Valenciana, les diputacions provincials i altres administracions p\u00fabliques i ens privats.<\/p>\n\n\n\n<p class=\"wp-block-paragraph\">Aquesta iniciativa est\u00e0 destinada a la innovaci\u00f3, modernitzaci\u00f3, foment i consolidaci\u00f3 dels productes tur\u00edstics valencians des de la perspectiva de l&#8217;oferta, atenent, fonamentalment, a criteris de millora de la competitivitat, sostenibilitat i reequilibri socioterritorial.<\/p>\n","protected":false},"excerpt":{"rendered":"<div class=\"mh-excerpt\">El Consell ha aprovat la subscripci\u00f3 d&#8217;el conveni de col\u00b7laboraci\u00f3 entre Turisme Comunitat Valenciana, el Patronat Provincial de Turisme de Val\u00e8ncia i la Mancomunitat Intermunicipal de la Foia de Bunyol-Xiva per desenvolupar, el 2020, el <a class=\"mh-excerpt-more\" href=\"https:\/\/tucomarca.whitekongsoftware.com\/ca\/el-consell-impulsa-el-pla-de-dinamitzacio-i-governanca-turistica-de-la-mancomunitat-de-la-foia-de-bunyol-xiva\/\" title=\"El Consell impulsa el Pla de Dinamitzaci\u00f3 i Governan\u00e7a Tur\u00edstica de la Mancomunitat de la Foia de Bunyol-Xiva\">[+] <\/a><\/div>\n","protected":false},"author":12,"featured_media":71365,"comment_status":"open","ping_status":"open","sticky":false,"template":"","format":"standard","meta":{"footnotes":""},"categories":[10973,10911,10976,10977,10980,10894,10912,10978,10896,10979,10974,10975],"tags":[5952],"class_list":["post-111163","post","type-post","status-publish","format-standard","has-post-thumbnail","category-alborache-ca","category-bunol-ca","category-dos-aguas-ca","category-godelleta-ca","category-yatova-ca","category-la-comarca-ca","category-la-hoya-ca","category-macastre-ca","category-seccion-ca","category-siete-aguas-ca","category-cheste-ca","category-chiva-ca","tag-la-hoya-de-bunol-chiva"],"_links":{"self":[{"href":"https:\/\/tucomarca.whitekongsoftware.com\/ca\/wp-json\/wp\/v2\/posts\/111163","targetHints":{"allow":["GET"]}}],"collection":[{"href":"https:\/\/tucomarca.whitekongsoftware.com\/ca\/wp-json\/wp\/v2\/posts"}],"about":[{"href":"https:\/\/tucomarca.whitekongsoftware.com\/ca\/wp-json\/wp\/v2\/types\/post"}],"author":[{"embeddable":true,"href":"https:\/\/tucomarca.whitekongsoftware.com\/ca\/wp-json\/wp\/v2\/users\/12"}],"replies":[{"embeddable":true,"href":"https:\/\/tucomarca.whitekongsoftware.com\/ca\/wp-json\/wp\/v2\/comments?post=111163"}],"version-history":[{"count":0,"href":"https:\/\/tucomarca.whitekongsoftware.com\/ca\/wp-json\/wp\/v2\/posts\/111163\/revisions"}],"wp:featuredmedia":[{"embeddable":true,"href":"https:\/\/tucomarca.whitekongsoftware.com\/ca\/wp-json\/wp\/v2\/media\/71365"}],"wp:attachment":[{"href":"https:\/\/tucomarca.whitekongsoftware.com\/ca\/wp-json\/wp\/v2\/media?parent=111163"}],"wp:term":[{"taxonomy":"category","embeddable":true,"href":"https:\/\/tucomarca.whitekongsoftware.com\/ca\/wp-json\/wp\/v2\/categories?post=111163"},{"taxonomy":"post_tag","embeddable":true,"href":"https:\/\/tucomarca.whitekongsoftware.com\/ca\/wp-json\/wp\/v2\/tags?post=111163"}],"curies":[{"name":"wp","href":"https:\/\/api.w.org\/{rel}","templated":true}]}}