{"id":111006,"date":"2020-07-27T15:14:32","date_gmt":"2020-07-27T13:14:32","guid":{"rendered":"http:\/\/www.tucomarca.com\/wordpress\/segunda\/?p=111006"},"modified":"2020-07-29T09:43:12","modified_gmt":"2020-07-29T07:43:12","slug":"el-govern-despanya-declarara-les-bandes-de-la-comunitat-patrimoni-cultural-immaterial-a-proposta-de-la-generalitat-i-el-ministeri-de-cultura","status":"publish","type":"post","link":"https:\/\/tucomarca.whitekongsoftware.com\/ca\/el-govern-despanya-declarara-les-bandes-de-la-comunitat-patrimoni-cultural-immaterial-a-proposta-de-la-generalitat-i-el-ministeri-de-cultura\/","title":{"rendered":"El Govern d&#8217;Espanya declarar\u00e0 les bandes de la Comunitat patrimoni cultural immaterial a proposta de la Generalitat i el Ministeri de Cultura"},"content":{"rendered":"\n<p class=\"wp-block-paragraph\"><strong>La Presidenta de la Federaci\u00f3 de Societats Musicals de la Comunitat Valenciana ha mantingut hui una reuni\u00f3 amb Ximo Puig i Jos\u00e9 Manuel Rodr\u00edguez Uribes.<\/strong><\/p>\n\n\n\n<p class=\"wp-block-paragraph\"><strong>En la reuni\u00f3, Daniela Gonz\u00e1lez ha traslladat al Ministre la necessitat d&#8217;atendre econ\u00f2micament al col\u00b7lectiu per mitj\u00e0 d&#8217;ajudes econ\u00f2miques i fiscals.<\/strong><\/p>\n\n\n\n<figure class=\"wp-block-image\"><img loading=\"lazy\" decoding=\"async\" width=\"787\" height=\"524\" src=\"http:\/\/www.tucomarca.com\/wordpress\/segunda\/wp-content\/uploads\/2020\/07\/DanielaFSMCV.jpg\" alt=\"\" class=\"wp-image-111003\" srcset=\"https:\/\/tucomarca.whitekongsoftware.com\/wp-content\/uploads\/2020\/07\/DanielaFSMCV.jpg 787w, https:\/\/tucomarca.whitekongsoftware.com\/wp-content\/uploads\/2020\/07\/DanielaFSMCV-300x200.jpg 300w, https:\/\/tucomarca.whitekongsoftware.com\/wp-content\/uploads\/2020\/07\/DanielaFSMCV-768x511.jpg 768w\" sizes=\"auto, (max-width: 787px) 100vw, 787px\" \/><\/figure>\n\n\n\n<p class=\"wp-block-paragraph\">La presidenta de la Federaci\u00f3 de Societats Musicals de la Comunitat Valenciana (FSMCV), Daniela Gonz\u00e1lez, s&#8217;ha reunit con Jos\u00e9 Manuel Rodr\u00edguez Uribes, Ministre de Cultura i amb Ximo Puig, President de la Generalitat Valenciana per a fer un rep\u00e0s de la situaci\u00f3 de les Societats Musicals de la Comunitat Valenciana i traslladar les peticions de FSMCV.<\/p>\n\n\n\n<p class=\"wp-block-paragraph\">A la reuni\u00f3, el ministre ha anunciat que el Govern d&#8217;Espanya declarar\u00e0 les bandes de m\u00fasica de la Comunitat Valenciana com a manifestaci\u00f3 representativa de el patrimoni cultural immaterial a proposta de la Generalitat i de el Ministeri de Cultura i Esport.<\/p>\n\n\n\n<p class=\"wp-block-paragraph\">La presidenta de FSMCV ha valorat l&#8217;anunci fet pel ministre com &#8220;un avan\u00e7 important\u00edssim&#8221; en el reconeixement i la protecci\u00f3 patrimonial de les societats musicals de la Comunitat Valenciana, que ja van ser declarades BIC en 2018 i que representen, amb m\u00e9s de 1.100 bandes de m\u00fasica, m\u00e9s de 600 centres educatius, m\u00e9s de 40.000 m\u00fasics, 60.000 alumnes i 200.000 socis un movimoento art\u00edstic i social \u00fanic al m\u00f3n &#8220;.<\/p>\n\n\n\n<p class=\"wp-block-paragraph\">La iniciativa, presa conjuntament per ambdues administracions, t\u00e9 com a objectiu el reconeixement del conjunt de societats musicals i bandes que es vertebren i desenvolupen en tot l&#8217;\u00e0mbit de la Comunitat Valenciana. &#8220;Les bandes de m\u00fasica vertebren la Comunitat Valenciana i aquest reconeixement \u00e9s una cosa molt positiva en qu\u00e8 treballarem&#8221;, ha subratllat el ministre.<\/p>\n\n\n\n<p class=\"wp-block-paragraph\"><strong>Peticions de FSMCV a el Ministre de Cultura<\/strong><\/p>\n\n\n\n<p class=\"wp-block-paragraph\">La crisi produ\u00efda per la pand\u00e8mia de la Covid-19 ha colpejat amb especial duresa a les Societats Musicals de la Comunitat Valenciana. El col\u00b7lectiu ha xifrat en cinc milions d&#8217;euros l&#8217;impacte econ\u00f2mic patit durant els tres primers mesos del covid19 i pronostica que aquesta xifra Puga arribar fins als 20 milions en el que queda d&#8217;any, convertint-lo en un dels col\u00b7lectius culturals m\u00e9s afectats. Per aix\u00f2, la presidenta de la FSMCV ha demanat al Ministre una l\u00ednia d&#8217;ajuda directa per part de l&#8217;estat destinada a les Societats Musicals. En paral\u00b7lel a aix\u00f2, la Federaci\u00f3 tamb\u00e9 li ha traslladat a Jos\u00e9 Manuel Rodr\u00edguez Uribes la petici\u00f3 d&#8217;incrementar l&#8217;import dedicat a la Federaci\u00f3 de Societats Musicals de la Comunitat Valenciana per part de l&#8217;Institut Nacional de les Arts Esc\u00e8niques de la M\u00fasica (INAEM).<\/p>\n\n\n\n<p class=\"wp-block-paragraph\">Aix\u00ed mateix, en la reuni\u00f3 la Federaci\u00f3 ha proposat canvis en la legislaci\u00f3 fiscal de les Societats Musicals o Associacions sense \u00e0nim de lucre culturals. En concret, la presidenta ha defensat la baixada de la tributaci\u00f3 en l&#8217;impost de les Societats Musicals de l&#8217;25% a l&#8217;10%, a m\u00e9s d&#8217;una baixada de l&#8217;IVA dels instruments de l&#8217;21% a l&#8217;10%, i canvis en la Llei de l&#8217;IRPF \/ voluntariat per aconseguir que les compensacions rebudes per realitzar voluntariat queden exemptes de incloure en l&#8217;impost de la renda de les persones f\u00edsiques.<\/p>\n\n\n\n<p class=\"wp-block-paragraph\">D&#8217;altra banda, la FSMCV ha presentat davant el ministre de Cultura un nou projecte que perseguix la declaraci\u00f3 de les Societats Musicals com a Patrimoni Immaterial de la UNESCO despr\u00e9s d&#8217;aconseguir en 2018 la seua declaraci\u00f3 com a B\u00e9 d&#8217;Inter\u00e8s Cultural.<\/p>\n","protected":false},"excerpt":{"rendered":"<div class=\"mh-excerpt\">La Presidenta de la Federaci\u00f3 de Societats Musicals de la Comunitat Valenciana ha mantingut hui una reuni\u00f3 amb Ximo Puig i Jos\u00e9 Manuel Rodr\u00edguez Uribes. En la reuni\u00f3, Daniela Gonz\u00e1lez ha traslladat al Ministre la <a class=\"mh-excerpt-more\" href=\"https:\/\/tucomarca.whitekongsoftware.com\/ca\/el-govern-despanya-declarara-les-bandes-de-la-comunitat-patrimoni-cultural-immaterial-a-proposta-de-la-generalitat-i-el-ministeri-de-cultura\/\" title=\"El Govern d&#8217;Espanya declarar\u00e0 les bandes de la Comunitat patrimoni cultural immaterial a proposta de la Generalitat i el Ministeri de Cultura\">[+] <\/a><\/div>\n","protected":false},"author":12,"featured_media":111002,"comment_status":"open","ping_status":"open","sticky":false,"template":"","format":"standard","meta":{"footnotes":""},"categories":[11005,12202,10898,10894,10904,11007,10896],"tags":[3510,3545,220,10716,12435],"class_list":["post-111006","post","type-post","status-publish","format-standard","has-post-thumbnail","category-canal-musica","category-covid-19-ca","category-ventana-ca","category-la-comarca-ca","category-sin-categorizar-ca","category-ocio-y-cultura-ca","category-seccion-ca","tag-bandas-de-musica","tag-comunitat-valenciana","tag-fsmcv","tag-generalitat-valenciana","tag-gobierno-de-espana"],"_links":{"self":[{"href":"https:\/\/tucomarca.whitekongsoftware.com\/ca\/wp-json\/wp\/v2\/posts\/111006","targetHints":{"allow":["GET"]}}],"collection":[{"href":"https:\/\/tucomarca.whitekongsoftware.com\/ca\/wp-json\/wp\/v2\/posts"}],"about":[{"href":"https:\/\/tucomarca.whitekongsoftware.com\/ca\/wp-json\/wp\/v2\/types\/post"}],"author":[{"embeddable":true,"href":"https:\/\/tucomarca.whitekongsoftware.com\/ca\/wp-json\/wp\/v2\/users\/12"}],"replies":[{"embeddable":true,"href":"https:\/\/tucomarca.whitekongsoftware.com\/ca\/wp-json\/wp\/v2\/comments?post=111006"}],"version-history":[{"count":0,"href":"https:\/\/tucomarca.whitekongsoftware.com\/ca\/wp-json\/wp\/v2\/posts\/111006\/revisions"}],"wp:featuredmedia":[{"embeddable":true,"href":"https:\/\/tucomarca.whitekongsoftware.com\/ca\/wp-json\/wp\/v2\/media\/111002"}],"wp:attachment":[{"href":"https:\/\/tucomarca.whitekongsoftware.com\/ca\/wp-json\/wp\/v2\/media?parent=111006"}],"wp:term":[{"taxonomy":"category","embeddable":true,"href":"https:\/\/tucomarca.whitekongsoftware.com\/ca\/wp-json\/wp\/v2\/categories?post=111006"},{"taxonomy":"post_tag","embeddable":true,"href":"https:\/\/tucomarca.whitekongsoftware.com\/ca\/wp-json\/wp\/v2\/tags?post=111006"}],"curies":[{"name":"wp","href":"https:\/\/api.w.org\/{rel}","templated":true}]}}