{"id":110952,"date":"2020-07-28T21:00:10","date_gmt":"2020-07-28T19:00:10","guid":{"rendered":"http:\/\/www.tucomarca.com\/wordpress\/segunda\/?p=110952"},"modified":"2020-07-29T09:48:46","modified_gmt":"2020-07-29T07:48:46","slug":"cemex-renova-el-seu-compromis-amb-el-cd-bunyol-lany-del-seu-centenari","status":"publish","type":"post","link":"https:\/\/tucomarca.whitekongsoftware.com\/ca\/cemex-renova-el-seu-compromis-amb-el-cd-bunyol-lany-del-seu-centenari\/","title":{"rendered":"Cemex renova el seu comprom\u00eds amb el CD Bunyol l&#8217;any del seu centenari"},"content":{"rendered":"\n<p class=\"wp-block-paragraph\"><strong>Per segon any consecutiu ambd\u00f3s entitats acorden renovar el conveni subscrit en 2018 i que permet al club mantindre la seua activitat i ampliar el nombre d&#8217;alumnes de l&#8217;Escola<\/strong><\/p>\n\n\n\n<p class=\"wp-block-paragraph\">CEMEX renova un any m\u00e9s el seu comprom\u00eds amb el Club Esportiu Bunyol de futbol. Aix\u00ed, per tercera temporada consecutiva, les dues entitats han signat un acord de col\u00b7laboraci\u00f3 que permetr\u00e0 l&#8217;adquisici\u00f3 de material esportiu i equipaci\u00f3 per als 150 joves i xiquets que formen part de totes les categories del Club, a m\u00e9s de suport a la contractaci\u00f3 de personal t\u00e8cnic, la realitzaci\u00f3 de reconeixements m\u00e8dics o la impartici\u00f3 de cursos de formaci\u00f3.<\/p>\n\n\n\n<p class=\"wp-block-paragraph\">El director de la F\u00e0brica de CEMEX a Bunyol, Alejandro Fuster, i el president de el Club Esportiu Bunyol, Francisco Zan\u00f3n, han signat a les instal\u00b7lacions esportives de l&#8217;Club l&#8217;acord per a la renovaci\u00f3 de la col\u00b7laboraci\u00f3 que ambdues entitats mantenen des de 2018. La renovaci\u00f3 compr\u00e8n la temporada 2020-2021, any en qu\u00e8 el Club celebra el seu centenari, i beneficiar\u00e0 totes les categories que l&#8217;integren.<\/p>\n\n\n\n<p class=\"wp-block-paragraph\">Segons ha detallat Fuster, &#8220;volem seguir col\u00b7laborant en la promoci\u00f3 de l&#8217;esport a Bunyol, pel que representa per al desenvolupament personal i col\u00b7lectiu en el municipi, especialment en el complicat moment que vivim. En aquest sentit, pensem que l&#8217;escola esportiva continua sent una gran inversi\u00f3 de futur, ja que compta amb un gran planter de m\u00e9s d&#8217;un centenar de joves, que confiem que continue creixent &#8220;.<\/p>\n\n\n\n<p class=\"wp-block-paragraph\">Francisco Zan\u00f3n, ha subratllat a m\u00e9s la import\u00e0ncia que tenen aquest tipus d&#8217;acords per ajudar els m\u00e9s joves a assolir tot el seu potencial, tant a nivell esportiu com personal. &#8220;El Club Esportiu Bunyol ja \u00e9s centenari i com a tal, la nostra tasca va molt m\u00e9s enll\u00e0 d&#8217;ensenyar a jugar a futbol. Tenim una gran responsabilitat amb la comunitat, amb els ve\u00efns, i sobretot amb els xiquets i joves de la localitat. El Club, amb el rellevant suport de la centen\u00e0ria cimentera del municipi, vol seguir contribuint a el desenvolupament de les capacitats de tota la seua escola i de la pr\u00f2pia instituci\u00f3 &#8220;.<\/p>\n\n\n\n<p class=\"wp-block-paragraph\">Aquesta signatura tamb\u00e9 implica beneficis per als empleats de CEMEX a la prov\u00edncia de Val\u00e8ncia, at\u00e8s que es mantenen els descomptes en les activitats que desenvolupe el club, aix\u00ed com en la utilitzaci\u00f3 de les instal\u00b7lacions esportives quan estiguen disponibles o en proves de salut que el club ofereix a un cost especial o redu\u00eft per als seus socis.<\/p>\n\n\n\n<p class=\"wp-block-paragraph\">Aquest acord s&#8217;emmarca en la pol\u00edtica de RSE de CEMEX en la qual s&#8217;integren aquest tipus de col\u00b7laboracions, que promouen amb car\u00e0cter general el desenvolupament econ\u00f2mic, social i cultural en aquells municipis on la companyia desenvolupa les seues activitats i, de manera particular, l&#8217;educaci\u00f3 i el desenvolupament de capacitats de les persones a qui beneficien.<\/p>\n","protected":false},"excerpt":{"rendered":"<div class=\"mh-excerpt\">Per segon any consecutiu ambd\u00f3s entitats acorden renovar el conveni subscrit en 2018 i que permet al club mantindre la seua activitat i ampliar el nombre d&#8217;alumnes de l&#8217;Escola CEMEX renova un any m\u00e9s el <a class=\"mh-excerpt-more\" href=\"https:\/\/tucomarca.whitekongsoftware.com\/ca\/cemex-renova-el-seu-compromis-amb-el-cd-bunyol-lany-del-seu-centenari\/\" title=\"Cemex renova el seu comprom\u00eds amb el CD Bunyol l&#8217;any del seu centenari\">[+] <\/a><\/div>\n","protected":false},"author":12,"featured_media":110950,"comment_status":"open","ping_status":"open","sticky":false,"template":"","format":"standard","meta":{"footnotes":""},"categories":[10911,11015,11003,10948,10894,10912,10896],"tags":[10385,537,255,10379,10661],"class_list":["post-110952","post","type-post","status-publish","format-standard","has-post-thumbnail","category-bunol-ca","category-canal-futbol","category-sports","category-infraestructuras-ca","category-la-comarca-ca","category-la-hoya-ca","category-seccion-ca","tag-bunol","tag-cd-bunol","tag-cemex","tag-deportes","tag-esports"],"_links":{"self":[{"href":"https:\/\/tucomarca.whitekongsoftware.com\/ca\/wp-json\/wp\/v2\/posts\/110952","targetHints":{"allow":["GET"]}}],"collection":[{"href":"https:\/\/tucomarca.whitekongsoftware.com\/ca\/wp-json\/wp\/v2\/posts"}],"about":[{"href":"https:\/\/tucomarca.whitekongsoftware.com\/ca\/wp-json\/wp\/v2\/types\/post"}],"author":[{"embeddable":true,"href":"https:\/\/tucomarca.whitekongsoftware.com\/ca\/wp-json\/wp\/v2\/users\/12"}],"replies":[{"embeddable":true,"href":"https:\/\/tucomarca.whitekongsoftware.com\/ca\/wp-json\/wp\/v2\/comments?post=110952"}],"version-history":[{"count":0,"href":"https:\/\/tucomarca.whitekongsoftware.com\/ca\/wp-json\/wp\/v2\/posts\/110952\/revisions"}],"wp:featuredmedia":[{"embeddable":true,"href":"https:\/\/tucomarca.whitekongsoftware.com\/ca\/wp-json\/wp\/v2\/media\/110950"}],"wp:attachment":[{"href":"https:\/\/tucomarca.whitekongsoftware.com\/ca\/wp-json\/wp\/v2\/media?parent=110952"}],"wp:term":[{"taxonomy":"category","embeddable":true,"href":"https:\/\/tucomarca.whitekongsoftware.com\/ca\/wp-json\/wp\/v2\/categories?post=110952"},{"taxonomy":"post_tag","embeddable":true,"href":"https:\/\/tucomarca.whitekongsoftware.com\/ca\/wp-json\/wp\/v2\/tags?post=110952"}],"curies":[{"name":"wp","href":"https:\/\/api.w.org\/{rel}","templated":true}]}}