{"id":110890,"date":"2020-07-27T12:23:32","date_gmt":"2020-07-27T10:23:32","guid":{"rendered":"http:\/\/www.tucomarca.com\/wordpress\/segunda\/?p=110890"},"modified":"2020-07-27T12:23:34","modified_gmt":"2020-07-27T10:23:34","slug":"sanitat-activa-lalerta-sanitaria-per-alt-calor-a-la-foia-de-bunyol-xiva-la-serrania-i-requena-utiel","status":"publish","type":"post","link":"https:\/\/tucomarca.whitekongsoftware.com\/ca\/sanitat-activa-lalerta-sanitaria-per-alt-calor-a-la-foia-de-bunyol-xiva-la-serrania-i-requena-utiel\/","title":{"rendered":"Sanitat activa l&#8217;alerta sanit\u00e0ria per alt calor a La Foia de Bunyol-Xiva, La Serran\u00eda i Requena-Utiel"},"content":{"rendered":"\n<p class=\"wp-block-paragraph\">La Conselleria de Sanitat Universal i Salut P\u00fablica, segons les prediccions de el Centre d&#8217;Estudis Ambientals de la Mediterr\u00e0nia CEAM, ha activat l&#8217;alerta sanit\u00e0ria per calor alt (nivell taronja) en onze comarques de la Comunitat Valenciana.<\/p>\n\n\n\n<p class=\"wp-block-paragraph\">En concret, s&#8217;activa l&#8217;alerta sanit\u00e0ria per nivell taronja per aquest dilluns a les zones termoclimatol\u00f3gicas 1, 8, 15 i 23, que comprenen m\u00e9s de 60 municipis que poden arribar a valors alts de temperatura.<\/p>\n\n\n\n<p class=\"wp-block-paragraph\">Les comarques que es veuen afectades per l&#8217;augment de temperatures s\u00f3n: l&#8217;Alcalat\u00e9n, els Ports, l&#8217;Alt Maestrat, el Baix Maestrat, l&#8217;Alt Pal\u00e0ncia, la Plana d&#8217;Utiel-Requena, la Foia de Bunyol, La Serran\u00eda, l &#8216; Alcoi\u00e0, la Vall d&#8217;Albaida i el Comtat.<\/p>\n\n\n\n<p class=\"wp-block-paragraph\">La zona termoclim\u00e1tica 1 compr\u00e8n les poblacions de Vistabella de l&#8217;Maestrat, Morella, Castellfort, Vilafranca del Cid, Ares de Maestrat, Benafigos, Benassal, Castell de Cabres, Xodos, Cinctorres, Culla, Forcall, Herbers, La Mata de Morella, la Pobla de Benifass\u00e0, Olocau de Rei, Palanques, Portell de Morella, Todolella, Vallibona, Villores i Zorita el Maestrat.<\/p>\n\n\n\n<p class=\"wp-block-paragraph\">La zona termoclim\u00e1tica 8 compr\u00e8n les poblacions de Caudiel, Viver, Pina, Barraques, Beg\u00eds, Benafer, El Toro, Figueres, Pavies, Sacanyet, Teresa, Tor\u00e0s.<\/p>\n\n\n\n<p class=\"wp-block-paragraph\">La zona termoclim\u00e1tica 15 compr\u00e8n les poblacions de Sinarcas, Utiel, Requena, Camporrobles, Set Aig\u00fces, Benag\u00e9ber, Caudete de les Fonts, Fuenterrobles, Venda de l&#8217;Moro, Villargordo de l&#8217;Cabriel.<\/p>\n\n\n\n<p class=\"wp-block-paragraph\">La zona termoclim\u00e1tica 23 compr\u00e8n les poblacions d&#8217;Alcoi, Bocairent, Agres, Alcocer de Planes, Alfafara, Almudaina, Banyeres de Mariola, Beniarr\u00e9s, Benilloba, Benillup, Benimarfull, Cocentaina, Gaianes, Gorga, l&#8217;Alqueria d&#8217;Asnar, l&#8217;Orxa, Millena , Muro d&#8217;Alcoi, Planes.<\/p>\n\n\n\n<p class=\"wp-block-paragraph\">Els municipis compresos en cada zona es troben detallats a l&#8217;enlla\u00e7 seg\u00fcent: consultar aqu\u00ed<\/p>\n\n\n\n<p class=\"wp-block-paragraph\">Cal tenir en compte que una mateixa comarca pot abastar diferents zones termoclim\u00e1ticas establertes per la CEAM.<\/p>\n\n\n\n<p class=\"wp-block-paragraph\">D&#8217;altra banda, la previsi\u00f3 per dem\u00e0 \u00e9s que aconsegueixin el nivell taronja les zones termoclim\u00e1ticas 1, 7, 8, 10, 11, 15, 16, 19 i 23.<\/p>\n\n\n\n<p class=\"wp-block-paragraph\">Recomanacions sanit\u00e0ria davant la calor alt<\/p>\n\n\n\n<p class=\"wp-block-paragraph\">Davant l&#8217;augment de temperatures, la Conselleria de Sanitat disposa de el Programa de Prevenci\u00f3 i Atenci\u00f3 dels Problemes de Salut derivats de les Temperatures Extremes, mitjan\u00e7ant el qual s&#8217;activa un protocol per advertir a la poblaci\u00f3 sobre els riscos per a la salut associats amb la calor alt o extrem.<\/p>\n\n\n\n<p class=\"wp-block-paragraph\">Principalment, les recomanacions estan dirigides als grups vulnerables, com s\u00f3n la gent gran, persones amb malalties cr\u00f2niques, els que treballen exposats a altes temperatures, aix\u00ed com nens i nenes.<\/p>\n\n\n\n<p class=\"wp-block-paragraph\">En aquest sentit, davant les altes temperatures, des de Sanitat es recomana evitar sortir al carrer en les hores m\u00e9s caloroses del dia. Aix\u00ed mateix, \u00e9s convenient utilitzar roba ampla, lleugera i de colors clars i protegir el cap amb una gorra o barret.<\/p>\n\n\n\n<p class=\"wp-block-paragraph\">Les recomanacions a la llar s\u00f3n tancar persianes i baixar tendals en fa\u00e7anes exposades a el sol per evitar un exc\u00e9s de calor, aix\u00ed com situar-se en zones de la casa m\u00e9s fresques.<\/p>\n\n\n\n<p class=\"wp-block-paragraph\">\u00c9s recomanable beure aigua amb freq\u00fc\u00e8ncia, encara que no es tingui set; evitar l&#8217;exc\u00e9s d&#8217;alcohol i les begudes amb molta cafe\u00efna; i substituir els menjars abundants i calents per plats freds, fruites i verdures fresques.<\/p>\n","protected":false},"excerpt":{"rendered":"<div class=\"mh-excerpt\">La Conselleria de Sanitat Universal i Salut P\u00fablica, segons les prediccions de el Centre d&#8217;Estudis Ambientals de la Mediterr\u00e0nia CEAM, ha activat l&#8217;alerta sanit\u00e0ria per calor alt (nivell taronja) en onze comarques de la Comunitat <a class=\"mh-excerpt-more\" href=\"https:\/\/tucomarca.whitekongsoftware.com\/ca\/sanitat-activa-lalerta-sanitaria-per-alt-calor-a-la-foia-de-bunyol-xiva-la-serrania-i-requena-utiel\/\" title=\"Sanitat activa l&#8217;alerta sanit\u00e0ria per alt calor a La Foia de Bunyol-Xiva, La Serran\u00eda i Requena-Utiel\">[+] <\/a><\/div>\n","protected":false},"author":1,"featured_media":71049,"comment_status":"open","ping_status":"open","sticky":false,"template":"","format":"standard","meta":{"footnotes":""},"categories":[11010,11985,11046,10898,10948,10894,10912,10903,10909,10896,10897],"tags":[10914,5952,3912,11928,10910,10387],"class_list":["post-110890","post","type-post","status-publish","format-standard","has-post-thumbnail","category-canal-salud","category-el-tiempo-ca","category-los-serranos-ca","category-ventana-ca","category-infraestructuras-ca","category-la-comarca-ca","category-la-hoya-ca","category-medio-ambiente-la-comarca-ca","category-requena-utiel-ca","category-seccion-ca","category-sucesos-la-comarca-ca","tag-la-hoya-de-bunol-chiva-ca","tag-la-hoya-de-bunol-chiva","tag-la-serrania","tag-la-serrania-ca","tag-requena-utiel-ca","tag-requena-utiel"],"_links":{"self":[{"href":"https:\/\/tucomarca.whitekongsoftware.com\/ca\/wp-json\/wp\/v2\/posts\/110890","targetHints":{"allow":["GET"]}}],"collection":[{"href":"https:\/\/tucomarca.whitekongsoftware.com\/ca\/wp-json\/wp\/v2\/posts"}],"about":[{"href":"https:\/\/tucomarca.whitekongsoftware.com\/ca\/wp-json\/wp\/v2\/types\/post"}],"author":[{"embeddable":true,"href":"https:\/\/tucomarca.whitekongsoftware.com\/ca\/wp-json\/wp\/v2\/users\/1"}],"replies":[{"embeddable":true,"href":"https:\/\/tucomarca.whitekongsoftware.com\/ca\/wp-json\/wp\/v2\/comments?post=110890"}],"version-history":[{"count":0,"href":"https:\/\/tucomarca.whitekongsoftware.com\/ca\/wp-json\/wp\/v2\/posts\/110890\/revisions"}],"wp:featuredmedia":[{"embeddable":true,"href":"https:\/\/tucomarca.whitekongsoftware.com\/ca\/wp-json\/wp\/v2\/media\/71049"}],"wp:attachment":[{"href":"https:\/\/tucomarca.whitekongsoftware.com\/ca\/wp-json\/wp\/v2\/media?parent=110890"}],"wp:term":[{"taxonomy":"category","embeddable":true,"href":"https:\/\/tucomarca.whitekongsoftware.com\/ca\/wp-json\/wp\/v2\/categories?post=110890"},{"taxonomy":"post_tag","embeddable":true,"href":"https:\/\/tucomarca.whitekongsoftware.com\/ca\/wp-json\/wp\/v2\/tags?post=110890"}],"curies":[{"name":"wp","href":"https:\/\/api.w.org\/{rel}","templated":true}]}}