{"id":110884,"date":"2020-07-27T09:19:24","date_gmt":"2020-07-27T07:19:24","guid":{"rendered":"http:\/\/www.tucomarca.com\/wordpress\/segunda\/?p=110884"},"modified":"2020-07-27T12:26:43","modified_gmt":"2020-07-27T10:26:43","slug":"jonas-cervera-anchel-arriba-a-bunyol-despres-de-ser-una-de-les-peces-fonamentals-de-lriba-roja-durant-les-ultimes-temporades","status":"publish","type":"post","link":"https:\/\/tucomarca.whitekongsoftware.com\/ca\/jonas-cervera-anchel-arriba-a-bunyol-despres-de-ser-una-de-les-peces-fonamentals-de-lriba-roja-durant-les-ultimes-temporades\/","title":{"rendered":"Jon\u00e0s Cervera Anchel arriba a Bunyol despr\u00e9s de ser una de les peces fonamentals de l&#8217;Riba-roja durant les \u00faltimes temporades"},"content":{"rendered":"\n<p class=\"wp-block-paragraph\">Jon\u00e0s (Chiva, 1\/11\/1994) , \u00e9s un extrem esquerr\u00e0 que destaca per la seua velocitat, regateig i pot\u00e8ncia de tir i que compta amb una dilatada experi\u00e8ncia en Preferent, havent sigut una de les pedres angulars del poder\u00f3s Riba-roja de les \u00faltimes campanyes.<\/p>\n\n\n\n<p class=\"wp-block-paragraph\">El punyal de Chiva arriba a Bunyol per a aportar el seu desborde per banda esquerra, des d&#8217;on estem segurs que repartir\u00e0 nombroses assist\u00e8ncies als nostres davanters, a m\u00e9s de buscar per ell mateix la porteria rival gr\u00e0cies al seu bon tir.<\/p>\n\n\n\n<p class=\"wp-block-paragraph\">&#8220;En definitiva, es tracta d&#8217;un refor\u00e7 de luxe per al nostre atac, ja que un extrem pur com a Jon\u00e0s \u00e9s una arma d&#8217;extraordin\u00e0ria import\u00e0ncia per a desbordar a les defenses contr\u00e0ries. Benvingut a Bunyol Jon\u00e0s, estem desitjant veure&#8217;t rec\u00f3rrer la banda esquerra del Beltr\u00e1n B\u00e1guena!&#8221;, han finalitzat des del club blanc.<\/p>\n","protected":false},"excerpt":{"rendered":"<div class=\"mh-excerpt\">Jon\u00e0s (Chiva, 1\/11\/1994) , \u00e9s un extrem esquerr\u00e0 que destaca per la seua velocitat, regateig i pot\u00e8ncia de tir i que compta amb una dilatada experi\u00e8ncia en Preferent, havent sigut una de les pedres angulars <a class=\"mh-excerpt-more\" href=\"https:\/\/tucomarca.whitekongsoftware.com\/ca\/jonas-cervera-anchel-arriba-a-bunyol-despres-de-ser-una-de-les-peces-fonamentals-de-lriba-roja-durant-les-ultimes-temporades\/\" title=\"Jon\u00e0s Cervera Anchel arriba a Bunyol despr\u00e9s de ser una de les peces fonamentals de l&#8217;Riba-roja durant les \u00faltimes temporades\">[+] <\/a><\/div>\n","protected":false},"author":12,"featured_media":110882,"comment_status":"open","ping_status":"open","sticky":false,"template":"","format":"standard","meta":{"footnotes":""},"categories":[10911,11015,11003,10912,10896],"tags":[8241,11155,10379,5952],"class_list":["post-110884","post","type-post","status-publish","format-standard","has-post-thumbnail","category-bunol-ca","category-canal-futbol","category-sports","category-la-hoya-ca","category-seccion-ca","tag-cd-bunol-fichajes","tag-cd-bunyol","tag-deportes","tag-la-hoya-de-bunol-chiva"],"_links":{"self":[{"href":"https:\/\/tucomarca.whitekongsoftware.com\/ca\/wp-json\/wp\/v2\/posts\/110884","targetHints":{"allow":["GET"]}}],"collection":[{"href":"https:\/\/tucomarca.whitekongsoftware.com\/ca\/wp-json\/wp\/v2\/posts"}],"about":[{"href":"https:\/\/tucomarca.whitekongsoftware.com\/ca\/wp-json\/wp\/v2\/types\/post"}],"author":[{"embeddable":true,"href":"https:\/\/tucomarca.whitekongsoftware.com\/ca\/wp-json\/wp\/v2\/users\/12"}],"replies":[{"embeddable":true,"href":"https:\/\/tucomarca.whitekongsoftware.com\/ca\/wp-json\/wp\/v2\/comments?post=110884"}],"version-history":[{"count":0,"href":"https:\/\/tucomarca.whitekongsoftware.com\/ca\/wp-json\/wp\/v2\/posts\/110884\/revisions"}],"wp:featuredmedia":[{"embeddable":true,"href":"https:\/\/tucomarca.whitekongsoftware.com\/ca\/wp-json\/wp\/v2\/media\/110882"}],"wp:attachment":[{"href":"https:\/\/tucomarca.whitekongsoftware.com\/ca\/wp-json\/wp\/v2\/media?parent=110884"}],"wp:term":[{"taxonomy":"category","embeddable":true,"href":"https:\/\/tucomarca.whitekongsoftware.com\/ca\/wp-json\/wp\/v2\/categories?post=110884"},{"taxonomy":"post_tag","embeddable":true,"href":"https:\/\/tucomarca.whitekongsoftware.com\/ca\/wp-json\/wp\/v2\/tags?post=110884"}],"curies":[{"name":"wp","href":"https:\/\/api.w.org\/{rel}","templated":true}]}}