{"id":110812,"date":"2020-07-25T10:15:29","date_gmt":"2020-07-25T08:15:29","guid":{"rendered":"http:\/\/www.tucomarca.com\/wordpress\/segunda\/?p=110812"},"modified":"2020-07-25T14:58:00","modified_gmt":"2020-07-25T12:58:00","slug":"oscar-moreno-imanol-lara-mateos-pou-albert-i-riki-defensaran-una-temporada-mes-els-colors-de-lcd-bunyol","status":"publish","type":"post","link":"https:\/\/tucomarca.whitekongsoftware.com\/ca\/oscar-moreno-imanol-lara-mateos-pou-albert-i-riki-defensaran-una-temporada-mes-els-colors-de-lcd-bunyol\/","title":{"rendered":"\u00d3scar Moreno, Imanol, Lara, Mateos, Pou, Albert i Riki defensaran una temporada m\u00e9s els colors de l&#8217;CD Bunyol"},"content":{"rendered":"\n<p class=\"wp-block-paragraph\">&#8220;Tot i que no h\u00e0gem pogut culminar la temporada amb el tan anhelat ascens, no hem d&#8217;oblidar que som els actuals Campions de Lliga amb uns n\u00fameros extraordinaris&#8221;, tal com han manifestat des del club blanc.<\/p>\n\n\n\n<p class=\"wp-block-paragraph\">&#8220;Per aix\u00f2 i perqu\u00e8, com hem assenyalat en diverses ocasions, la pr\u00e0ctica totalitat de la plantilla ha demostrat ser un exemple de comprom\u00eds i professionalitat, el club est\u00e0 fent tot el possible perqu\u00e8, la major part dels jugadors que ens han fet campions , segueixin amb nosaltres la temporada que ve&#8221;, han afegit.<\/p>\n\n\n\n<p class=\"wp-block-paragraph\">En aquest sentit, a m\u00e9s de les ja anunciades renovacions de Paco, Gonza, V\u00edctor i Mario, avui podem anunciar tamb\u00e9 les d&#8217;\u00d3scar Moreno, Imanol, Lara, Mateos, Pou, Albert Valero i Riki.<\/p>\n\n\n\n<p class=\"wp-block-paragraph\">&#8220;\u00d3scar Moreno i Albert Valero, els Zipi i Zape de les bandes del nostre equip. Oscar per la dreta i Albert per l&#8217;esquerra han demostrat ser una aut\u00e8ntica tortura per als laterals rivals, buscant desbordar cont\u00ednuament tant en diagonals com en l&#8217;1 contra 1&#8221;.<\/p>\n\n\n\n<p class=\"wp-block-paragraph\">Despr\u00e9s d&#8217;unes temporades una mica irregulars, Pou ha tornat a recuperar la seva millor versi\u00f3 a Bunyol, ja que a m\u00e9s d&#8217;aportar una gran capacitat de treball i de domini de el joc aeri, ha demostrat ser un aut\u00e8ntic &#8220;killer&#8221;, anotant ni m\u00e9s ni menys que 16 gols .<\/p>\n\n\n\n<p class=\"wp-block-paragraph\">Si Mario \u00e9s la br\u00faixola que tra\u00e7a el rumb del nostre equip, la seva parella habitual al centre de camp blanc, Mateos, \u00e9s el nostre particular &#8220;k\u00e0iser&#8221;, l&#8217;encarregat de posar l&#8217;equilibri, tempran\u00e7a i ordre t\u00e0ctic que s\u00f3n indispensables en qualsevol gran equip .<\/p>\n\n\n\n<p class=\"wp-block-paragraph\">Imanol va arribar a Bunyol a mitjans de la temporada per aportar la seva m\u00e0gia des de la mitjapunta. Un aut\u00e8ntic &#8220;jug\u00f3n&#8221; dels que s\u00f3n imprescindibles per actuar com obrellaunes de les defenses rivals gr\u00e0cies a la seva excelsa qualitat en l&#8217;\u00faltima passada.<\/p>\n\n\n\n<p class=\"wp-block-paragraph\">Quan Riki va aterrar a Bunyol, semblava que simplement es tractava d&#8217;un fitxatge &#8220;graci\u00f3s&#8221; que no passaria de ser merament testimonial. No obstant aix\u00f2, res m\u00e9s lluny de la realitat. Riki ha aprofitat totes i cadascuna de les oportunitats que ha tingut, demostrant que, gr\u00e0cies al seu electricitat i verticalitat, \u00e9s un &#8220;samurai&#8221; totalment digne de lluir el nostre escut.<\/p>\n\n\n\n<p class=\"wp-block-paragraph\">I finalment Lara. Despr\u00e9s d&#8217;una temporada en blanc a causa d&#8217;assumptes personals, &#8220;torna&#8221; amb nosaltres aquest lateral esquerre d&#8217;enorme qualitat i projecci\u00f3 ofensiva que tornar\u00e0 a rec\u00f3rrer la cal\u00e7 de l&#8217;Beltr\u00e1n B\u00e1guena.<\/p>\n\n\n\n<p class=\"wp-block-paragraph\">&#8220;Nois, gr\u00e0cies per voler seguir amb nosaltres per tornar a lluitar per l&#8217;ascens&#8221;, han finalitzat.<\/p>\n","protected":false},"excerpt":{"rendered":"<div class=\"mh-excerpt\">&#8220;Tot i que no h\u00e0gem pogut culminar la temporada amb el tan anhelat ascens, no hem d&#8217;oblidar que som els actuals Campions de Lliga amb uns n\u00fameros extraordinaris&#8221;, tal com han manifestat des del club <a class=\"mh-excerpt-more\" href=\"https:\/\/tucomarca.whitekongsoftware.com\/ca\/oscar-moreno-imanol-lara-mateos-pou-albert-i-riki-defensaran-una-temporada-mes-els-colors-de-lcd-bunyol\/\" title=\"\u00d3scar Moreno, Imanol, Lara, Mateos, Pou, Albert i Riki defensaran una temporada m\u00e9s els colors de l&#8217;CD Bunyol\">[+] <\/a><\/div>\n","protected":false},"author":12,"featured_media":110811,"comment_status":"open","ping_status":"open","sticky":false,"template":"","format":"standard","meta":{"footnotes":""},"categories":[10911,11015,11003,10912,10896],"tags":[10385,537,8241,10379,10661],"class_list":["post-110812","post","type-post","status-publish","format-standard","has-post-thumbnail","category-bunol-ca","category-canal-futbol","category-sports","category-la-hoya-ca","category-seccion-ca","tag-bunol","tag-cd-bunol","tag-cd-bunol-fichajes","tag-deportes","tag-esports"],"_links":{"self":[{"href":"https:\/\/tucomarca.whitekongsoftware.com\/ca\/wp-json\/wp\/v2\/posts\/110812","targetHints":{"allow":["GET"]}}],"collection":[{"href":"https:\/\/tucomarca.whitekongsoftware.com\/ca\/wp-json\/wp\/v2\/posts"}],"about":[{"href":"https:\/\/tucomarca.whitekongsoftware.com\/ca\/wp-json\/wp\/v2\/types\/post"}],"author":[{"embeddable":true,"href":"https:\/\/tucomarca.whitekongsoftware.com\/ca\/wp-json\/wp\/v2\/users\/12"}],"replies":[{"embeddable":true,"href":"https:\/\/tucomarca.whitekongsoftware.com\/ca\/wp-json\/wp\/v2\/comments?post=110812"}],"version-history":[{"count":0,"href":"https:\/\/tucomarca.whitekongsoftware.com\/ca\/wp-json\/wp\/v2\/posts\/110812\/revisions"}],"wp:featuredmedia":[{"embeddable":true,"href":"https:\/\/tucomarca.whitekongsoftware.com\/ca\/wp-json\/wp\/v2\/media\/110811"}],"wp:attachment":[{"href":"https:\/\/tucomarca.whitekongsoftware.com\/ca\/wp-json\/wp\/v2\/media?parent=110812"}],"wp:term":[{"taxonomy":"category","embeddable":true,"href":"https:\/\/tucomarca.whitekongsoftware.com\/ca\/wp-json\/wp\/v2\/categories?post=110812"},{"taxonomy":"post_tag","embeddable":true,"href":"https:\/\/tucomarca.whitekongsoftware.com\/ca\/wp-json\/wp\/v2\/tags?post=110812"}],"curies":[{"name":"wp","href":"https:\/\/api.w.org\/{rel}","templated":true}]}}