{"id":110645,"date":"2020-07-21T20:08:08","date_gmt":"2020-07-21T18:08:08","guid":{"rendered":"http:\/\/www.tucomarca.com\/wordpress\/segunda\/?p=110645"},"modified":"2020-07-22T12:53:43","modified_gmt":"2020-07-22T10:53:43","slug":"lajuntament-de-xest-prohibeix-la-celebracio-de-la-festa-de-bar-de-el-poliesportiu-a-causa-de-la-pandemia-covid-19","status":"publish","type":"post","link":"https:\/\/tucomarca.whitekongsoftware.com\/ca\/lajuntament-de-xest-prohibeix-la-celebracio-de-la-festa-de-bar-de-el-poliesportiu-a-causa-de-la-pandemia-covid-19\/","title":{"rendered":"L&#8217;Ajuntament de Xest prohibeix la celebraci\u00f3 de la festa de bar de el poliesportiu a causa de la pand\u00e8mia Covid-19"},"content":{"rendered":"\n<p class=\"wp-block-paragraph\">A trav\u00e9s de les xarxes socials l&#8217;Ajuntament de Xest ha tingut coneixement de quei dimarts, 21 de juliol, de la programaci\u00f3 d&#8217;una discom\u00f2bil per part de bar de poliesportiu pel proper dissabte 25 de juliol. Davant d&#8217;aquesta informaci\u00f3, el consistori ha comunicat a la ger\u00e8ncia de bar que no \u00e9s possible realitzar aquest tipus d&#8217;actes, a causa de l&#8217;actual situaci\u00f3 sanit\u00e0ria, provocada per la pand\u00e8mia COVID-19.<\/p>\n\n\n\n<p class=\"wp-block-paragraph\">La Policia Local s&#8217;ha personat al local per comunicar que la celebraci\u00f3 de la festa no podr\u00e0 tenir lloc i, en conseq\u00fc\u00e8ncia, la ger\u00e8ncia retirar\u00e0 la publicitat de la mateixa. Tal com han declarat les autoritats municipals, el bar de l&#8217;poliesportiu no havia sol\u00b7licitat cap perm\u00eds, de manera que l&#8217;Ajuntament desconeixia fins aquest moment que tingu\u00e9s intenci\u00f3 d&#8217;organitzar un esdeveniment.<\/p>\n\n\n\n<p class=\"wp-block-paragraph\">Durant l&#8217;\u00faltima setmana, els rebrots de coronavirus segueixen augmentant a la Comunitat i l&#8217;Ajuntament demana a la poblaci\u00f3 la m\u00e0xima responsabilitat i un rigor\u00f3s compliment de la normativa en tots els esdeveniments socials, tant p\u00fablics com privats, mantenint la dist\u00e0ncia de seguretat interpersonal de 2 metres, utilitzant la m\u00e0scara i extremant la higiene de mans. Per la seva banda, la Policia Local augmentar\u00e0 la vigil\u00e0ncia en actes p\u00fablics i en activitats que impliquin aglomeracions de gent, com enterraments, amb la finalitat d&#8217;evitar els contagis a la localitat.<\/p>\n","protected":false},"excerpt":{"rendered":"<div class=\"mh-excerpt\">A trav\u00e9s de les xarxes socials l&#8217;Ajuntament de Xest ha tingut coneixement de quei dimarts, 21 de juliol, de la programaci\u00f3 d&#8217;una discom\u00f2bil per part de bar de poliesportiu pel proper dissabte 25 de juliol. <a class=\"mh-excerpt-more\" href=\"https:\/\/tucomarca.whitekongsoftware.com\/ca\/lajuntament-de-xest-prohibeix-la-celebracio-de-la-festa-de-bar-de-el-poliesportiu-a-causa-de-la-pandemia-covid-19\/\" title=\"L&#8217;Ajuntament de Xest prohibeix la celebraci\u00f3 de la festa de bar de el poliesportiu a causa de la pand\u00e8mia Covid-19\">[+] <\/a><\/div>\n","protected":false},"author":12,"featured_media":77954,"comment_status":"open","ping_status":"open","sticky":false,"template":"","format":"standard","meta":{"footnotes":""},"categories":[11010,12202,10948,10894,10912,10947,10896,10897,10974],"tags":[11071,11939,11940,11952,10914],"class_list":["post-110645","post","type-post","status-publish","format-standard","has-post-thumbnail","category-canal-salud","category-covid-19-ca","category-infraestructuras-ca","category-la-comarca-ca","category-la-hoya-ca","category-politica","category-seccion-ca","category-sucesos-la-comarca-ca","category-cheste-ca","tag-cheste","tag-coronavirus-ca","tag-covid-19-ca","tag-covid2019-ca","tag-la-hoya-de-bunol-chiva-ca"],"_links":{"self":[{"href":"https:\/\/tucomarca.whitekongsoftware.com\/ca\/wp-json\/wp\/v2\/posts\/110645","targetHints":{"allow":["GET"]}}],"collection":[{"href":"https:\/\/tucomarca.whitekongsoftware.com\/ca\/wp-json\/wp\/v2\/posts"}],"about":[{"href":"https:\/\/tucomarca.whitekongsoftware.com\/ca\/wp-json\/wp\/v2\/types\/post"}],"author":[{"embeddable":true,"href":"https:\/\/tucomarca.whitekongsoftware.com\/ca\/wp-json\/wp\/v2\/users\/12"}],"replies":[{"embeddable":true,"href":"https:\/\/tucomarca.whitekongsoftware.com\/ca\/wp-json\/wp\/v2\/comments?post=110645"}],"version-history":[{"count":0,"href":"https:\/\/tucomarca.whitekongsoftware.com\/ca\/wp-json\/wp\/v2\/posts\/110645\/revisions"}],"wp:featuredmedia":[{"embeddable":true,"href":"https:\/\/tucomarca.whitekongsoftware.com\/ca\/wp-json\/wp\/v2\/media\/77954"}],"wp:attachment":[{"href":"https:\/\/tucomarca.whitekongsoftware.com\/ca\/wp-json\/wp\/v2\/media?parent=110645"}],"wp:term":[{"taxonomy":"category","embeddable":true,"href":"https:\/\/tucomarca.whitekongsoftware.com\/ca\/wp-json\/wp\/v2\/categories?post=110645"},{"taxonomy":"post_tag","embeddable":true,"href":"https:\/\/tucomarca.whitekongsoftware.com\/ca\/wp-json\/wp\/v2\/tags?post=110645"}],"curies":[{"name":"wp","href":"https:\/\/api.w.org\/{rel}","templated":true}]}}