{"id":110578,"date":"2020-07-20T20:02:30","date_gmt":"2020-07-20T18:02:30","guid":{"rendered":"http:\/\/www.tucomarca.com\/wordpress\/segunda\/?p=110578"},"modified":"2020-07-20T22:22:01","modified_gmt":"2020-07-20T20:22:01","slug":"fotogaleria-intens-cap-de-setmana-cultural-a-cheste","status":"publish","type":"post","link":"https:\/\/tucomarca.whitekongsoftware.com\/ca\/fotogaleria-intens-cap-de-setmana-cultural-a-cheste\/","title":{"rendered":"Fotogaleria: Intens cap de setmana cultural a Xest"},"content":{"rendered":"\n<p class=\"wp-block-paragraph\">Un cap de setmana m\u00e9s, Xest ha comptat amb una completa programaci\u00f3 cultural, amb quatre activitats per a tots els p\u00fablics. Aix\u00ed, el divendres a la vesprada, la pla\u00e7a II Rep\u00fablica es convertia en escenari per al concert infantil oferit per l&#8217;Associaci\u00f3 Musical La Lira i, a la nit, l&#8217;espai es va adequar per a una sessi\u00f3 de cine a la fresca, amb la projecci\u00f3 de la pel\u00b7l\u00edcula Dilili a Par\u00eds. Els actes culturals van continuar el dissabte, amb la posada en escena de No oblideu les seues veus, a c\u00e0rrec de Far\u00e0ndula Teatre, en el teatre Liceu, i finalitzaven amb el musical El llibre de la Selva, de nou a l&#8217;aire lliure, en la pla\u00e7a II Rep\u00fablica.<\/p>\n\n\n\n<ul class=\"wp-block-gallery columns-2 is-cropped wp-block-gallery-1 is-layout-flex wp-block-gallery-is-layout-flex\"><li class=\"blocks-gallery-item\"><figure><img loading=\"lazy\" decoding=\"async\" width=\"787\" height=\"525\" src=\"http:\/\/www.tucomarca.com\/wordpress\/segunda\/wp-content\/uploads\/2020\/07\/cheste01.jpg\" alt=\"\" data-id=\"110567\" data-link=\"http:\/\/www.tucomarca.com\/wordpress\/segunda\/?attachment_id=110567\" class=\"wp-image-110567\" srcset=\"https:\/\/tucomarca.whitekongsoftware.com\/wp-content\/uploads\/2020\/07\/cheste01.jpg 787w, https:\/\/tucomarca.whitekongsoftware.com\/wp-content\/uploads\/2020\/07\/cheste01-300x200.jpg 300w, https:\/\/tucomarca.whitekongsoftware.com\/wp-content\/uploads\/2020\/07\/cheste01-768x512.jpg 768w\" sizes=\"auto, (max-width: 787px) 100vw, 787px\" \/><\/figure><\/li><li class=\"blocks-gallery-item\"><figure><img loading=\"lazy\" decoding=\"async\" width=\"787\" height=\"525\" src=\"http:\/\/www.tucomarca.com\/wordpress\/segunda\/wp-content\/uploads\/2020\/07\/cheste02.jpg\" alt=\"\" data-id=\"110569\" data-link=\"http:\/\/www.tucomarca.com\/wordpress\/segunda\/?attachment_id=110569\" class=\"wp-image-110569\" srcset=\"https:\/\/tucomarca.whitekongsoftware.com\/wp-content\/uploads\/2020\/07\/cheste02.jpg 787w, https:\/\/tucomarca.whitekongsoftware.com\/wp-content\/uploads\/2020\/07\/cheste02-300x200.jpg 300w, https:\/\/tucomarca.whitekongsoftware.com\/wp-content\/uploads\/2020\/07\/cheste02-768x512.jpg 768w\" sizes=\"auto, (max-width: 787px) 100vw, 787px\" \/><\/figure><\/li><li class=\"blocks-gallery-item\"><figure><img loading=\"lazy\" decoding=\"async\" width=\"787\" height=\"525\" src=\"http:\/\/www.tucomarca.com\/wordpress\/segunda\/wp-content\/uploads\/2020\/07\/cheste03.jpg\" alt=\"\" data-id=\"110571\" data-link=\"http:\/\/www.tucomarca.com\/wordpress\/segunda\/?attachment_id=110571\" class=\"wp-image-110571\" srcset=\"https:\/\/tucomarca.whitekongsoftware.com\/wp-content\/uploads\/2020\/07\/cheste03.jpg 787w, https:\/\/tucomarca.whitekongsoftware.com\/wp-content\/uploads\/2020\/07\/cheste03-300x200.jpg 300w, https:\/\/tucomarca.whitekongsoftware.com\/wp-content\/uploads\/2020\/07\/cheste03-768x512.jpg 768w\" sizes=\"auto, (max-width: 787px) 100vw, 787px\" \/><\/figure><\/li><li class=\"blocks-gallery-item\"><figure><img loading=\"lazy\" decoding=\"async\" width=\"787\" height=\"525\" src=\"http:\/\/www.tucomarca.com\/wordpress\/segunda\/wp-content\/uploads\/2020\/07\/cheste06.jpg\" alt=\"\" data-id=\"110575\" data-link=\"http:\/\/www.tucomarca.com\/wordpress\/segunda\/?attachment_id=110575\" class=\"wp-image-110575\" srcset=\"https:\/\/tucomarca.whitekongsoftware.com\/wp-content\/uploads\/2020\/07\/cheste06.jpg 787w, https:\/\/tucomarca.whitekongsoftware.com\/wp-content\/uploads\/2020\/07\/cheste06-300x200.jpg 300w, https:\/\/tucomarca.whitekongsoftware.com\/wp-content\/uploads\/2020\/07\/cheste06-768x512.jpg 768w\" sizes=\"auto, (max-width: 787px) 100vw, 787px\" \/><\/figure><\/li><li class=\"blocks-gallery-item\"><figure><img loading=\"lazy\" decoding=\"async\" width=\"787\" height=\"525\" src=\"http:\/\/www.tucomarca.com\/wordpress\/segunda\/wp-content\/uploads\/2020\/07\/cheste04-1.jpg\" alt=\"\" data-id=\"110579\" data-link=\"http:\/\/www.tucomarca.com\/wordpress\/segunda\/?attachment_id=110579\" class=\"wp-image-110579\" srcset=\"https:\/\/tucomarca.whitekongsoftware.com\/wp-content\/uploads\/2020\/07\/cheste04-1.jpg 787w, https:\/\/tucomarca.whitekongsoftware.com\/wp-content\/uploads\/2020\/07\/cheste04-1-300x200.jpg 300w, https:\/\/tucomarca.whitekongsoftware.com\/wp-content\/uploads\/2020\/07\/cheste04-1-768x512.jpg 768w\" sizes=\"auto, (max-width: 787px) 100vw, 787px\" \/><\/figure><\/li><\/ul>\n\n\n\n<p class=\"wp-block-paragraph\"><strong>Concert infantil<\/strong><\/p>\n\n\n\n<p class=\"wp-block-paragraph\">Els m\u00fasics i m\u00fasiques de la Banda Juvenil La Lira, davall la Batuta de Ra\u00fal Domenech, van interpretar un programa que feia un recorregut musical per distints g\u00e8neres i \u00e8poques, exposant aix\u00ed com la m\u00fasica \u00e9s una fusi\u00f3 de cultures i quin ha sigut la seua evoluci\u00f3 fins als nostres dies. Cada tema anava introdu\u00eft per dos locutors de r\u00e0dio, als que donaven vida Rub\u00e9n Albarras\u00ed, professor de l&#8217;escola de l&#8217;Associaci\u00f3 Musical La Lira, i Laura Cub\u00ed, directora de l&#8217;escola. Amb una gran dosi d&#8217;humor, els locutors van enamorar el p\u00fablic i van animar als m\u00e9s xicotets i xicotetes a disfrutar de la m\u00fasica, a con\u00e9ixer els instruments que formar part d&#8217;una banda simf\u00f2nica i a iniciar-se en l&#8217;activitat musical, sent part aix\u00ed de l&#8217;Associaci\u00f3 Musical local.<\/p>\n\n\n\n<p class=\"wp-block-paragraph\"><strong>Teatre per a tots les p\u00fablics<\/strong><\/p>\n\n\n\n<p class=\"wp-block-paragraph\">La companyia de teatre local Far\u00e0ndula, va representar novament la pe\u00e7a No oblideu la seua veus, dirigida per Aaron S\u00e1nchez, en la que les quatre protagonistes van mostrar una cadena d&#8217;imatges sobre la vida de les dones que van patir els horrors de la Guerra Civil i del Franquisme. Aix\u00ed, l&#8217;obra llan\u00e7ava una reflexi\u00f3 sobre com les conseq\u00fc\u00e8ncies d&#8217;eixe passat silenciat han arribat fins als nostres dies, aconseguint emocionar el p\u00fablic, que va trencar en aplaudiments al finalitzar. A les 22 hores, la versi\u00f3 del musical El Llibre de la Selva de la companyia Saga Produccions, amb una impressionant posada en escena, va aconseguir divertir les fam\u00edlies davall els valors de respecte al Planeta, la import\u00e0ncia de la fam\u00edlia en el m\u00e9s ampli sentit de la paraula, l&#8217;amistat i la felicitat.<\/p>\n","protected":false},"excerpt":{"rendered":"<div class=\"mh-excerpt\">Un cap de setmana m\u00e9s, Xest ha comptat amb una completa programaci\u00f3 cultural, amb quatre activitats per a tots els p\u00fablics. Aix\u00ed, el divendres a la vesprada, la pla\u00e7a II Rep\u00fablica es convertia en escenari <a class=\"mh-excerpt-more\" href=\"https:\/\/tucomarca.whitekongsoftware.com\/ca\/fotogaleria-intens-cap-de-setmana-cultural-a-cheste\/\" title=\"Fotogaleria: Intens cap de setmana cultural a Xest\">[+] <\/a><\/div>\n","protected":false},"author":12,"featured_media":110566,"comment_status":"open","ping_status":"open","sticky":false,"template":"","format":"gallery","meta":{"footnotes":""},"categories":[11005,10912,11007,10896,10974],"tags":[10470,5952],"class_list":["post-110578","post","type-post","status-publish","format-gallery","has-post-thumbnail","category-canal-musica","category-la-hoya-ca","category-ocio-y-cultura-ca","category-seccion-ca","category-cheste-ca","tag-ayuntamiento-de-cheste","tag-la-hoya-de-bunol-chiva","post_format-post-format-gallery"],"_links":{"self":[{"href":"https:\/\/tucomarca.whitekongsoftware.com\/ca\/wp-json\/wp\/v2\/posts\/110578","targetHints":{"allow":["GET"]}}],"collection":[{"href":"https:\/\/tucomarca.whitekongsoftware.com\/ca\/wp-json\/wp\/v2\/posts"}],"about":[{"href":"https:\/\/tucomarca.whitekongsoftware.com\/ca\/wp-json\/wp\/v2\/types\/post"}],"author":[{"embeddable":true,"href":"https:\/\/tucomarca.whitekongsoftware.com\/ca\/wp-json\/wp\/v2\/users\/12"}],"replies":[{"embeddable":true,"href":"https:\/\/tucomarca.whitekongsoftware.com\/ca\/wp-json\/wp\/v2\/comments?post=110578"}],"version-history":[{"count":0,"href":"https:\/\/tucomarca.whitekongsoftware.com\/ca\/wp-json\/wp\/v2\/posts\/110578\/revisions"}],"wp:featuredmedia":[{"embeddable":true,"href":"https:\/\/tucomarca.whitekongsoftware.com\/ca\/wp-json\/wp\/v2\/media\/110566"}],"wp:attachment":[{"href":"https:\/\/tucomarca.whitekongsoftware.com\/ca\/wp-json\/wp\/v2\/media?parent=110578"}],"wp:term":[{"taxonomy":"category","embeddable":true,"href":"https:\/\/tucomarca.whitekongsoftware.com\/ca\/wp-json\/wp\/v2\/categories?post=110578"},{"taxonomy":"post_tag","embeddable":true,"href":"https:\/\/tucomarca.whitekongsoftware.com\/ca\/wp-json\/wp\/v2\/tags?post=110578"}],"curies":[{"name":"wp","href":"https:\/\/api.w.org\/{rel}","templated":true}]}}