{"id":110525,"date":"2020-07-20T10:15:10","date_gmt":"2020-07-20T08:15:10","guid":{"rendered":"http:\/\/www.tucomarca.com\/wordpress\/segunda\/?p=110525"},"modified":"2020-07-20T14:33:47","modified_gmt":"2020-07-20T12:33:47","slug":"xest-realitza-un-taller-online-sobre-la-factura-de-la-llum","status":"publish","type":"post","link":"https:\/\/tucomarca.whitekongsoftware.com\/ca\/xest-realitza-un-taller-online-sobre-la-factura-de-la-llum\/","title":{"rendered":"Xest realitza un Taller online sobre la factura de la llum"},"content":{"rendered":"\n<p class=\"wp-block-paragraph\">Dimecres que ve, 22 de juliol, tindr\u00e0 lloc un taller en l\u00ednia sobre el consum d&#8217;energia, ofert per l&#8217;Oficina de Transici\u00f3 Energ\u00e8tica comarcal en col\u00b7laboraci\u00f3 amb la regidoria de Medi Ambient de l&#8217;Ajuntament de Xest.<\/p>\n\n\n\n<p class=\"wp-block-paragraph\">Sota el t\u00edtol &#8220;Ent\u00e9n la teua factura el\u00e8ctrica i descobreix com pagar menys&#8221;, la xerrada pret\u00e9n que les persones assistents puguen comprendre al detall l&#8217;\u00fas energ\u00e8tic que fan quotidianament i el seu reflex en la factura de la llum. En aquesta l\u00ednia, els i les participants al taller rebran recomanacions per reduir el seu consum i contribuir, d&#8217;aquesta manera, a la mitigaci\u00f3 del canvi clim\u00e0tic des del llar.<\/p>\n\n\n\n<p class=\"wp-block-paragraph\">La sessi\u00f3 tindr\u00e0 un car\u00e0cter pr\u00e0ctic, pel que es recomana tenir a m\u00e0 una factura el\u00e8ctrica recent, ja que s&#8217;explicaran cadascun dels costos que figuren, associant-los a determinats consums. D&#8217;aquesta manera, les persones assistents tindran la informaci\u00f3 necess\u00e0ria per reduir el seu cost mensual amb mesures senzilles d&#8217;aplicar que no afecten el confort del seu llar.<\/p>\n\n\n\n<p class=\"wp-block-paragraph\">Les persones interessades podran visitar el canal de youtube de l&#8217;Oficina de Transici\u00f3 Energ\u00e8tica comarcal (https:\/\/bit.ly\/tallercheste) a les 17 hores.<\/p>\n\n\n\n<p class=\"wp-block-paragraph\">&#8220;Des de la regidoria de Medi Ambient donem suport a les iniciatives que servisquen per informar i conscienciar la poblaci\u00f3 sobre la import\u00e0ncia de consumir de manera responsable&#8221;, apunta el regidor David Pujals. &#8220;Aquest taller va a ajudar a la gent a entendre la seua factura de la llum i si pot reduir-la amb senzills gestos quotidians&#8221;.<\/p>\n","protected":false},"excerpt":{"rendered":"<div class=\"mh-excerpt\">Dimecres que ve, 22 de juliol, tindr\u00e0 lloc un taller en l\u00ednia sobre el consum d&#8217;energia, ofert per l&#8217;Oficina de Transici\u00f3 Energ\u00e8tica comarcal en col\u00b7laboraci\u00f3 amb la regidoria de Medi Ambient de l&#8217;Ajuntament de Xest. <a class=\"mh-excerpt-more\" href=\"https:\/\/tucomarca.whitekongsoftware.com\/ca\/xest-realitza-un-taller-online-sobre-la-factura-de-la-llum\/\" title=\"Xest realitza un Taller online sobre la factura de la llum\">[+] <\/a><\/div>\n","protected":false},"author":12,"featured_media":110523,"comment_status":"open","ping_status":"open","sticky":false,"template":"","format":"standard","meta":{"footnotes":""},"categories":[11019,10948,10894,10912,10896,10974],"tags":[10470,5952],"class_list":["post-110525","post","type-post","status-publish","format-standard","has-post-thumbnail","category-agenda-ca","category-infraestructuras-ca","category-la-comarca-ca","category-la-hoya-ca","category-seccion-ca","category-cheste-ca","tag-ayuntamiento-de-cheste","tag-la-hoya-de-bunol-chiva"],"_links":{"self":[{"href":"https:\/\/tucomarca.whitekongsoftware.com\/ca\/wp-json\/wp\/v2\/posts\/110525","targetHints":{"allow":["GET"]}}],"collection":[{"href":"https:\/\/tucomarca.whitekongsoftware.com\/ca\/wp-json\/wp\/v2\/posts"}],"about":[{"href":"https:\/\/tucomarca.whitekongsoftware.com\/ca\/wp-json\/wp\/v2\/types\/post"}],"author":[{"embeddable":true,"href":"https:\/\/tucomarca.whitekongsoftware.com\/ca\/wp-json\/wp\/v2\/users\/12"}],"replies":[{"embeddable":true,"href":"https:\/\/tucomarca.whitekongsoftware.com\/ca\/wp-json\/wp\/v2\/comments?post=110525"}],"version-history":[{"count":0,"href":"https:\/\/tucomarca.whitekongsoftware.com\/ca\/wp-json\/wp\/v2\/posts\/110525\/revisions"}],"wp:featuredmedia":[{"embeddable":true,"href":"https:\/\/tucomarca.whitekongsoftware.com\/ca\/wp-json\/wp\/v2\/media\/110523"}],"wp:attachment":[{"href":"https:\/\/tucomarca.whitekongsoftware.com\/ca\/wp-json\/wp\/v2\/media?parent=110525"}],"wp:term":[{"taxonomy":"category","embeddable":true,"href":"https:\/\/tucomarca.whitekongsoftware.com\/ca\/wp-json\/wp\/v2\/categories?post=110525"},{"taxonomy":"post_tag","embeddable":true,"href":"https:\/\/tucomarca.whitekongsoftware.com\/ca\/wp-json\/wp\/v2\/tags?post=110525"}],"curies":[{"name":"wp","href":"https:\/\/api.w.org\/{rel}","templated":true}]}}