{"id":110495,"date":"2020-07-20T10:00:22","date_gmt":"2020-07-20T08:00:22","guid":{"rendered":"http:\/\/www.tucomarca.com\/wordpress\/segunda\/?p=110495"},"modified":"2020-07-20T12:19:12","modified_gmt":"2020-07-20T10:19:12","slug":"marza-teniem-un-compromis-ferm-amb-la-comunitat-educativa-del-ceip-severi-torres-i-el-proxim-curs-tot-lalumnat-estrenara-la-nova-escola","status":"publish","type":"post","link":"https:\/\/tucomarca.whitekongsoftware.com\/ca\/marza-teniem-un-compromis-ferm-amb-la-comunitat-educativa-del-ceip-severi-torres-i-el-proxim-curs-tot-lalumnat-estrenara-la-nova-escola\/","title":{"rendered":"Marz\u00e0: &#8216;Ten\u00edem un comprom\u00eds ferm amb la comunitat educativa del CEIP Sever\u00ed Torres i el pr\u00f2xim curs tot l&#8217;alumnat estrenar\u00e0 la nova escola&#8217;"},"content":{"rendered":"\n<p class=\"wp-block-paragraph\"><strong>El CEIP Sever\u00ed Torres de Castell\u00f3, a la Ribera, s&#8217;ha constru\u00eft amb una inversi\u00f3 de vora 4,6 milions d&#8217;euros per part de la Conselleria d&#8217;Educaci\u00f3&nbsp;<br>La Conselleria ja ha adjudicat vora 50 milions d&#8217;euros per a millores d&#8217;infraestructures escolars a la comarca de la Ribera mitjan\u00e7ant el pla &#8216;Edificant&#8217;<\/strong><\/p>\n\n\n\n<p class=\"wp-block-paragraph\">El conseller d&#8217;Educaci\u00f3, Cultura i Esport, Vicent Marz\u00e0, acompanyat per l&#8217;alcalde de Castell\u00f3, a la Ribera Alta, \u00d2scar Noguera; la corporaci\u00f3 municipal; l&#8217;AMPA; la direcci\u00f3 del centre educatiu; el director general d&#8217;Infraestructures Educatives, V\u00edctor Garc\u00eda, i el director territorial de la Conselleria a Val\u00e8ncia, Santiago Esta\u00f1an, ha recepcionat la finalitzaci\u00f3 de les obres del CEIP Sever\u00ed Torres de la localitat de la Ribera.&nbsp;<\/p>\n\n\n\n<p class=\"wp-block-paragraph\">Educaci\u00f3 de la Generalitat ha invertit vora 4,6 milions d&#8217;euros en la construcci\u00f3 d&#8217;aquest nou centre educatiu i el pr\u00f2xim 7 de setembre, quan arranque el nou curs 2020-2021, tot l&#8217;alumnat del CEIP Sever\u00ed Torres estrenar\u00e0 les noves instal\u00b7lacions.&nbsp;<\/p>\n\n\n\n<p class=\"wp-block-paragraph\">Segons el conseller, &#8220;era molt important per a nosaltres que la comunitat educativa del CEIP Sever\u00ed Torres es poguera organitzar amb un bon marge de temps per a traslladar el material necessari a les aules i tindre-ho tot a punt per al pr\u00f2xim curs. Per aix\u00f2 hui hem recepcionat les obres i el nou centre educatiu ja \u00e9s del poble, de tots els xiquets i xiquetes del Sever\u00ed Torres, que iniciaran el pr\u00f2xim curs en aquestes instal\u00b7lacions que tant es mereixen&#8221;.&nbsp;<\/p>\n\n\n\n<p class=\"wp-block-paragraph\">El nou Sever\u00ed Torres compta amb 8 unitats d&#8217;Infantil, 15 de Prim\u00e0ria, menjador amb cuina, gimn\u00e0s, biblioteca, aula d&#8217;Inform\u00e0tica i de M\u00fasica, un taller polivalent, dues sales d&#8217;usos m\u00faltiples i cinc aules per a refor\u00e7 educatiu.&nbsp;<\/p>\n\n\n\n<p class=\"wp-block-paragraph\">Aquesta configuraci\u00f3, amb un total de 525 places escolars, garanteix les necessitats d&#8217;escolaritzaci\u00f3 futures del poble, ja que duplica la capacitat que tenien les antigues instal\u00b7lacions.&nbsp;<\/p>\n\n\n\n<p class=\"wp-block-paragraph\">Els espais exteriors de l&#8217;escola sumen vora 6.800 m\u00b2 que engloben dos patis diferenciats, un per a Infantil i un per a Prim\u00e0ria, a m\u00e9s de dues pistes esportives, un hort escolar, zones enjardinades i una \u00e0rea d&#8217;estacionament de vehicles.&nbsp;<\/p>\n\n\n\n<p class=\"wp-block-paragraph\"><strong>Millores en infraestructures educatives a Castell\u00f3<\/strong><\/p>\n\n\n\n<p class=\"wp-block-paragraph\">A m\u00e9s del nou CEIP Sever\u00ed Torres, la Conselleria d&#8217;Educaci\u00f3, a trav\u00e9s del pla &#8216;Edificant&#8217;, ha delegat en l&#8217;Ajuntament de Castell\u00f3 la millora de les instal\u00b7lacions de l&#8217;IES Vicente Gandia d&#8217;aquest municipi de la Ribera.&nbsp;<\/p>\n\n\n\n<p class=\"wp-block-paragraph\">En aquesta actuaci\u00f3 Educaci\u00f3 de la Generalitat invertir\u00e0 1,5 milions d&#8217;euros en obres que licitar\u00e0 i adjudicar\u00e0 l&#8217;Ajuntament, i que permetran millorar l&#8217;accessibilitat de l&#8217;institut, tant exterior com interior, amb la instal\u00b7laci\u00f3 d&#8217;un ascensor.&nbsp;<\/p>\n\n\n\n<p class=\"wp-block-paragraph\">A m\u00e9s, tamb\u00e9 se substituiran les fusteries exteriors i els vidres d&#8217;aquestes, es renovaran les pistes esportives i la tanca del centre. La intervenci\u00f3 tamb\u00e9 preveu reformes en el gimn\u00e0s i la substituci\u00f3 de la caldera de la calefacci\u00f3 per una altra de m\u00e9s eficient energ\u00e8ticament.&nbsp;<\/p>\n\n\n\n<p class=\"wp-block-paragraph\"><strong>&#8216;Edificant&#8217; ja suma vora 50 milions a la Ribera<\/strong><\/p>\n\n\n\n<p class=\"wp-block-paragraph\">Educaci\u00f3, mitjan\u00e7ant &#8216;Edificant&#8217;, ja ha delegat en 22 ajuntaments de la Ribera la licitaci\u00f3 i l&#8217;adjudicaci\u00f3 d&#8217;actuacions de millora, ampliaci\u00f3 o nova construcci\u00f3 de 33 centres educatius que sumen una inversi\u00f3 total de prop de 50 milions d&#8217;euros a c\u00e0rrec de la Conselleria. D&#8217;aquestes 33 intervencions, 14 ja estan en marxa, i d&#8217;aquestes ja se n&#8217;han finalitzat 7 o estan executades en m\u00e9s d&#8217;un 50 %.&nbsp;<\/p>\n\n\n\n<p class=\"wp-block-paragraph\">Mitjan\u00e7ant &#8216;Edificant&#8217;, 27 escoles i instituts de 18 municipis de la Ribera Alta modernitzaran les seues instal\u00b7lacions amb una inversi\u00f3 de 37,9 milions d&#8217;euros. Entre aquestes intervencions destaquen la construcci\u00f3 del nou CEIP N.\u00ba 2 de Tur\u00eds (6,6 milions d&#8217;euros); la construcci\u00f3 de nou del CEE Alberto Tortajada d&#8217;Algemes\u00ed (4,7 milions d&#8217;euros), i la demolici\u00f3 i reposici\u00f3 de nou al mateix solar del CEIP Sanchis Guarner de la Pobla Llarga (4,8 milions d&#8217;euros).&nbsp;<\/p>\n\n\n\n<p class=\"wp-block-paragraph\">Al mateix temps, tamb\u00e9 es reformaran i s&#8217;ampliaran els instituts de Guadassuar i Montserrat, i s&#8217;invertiran en cadascun d&#8217;aquests 3 milions d&#8217;euros, i tamb\u00e9 el de Catadau, en qu\u00e8 s&#8217;invertiran 2,2 milions d&#8217;euros.&nbsp;<\/p>\n\n\n\n<p class=\"wp-block-paragraph\">A la Ribera Baixa el pla &#8216;Edificant&#8217; ja t\u00e9 reservats 11,8 milions d&#8217;euros per part de la Conselleria per a obres de millora de 5 centres educatius de quatre municipis, i destaquen pel seu volum d&#8217;inversi\u00f3 les ampliacions del CEIP El Castell de Corbera (4,7 milions d&#8217;euros) i del CEIP Carrasquer de Sueca (4,2 milions d&#8217;euros).<\/p>\n","protected":false},"excerpt":{"rendered":"<div class=\"mh-excerpt\">El CEIP Sever\u00ed Torres de Castell\u00f3, a la Ribera, s&#8217;ha constru\u00eft amb una inversi\u00f3 de vora 4,6 milions d&#8217;euros per part de la Conselleria d&#8217;Educaci\u00f3&nbsp;La Conselleria ja ha adjudicat vora 50 milions d&#8217;euros per a <a class=\"mh-excerpt-more\" href=\"https:\/\/tucomarca.whitekongsoftware.com\/ca\/marza-teniem-un-compromis-ferm-amb-la-comunitat-educativa-del-ceip-severi-torres-i-el-proxim-curs-tot-lalumnat-estrenara-la-nova-escola\/\" title=\"Marz\u00e0: &#8216;Ten\u00edem un comprom\u00eds ferm amb la comunitat educativa del CEIP Sever\u00ed Torres i el pr\u00f2xim curs tot l&#8217;alumnat estrenar\u00e0 la nova escola&#8217;\">[+] <\/a><\/div>\n","protected":false},"author":12,"featured_media":110494,"comment_status":"open","ping_status":"open","sticky":false,"template":"","format":"standard","meta":{"footnotes":""},"categories":[10983,10991,10898,10994,10948,10894,10942,10902,11000,10947,10896,11052],"tags":[12122,3640,10426],"class_list":["post-110495","post","type-post","status-publish","format-standard","has-post-thumbnail","category-algemesi-ca","category-catadau-ca","category-ventana-ca","category-guadassuar-ca","category-infraestructuras-ca","category-la-comarca-ca","category-la-pobla-llarga-ca","category-la-ribera-ca","category-monserrat-ca","category-politica","category-seccion-ca","category-villanueva-de-castellon-ca","tag-conselleria-de-educacion","tag-la-ribera-alta","tag-villanueva-de-castellon"],"_links":{"self":[{"href":"https:\/\/tucomarca.whitekongsoftware.com\/ca\/wp-json\/wp\/v2\/posts\/110495","targetHints":{"allow":["GET"]}}],"collection":[{"href":"https:\/\/tucomarca.whitekongsoftware.com\/ca\/wp-json\/wp\/v2\/posts"}],"about":[{"href":"https:\/\/tucomarca.whitekongsoftware.com\/ca\/wp-json\/wp\/v2\/types\/post"}],"author":[{"embeddable":true,"href":"https:\/\/tucomarca.whitekongsoftware.com\/ca\/wp-json\/wp\/v2\/users\/12"}],"replies":[{"embeddable":true,"href":"https:\/\/tucomarca.whitekongsoftware.com\/ca\/wp-json\/wp\/v2\/comments?post=110495"}],"version-history":[{"count":0,"href":"https:\/\/tucomarca.whitekongsoftware.com\/ca\/wp-json\/wp\/v2\/posts\/110495\/revisions"}],"wp:featuredmedia":[{"embeddable":true,"href":"https:\/\/tucomarca.whitekongsoftware.com\/ca\/wp-json\/wp\/v2\/media\/110494"}],"wp:attachment":[{"href":"https:\/\/tucomarca.whitekongsoftware.com\/ca\/wp-json\/wp\/v2\/media?parent=110495"}],"wp:term":[{"taxonomy":"category","embeddable":true,"href":"https:\/\/tucomarca.whitekongsoftware.com\/ca\/wp-json\/wp\/v2\/categories?post=110495"},{"taxonomy":"post_tag","embeddable":true,"href":"https:\/\/tucomarca.whitekongsoftware.com\/ca\/wp-json\/wp\/v2\/tags?post=110495"}],"curies":[{"name":"wp","href":"https:\/\/api.w.org\/{rel}","templated":true}]}}