{"id":110409,"date":"2020-07-19T12:01:33","date_gmt":"2020-07-19T10:01:33","guid":{"rendered":"http:\/\/www.tucomarca.com\/wordpress\/segunda\/?p=110409"},"modified":"2020-07-20T12:09:24","modified_gmt":"2020-07-20T10:09:24","slug":"el-govern-autoritza-lalliberament-del-parasitoide-anagyrus-aberiae-depredador-natural-de-la-plaga-cotonet-de-les-valls","status":"publish","type":"post","link":"https:\/\/tucomarca.whitekongsoftware.com\/ca\/el-govern-autoritza-lalliberament-del-parasitoide-anagyrus-aberiae-depredador-natural-de-la-plaga-cotonet-de-les-valls\/","title":{"rendered":"El Govern autoritza l&#8217;alliberament del parasitoide Anagyrus aberiae, depredador natural de la plaga \u201cCotonet de les Valls\u201d"},"content":{"rendered":"\n<p class=\"wp-block-paragraph\"><strong>Lluita biol\u00f2gica contra la plaga que afecta els c\u00edtrics valencians<\/strong><\/p>\n\n\n\n<p class=\"wp-block-paragraph\"><strong>El Ministeri d&#8217;Agricultura, Pesca i Alimentaci\u00f3 ha autoritzat l&#8217;alliberament de l&#8217;organisme Anagyrus aberiae, depredador natural de la plaga Delottococcus aberiae, coneguda com &#8220;Cotonet dels Valls&#8221;, que afecta la citricultura de la Comunitat Valenciana<\/strong><\/p>\n\n\n\n<p class=\"wp-block-paragraph\"><strong>La tramitaci\u00f3 i resoluci\u00f3 d&#8217;este expedient s&#8217;ha realitzat amb la major celeritat, donada la gravetat dels danys d&#8217;esta i davant de les limitacions de la lluita qu\u00edmica tradicional per a controlar-la<\/strong><\/p>\n\n\n\n<p class=\"wp-block-paragraph\"><strong>En esta campanya tamb\u00e9 s&#8217;ha autoritzat, amb anterioritat i de forma excepcional, l&#8217;\u00fas d&#8217;una feromona espec\u00edfica per al Delottococcus aberiae que permet la detecci\u00f3 preco\u00e7 de la plaga, aix\u00ed com la captura massiva en trampes que permetr\u00e0 la reducci\u00f3 gradual de la poblaci\u00f3<\/strong><\/p>\n\n\n\n<p class=\"wp-block-paragraph\">El Ministeri d&#8217;Agricultura, Pesca i Alimentaci\u00f3 (MAPA) ha autoritzat l&#8217;alliberament a el medi natural de l&#8217;parasitoide Anagyrus aberiae, que \u00e9s un depredador de la plaga Delottococcus aberiae, coneguda com &#8220;Cotonet dels Valls&#8221; que afecta la citricultura de la Comunitat Valenciana.<\/p>\n\n\n\n<p class=\"wp-block-paragraph\">L&#8217;alliberament, que s&#8217;autoritza en estreta col\u00b7laboraci\u00f3 amb el Ministeri de Transici\u00f3 Ecol\u00f2gica i Repte Demogr\u00e0fic, mostra l&#8217;aposta de l&#8217;MAPA per utilitzar mitjans de lluita biol\u00f2gica per fer front a plagues que afecten les produccions agr\u00edcoles.<\/p>\n\n\n\n<p class=\"wp-block-paragraph\">La tramitaci\u00f3 i resoluci\u00f3 d&#8217;aquest expedient s&#8217;ha realitzat amb la major celeritat i rigor necessaris, donada la gravetat dels danys que la plaga causa en els c\u00edtrics de la Comunitat Valenciana i davant les limitacions de la lluita qu\u00edmica tradicional per aturar i controlar la dispersi\u00f3 del &#8220;Cotonet de les Valls&#8221;.<\/p>\n\n\n\n<p class=\"wp-block-paragraph\">Des del mar\u00e7, i en menys de cinc mesos, s&#8217;han autoritzat i s&#8217;han realitzat dos soltes, la cria de l&#8217;par\u00e0sit i s&#8217;han obtingut les dades necess\u00e0ries perqu\u00e8 el Ministeri de Transici\u00f3 Ecol\u00f2gica i Repte Demogr\u00e0fic emet\u00e9s un informe favorable que ha perm\u00e8s a l&#8217;MAPA autoritzar des d&#8217;avui l&#8217;alliberament de l&#8217;organisme de control biol\u00f2gic Anagyrus aberiae.<br>\nL&#8217;inici de l&#8217;expedient va comen\u00e7ar al febrer de 2019, amb la sol\u00b7licitud realitzada per la Universitat Polit\u00e8cnica de Val\u00e8ncia per a iniciar els assajos de laboratori que es van autoritzar amb rapidesa pel MAPA, despr\u00e9s del preceptiu informe favorable de l&#8217;Ministeri de Transici\u00f3 Ecol\u00f2gica i Repte Demogr\u00e0fic.<\/p>\n\n\n\n<p class=\"wp-block-paragraph\">Al mar\u00e7 es va permetre la primera solta inicial de menys de 100 exemplars de Anagyrus aberiae al municipi de la Vall d&#8217;Ux\u00f3 (Castell\u00f3), els resultats eren determinants per autoritzar l&#8217;alliberament definitiu. Amb aquesta solta es tractava de verificar, en condicions naturals, l&#8217;efectivitat de la mesura i possibles afeccions a el medi natural que pogueren tenir lloc, de conformitat amb els requisits establerts per la legislaci\u00f3 espanyola.<\/p>\n\n\n\n<p class=\"wp-block-paragraph\">En paral\u00b7lel, i en previsi\u00f3 d&#8217;una possible resoluci\u00f3 favorable i per utilitzar el parasitoide amb la major premura, el MAPA va autoritzar a l&#8217;abril la cria massiva de l&#8217;Anagyrus aberiae en els insectaris de la Conselleria d&#8217;Agricultura, Medi Ambient, Canvi Clim\u00e0tic i Desenvolupament Rural de la Generalitat Valenciana.<\/p>\n\n\n\n<p class=\"wp-block-paragraph\">El 15 de maig la Universitat Polit\u00e8cnica de Val\u00e8ncia va sol\u00b7licitar l&#8217;ampliaci\u00f3 de l&#8217;nombre de soltes i de el nombre d&#8217;individus objecte de les mateixes per poder obtenir, amb m\u00e9s rapidesa, les dades necess\u00e0ries requerits en el procediment, sol\u00b7licitud que va ser aprovada el dia 1 de juny .<\/p>\n\n\n\n<p class=\"wp-block-paragraph\">A m\u00e9s, el MAPA ha autoritzat en aquesta campanya una feromona espec\u00edfica per al Delottococcus aberiae. S&#8217;ha aconseguit a\u00efllar i produir amb \u00e8xit per a la detecci\u00f3 preco\u00e7 de la plaga i la captura massiva en paranys que permetr\u00e0 la reducci\u00f3 gradual de la poblaci\u00f3.<\/p>\n\n\n\n<p class=\"wp-block-paragraph\">Amb aquestes actuacions el ministeri ha posat a disposici\u00f3 de el sector dos importants eines noves per lluitar contra aquesta plaga de el sector citr\u00edcola valenci\u00e0.<\/p>\n","protected":false},"excerpt":{"rendered":"<div class=\"mh-excerpt\">Lluita biol\u00f2gica contra la plaga que afecta els c\u00edtrics valencians El Ministeri d&#8217;Agricultura, Pesca i Alimentaci\u00f3 ha autoritzat l&#8217;alliberament de l&#8217;organisme Anagyrus aberiae, depredador natural de la plaga Delottococcus aberiae, coneguda com &#8220;Cotonet dels Valls&#8221;, <a class=\"mh-excerpt-more\" href=\"https:\/\/tucomarca.whitekongsoftware.com\/ca\/el-govern-autoritza-lalliberament-del-parasitoide-anagyrus-aberiae-depredador-natural-de-la-plaga-cotonet-de-les-valls\/\" title=\"El Govern autoritza l&#8217;alliberament del parasitoide Anagyrus aberiae, depredador natural de la plaga \u201cCotonet de les Valls\u201d\">[+] <\/a><\/div>\n","protected":false},"author":12,"featured_media":110408,"comment_status":"open","ping_status":"open","sticky":false,"template":"","format":"standard","meta":{"footnotes":""},"categories":[10905,10892,11046,10898,10894,10904,10912,10902,10896],"tags":[12407,12408,12405],"class_list":["post-110409","post","type-post","status-publish","format-standard","has-post-thumbnail","category-agricultura-la-comarca-ca","category-camp-de-turia-ca","category-los-serranos-ca","category-ventana-ca","category-la-comarca-ca","category-sin-categorizar-ca","category-la-hoya-ca","category-la-ribera-ca","category-seccion-ca","tag-citricos-valencianos","tag-cotonet-de-les-valls","tag-el-ministerio-de-agricultura"],"_links":{"self":[{"href":"https:\/\/tucomarca.whitekongsoftware.com\/ca\/wp-json\/wp\/v2\/posts\/110409","targetHints":{"allow":["GET"]}}],"collection":[{"href":"https:\/\/tucomarca.whitekongsoftware.com\/ca\/wp-json\/wp\/v2\/posts"}],"about":[{"href":"https:\/\/tucomarca.whitekongsoftware.com\/ca\/wp-json\/wp\/v2\/types\/post"}],"author":[{"embeddable":true,"href":"https:\/\/tucomarca.whitekongsoftware.com\/ca\/wp-json\/wp\/v2\/users\/12"}],"replies":[{"embeddable":true,"href":"https:\/\/tucomarca.whitekongsoftware.com\/ca\/wp-json\/wp\/v2\/comments?post=110409"}],"version-history":[{"count":0,"href":"https:\/\/tucomarca.whitekongsoftware.com\/ca\/wp-json\/wp\/v2\/posts\/110409\/revisions"}],"wp:featuredmedia":[{"embeddable":true,"href":"https:\/\/tucomarca.whitekongsoftware.com\/ca\/wp-json\/wp\/v2\/media\/110408"}],"wp:attachment":[{"href":"https:\/\/tucomarca.whitekongsoftware.com\/ca\/wp-json\/wp\/v2\/media?parent=110409"}],"wp:term":[{"taxonomy":"category","embeddable":true,"href":"https:\/\/tucomarca.whitekongsoftware.com\/ca\/wp-json\/wp\/v2\/categories?post=110409"},{"taxonomy":"post_tag","embeddable":true,"href":"https:\/\/tucomarca.whitekongsoftware.com\/ca\/wp-json\/wp\/v2\/tags?post=110409"}],"curies":[{"name":"wp","href":"https:\/\/api.w.org\/{rel}","templated":true}]}}