{"id":110398,"date":"2020-07-16T12:00:12","date_gmt":"2020-07-16T10:00:12","guid":{"rendered":"http:\/\/www.tucomarca.com\/wordpress\/segunda\/?p=110398"},"modified":"2020-07-16T13:15:25","modified_gmt":"2020-07-16T11:15:25","slug":"lajuntament-de-requena-inicia-una-campanya-informativa-sobre-el-servici-darreplega-de-voluminosos-i-podes-en-aldees","status":"publish","type":"post","link":"https:\/\/tucomarca.whitekongsoftware.com\/ca\/lajuntament-de-requena-inicia-una-campanya-informativa-sobre-el-servici-darreplega-de-voluminosos-i-podes-en-aldees\/","title":{"rendered":"L&#8217;Ajuntament de Requena inicia una campanya informativa sobre el servici d&#8217;arreplega de voluminosos i podes en aldees"},"content":{"rendered":"\n<p class=\"wp-block-paragraph\"><strong>Dos educadors ambientals recorren des d&#8217;este dimecres les 25 aldees del municipi. La campanya de conscienciaci\u00f3, que t\u00e9 una duraci\u00f3 de quinze dies, brinda tota la informaci\u00f3 necess\u00e0ria perqu\u00e8 la poblaci\u00f3 de les pedanies fa\u00e7a un bon \u00fas del servici d&#8217;arreplega de residus voluminosos i poda<\/strong><\/p>\n\n\n\n<figure class=\"wp-block-image\"><img loading=\"lazy\" decoding=\"async\" width=\"787\" height=\"363\" src=\"http:\/\/www.tucomarca.com\/wordpress\/segunda\/wp-content\/uploads\/2020\/07\/requenaFovasa2.jpg\" alt=\"\" class=\"wp-image-110395\" srcset=\"https:\/\/tucomarca.whitekongsoftware.com\/wp-content\/uploads\/2020\/07\/requenaFovasa2.jpg 787w, https:\/\/tucomarca.whitekongsoftware.com\/wp-content\/uploads\/2020\/07\/requenaFovasa2-300x138.jpg 300w, https:\/\/tucomarca.whitekongsoftware.com\/wp-content\/uploads\/2020\/07\/requenaFovasa2-768x354.jpg 768w\" sizes=\"auto, (max-width: 787px) 100vw, 787px\" \/><\/figure>\n\n\n\n<p class=\"wp-block-paragraph\">L&#8217;Ajuntament de Requena posa en marxa una pionera campanya de conscienciaci\u00f3 per informar de la import\u00e0ncia de realitzar una bona gesti\u00f3 dels residus voluminosos i de podes.<br>\nPer a aix\u00f2, dos educadors ambientals es despla\u00e7aran en horari de mat\u00ed a totes i cadascuna de les aldees del municipi lliurant informaci\u00f3 i resoldre qualsevol dubte a l&#8217;respecte.<br>\nAquesta iniciativa, que ha comen\u00e7at aquest dimecres i acaba el 31 de aquest mes, neix com a instrument per posar fi a la problem\u00e0tica que est\u00e0 vivint la comarca amb la proliferaci\u00f3 d&#8217;estris a la via p\u00fablica, fet que s&#8217;agreuja amb l&#8217;arribada de el per\u00edode estival .<br>\nEls residus voluminosos han de dipositar-sempre en l&#8217;ecoparc m\u00e9s proper o en els punts de voluminosos destinats per a la seva recollida i \u00fanicament en el cas de no disposar de vehicle o tenir mobilitat redu\u00efda demostrable, es pot dipositar un m\u00e0xim de dos estris a la banda de el contenidor en els dies establerts per a aix\u00f2.<br>\nPel que fa als residus de podes, \u00e9s a dir, aquells corresponents a les tasques dom\u00e8stiques d&#8217;adequaci\u00f3 de petits jardins o poda d&#8217;arbres, mai han de dipositar-dins el contenidor.<br>\nAix\u00ed, per la seva recollida, cal concertar cita pr\u00e8via amb FOVASA (empresa encarregada de la recollida) al tel\u00e8fon 96 153 73 01 per acordar la data i l&#8217;hora en qu\u00e8 el servei de retirar.<br>\nAmb tot aix\u00f2, l&#8217;Ajuntament de Requena apel\u00b7la a el bon comportament i la responsabilitat de tots els ve\u00efns i ve\u00efnes de la comarca per mantenir el municipi net i recorda que l&#8217;incompliment d&#8217;aquestes normes comportar\u00e0 sancions econ\u00f2miques.<\/p>\n\n\n\n<p class=\"wp-block-paragraph\">El calendari de la campanya \u00e9s el seg\u00fcent:<br><strong> Dimecres 15:<br><\/strong> De 9:30 h a 11:30 h El Derramador.<br> De 12:00 h a 14:00 h El Pont\u00f3n.<br><strong> Dijous 16:<br><\/strong> De 9:30 h a 11:30 h Sant Joan.<br> De 12:00 h a 14:00 h Roma.<br><strong> Divendres 17:<br><\/strong> De 9:30 h a 11:30 h Barri Arroyo.<br> De 12:00 h a 14:00 h Calder\u00f3n.<br><strong> Dilluns 20:<br><\/strong> De 9:30 h a 11:30 h El Rebollar.<br> De 12:00 h a 14:00 h El Assagador.<br><strong> Dimarts 21:<br><\/strong> De 9:30 h a 14:00 h Sant Antoni (al costat de mercat).<br><strong> Dimecres 22:<br><\/strong> De 9:30 h a 11:30 h Villar d&#8217;Olmos.<br> De 12:00 h a 14:00 h Les Nogueras.<br><strong> Dijous 23:<br><\/strong> De 9:30 h a 11:30 h Camp Arc\u00eds.<br> De 12:00 h a 14:00 h Els Ducs.<br><strong> Divendres 24:<br><\/strong> De 9:30 h a 11:30 h Cases d&#8217;Eufemia.<br> De 12:00 h a 14:00 h Cases de Quadra.<br><strong> Dilluns 27:<br><\/strong> De 9:30 h a 11:30 h Els Cojos.<br> De 12:00 h a 14:00 h Els Ruices.<br><strong> Dimarts 28:<br><\/strong> De 9:30 h a 11:30 h Els Isidros.<br> De 12:00 h a 14:00 h Pen\u00e9n d&#8217;Albosa.<br><strong> Dimecres 29:<br><\/strong> De 9:30 h a 11:30 h Cases de el Riu.<br> De 12:00 h a 14:00 h Els Pedrones.<br><strong> Dijous 30:<br><\/strong> De 9:30 h a 11:30 h Cases de Sotos.<br> De 12:00 h a 14:00 h Hortunas.<br><strong> Divendres 31:<br><\/strong> De 9:30 h a 11:30 h La Portera.<br> De 12:00 h a 14:00 h Fuen Vich.<\/p>\n\n\n\n<p class=\"wp-block-paragraph\">Consulta al teu municipi el cartell informatiu en el qual s&#8217;indica la ubicaci\u00f3, la data i l&#8217;hora en qu\u00e8 tindr\u00e0 lloc la campanya de conscienciaci\u00f3.<\/p>\n","protected":false},"excerpt":{"rendered":"<div class=\"mh-excerpt\">Dos educadors ambientals recorren des d&#8217;este dimecres les 25 aldees del municipi. La campanya de conscienciaci\u00f3, que t\u00e9 una duraci\u00f3 de quinze dies, brinda tota la informaci\u00f3 necess\u00e0ria perqu\u00e8 la poblaci\u00f3 de les pedanies fa\u00e7a <a class=\"mh-excerpt-more\" href=\"https:\/\/tucomarca.whitekongsoftware.com\/ca\/lajuntament-de-requena-inicia-una-campanya-informativa-sobre-el-servici-darreplega-de-voluminosos-i-podes-en-aldees\/\" title=\"L&#8217;Ajuntament de Requena inicia una campanya informativa sobre el servici d&#8217;arreplega de voluminosos i podes en aldees\">[+] <\/a><\/div>\n","protected":false},"author":12,"featured_media":110394,"comment_status":"open","ping_status":"open","sticky":false,"template":"","format":"standard","meta":{"footnotes":""},"categories":[10948,10894,10903,10908,10909,10896],"tags":[2850,12403,10387],"class_list":["post-110398","post","type-post","status-publish","format-standard","has-post-thumbnail","category-infraestructuras-ca","category-la-comarca-ca","category-medio-ambiente-la-comarca-ca","category-requena-ca","category-requena-utiel-ca","category-seccion-ca","tag-ayuntamiento-de-requena","tag-fovasa","tag-requena-utiel"],"_links":{"self":[{"href":"https:\/\/tucomarca.whitekongsoftware.com\/ca\/wp-json\/wp\/v2\/posts\/110398","targetHints":{"allow":["GET"]}}],"collection":[{"href":"https:\/\/tucomarca.whitekongsoftware.com\/ca\/wp-json\/wp\/v2\/posts"}],"about":[{"href":"https:\/\/tucomarca.whitekongsoftware.com\/ca\/wp-json\/wp\/v2\/types\/post"}],"author":[{"embeddable":true,"href":"https:\/\/tucomarca.whitekongsoftware.com\/ca\/wp-json\/wp\/v2\/users\/12"}],"replies":[{"embeddable":true,"href":"https:\/\/tucomarca.whitekongsoftware.com\/ca\/wp-json\/wp\/v2\/comments?post=110398"}],"version-history":[{"count":0,"href":"https:\/\/tucomarca.whitekongsoftware.com\/ca\/wp-json\/wp\/v2\/posts\/110398\/revisions"}],"wp:featuredmedia":[{"embeddable":true,"href":"https:\/\/tucomarca.whitekongsoftware.com\/ca\/wp-json\/wp\/v2\/media\/110394"}],"wp:attachment":[{"href":"https:\/\/tucomarca.whitekongsoftware.com\/ca\/wp-json\/wp\/v2\/media?parent=110398"}],"wp:term":[{"taxonomy":"category","embeddable":true,"href":"https:\/\/tucomarca.whitekongsoftware.com\/ca\/wp-json\/wp\/v2\/categories?post=110398"},{"taxonomy":"post_tag","embeddable":true,"href":"https:\/\/tucomarca.whitekongsoftware.com\/ca\/wp-json\/wp\/v2\/tags?post=110398"}],"curies":[{"name":"wp","href":"https:\/\/api.w.org\/{rel}","templated":true}]}}