{"id":110306,"date":"2020-07-15T13:45:22","date_gmt":"2020-07-15T11:45:22","guid":{"rendered":"http:\/\/www.tucomarca.com\/wordpress\/segunda\/?p=110306"},"modified":"2020-07-15T13:45:45","modified_gmt":"2020-07-15T11:45:45","slug":"sueca-tanca-el-seu-ajuntament-pel-positiu-dun-dels-seus-empleats","status":"publish","type":"post","link":"https:\/\/tucomarca.whitekongsoftware.com\/ca\/sueca-tanca-el-seu-ajuntament-pel-positiu-dun-dels-seus-empleats\/","title":{"rendered":"Sueca tanca el seu Ajuntament pel positiu d&#8217;un dels seus empleats"},"content":{"rendered":"\n<p class=\"wp-block-paragraph\">Des de l&#8217;Ajuntament de Sueca i davant la confirmaci\u00f3 d&#8217;un cas positiu de coronavirus en un treballador de l&#8217;Ajuntament, han informat que l&#8217;equip de govern i regidors delegats, &#8220;despr\u00e9s d&#8217;informar pr\u00e8viament els partits de l&#8217;oposici\u00f3, volen comunicar que es van a realitzar una s\u00e8rie de controls preventius per seguretat en l&#8217;entorn laboral i social d&#8217;aquest treballador. La persona afectada no realitza tasques d&#8217;atenci\u00f3 a el p\u00fablic sin\u00f3 en un departament intern &#8220;. <\/p>\n\n\n\n<p class=\"wp-block-paragraph\">&#8220;Es vol informar tamb\u00e9 que, per prevenci\u00f3, l&#8217;Ajuntament i el SERVIT romandran tancats fins que la situaci\u00f3 es normalitze, i que es van a desinfectar totes les instal\u00b7lacions&#8221;.<\/p>\n\n\n\n<p class=\"wp-block-paragraph\">&#8220;Aix\u00ed mateix, es vol transmetre un missatge de tranquil\u00b7litat a la ciutadania. S&#8217;est\u00e0 actuant de manera preventiva i coordinada amb Salut P\u00fablica activant el protocol corresponent&#8221;.<\/p>\n\n\n\n<p class=\"wp-block-paragraph\">&#8220;Finalment, es recomana a la poblaci\u00f3 continuar complint amb les mesures de protecci\u00f3 individual necess\u00e0ries&#8221;, han finalitzat.<\/p>\n","protected":false},"excerpt":{"rendered":"<div class=\"mh-excerpt\">Des de l&#8217;Ajuntament de Sueca i davant la confirmaci\u00f3 d&#8217;un cas positiu de coronavirus en un treballador de l&#8217;Ajuntament, han informat que l&#8217;equip de govern i regidors delegats, &#8220;despr\u00e9s d&#8217;informar pr\u00e8viament els partits de l&#8217;oposici\u00f3, <a class=\"mh-excerpt-more\" href=\"https:\/\/tucomarca.whitekongsoftware.com\/ca\/sueca-tanca-el-seu-ajuntament-pel-positiu-dun-dels-seus-empleats\/\" title=\"Sueca tanca el seu Ajuntament pel positiu d&#8217;un dels seus empleats\">[+] <\/a><\/div>\n","protected":false},"author":1,"featured_media":110305,"comment_status":"open","ping_status":"open","sticky":false,"template":"","format":"standard","meta":{"footnotes":""},"categories":[11010,12202,10898,10948,10894,10904,10902,10947,10896,10897],"tags":[11939,11940,11952,12400],"class_list":["post-110306","post","type-post","status-publish","format-standard","has-post-thumbnail","category-canal-salud","category-covid-19-ca","category-ventana-ca","category-infraestructuras-ca","category-la-comarca-ca","category-sin-categorizar-ca","category-la-ribera-ca","category-politica","category-seccion-ca","category-sucesos-la-comarca-ca","tag-coronavirus-ca","tag-covid-19-ca","tag-covid2019-ca","tag-la-ribera-baja-ca"],"_links":{"self":[{"href":"https:\/\/tucomarca.whitekongsoftware.com\/ca\/wp-json\/wp\/v2\/posts\/110306","targetHints":{"allow":["GET"]}}],"collection":[{"href":"https:\/\/tucomarca.whitekongsoftware.com\/ca\/wp-json\/wp\/v2\/posts"}],"about":[{"href":"https:\/\/tucomarca.whitekongsoftware.com\/ca\/wp-json\/wp\/v2\/types\/post"}],"author":[{"embeddable":true,"href":"https:\/\/tucomarca.whitekongsoftware.com\/ca\/wp-json\/wp\/v2\/users\/1"}],"replies":[{"embeddable":true,"href":"https:\/\/tucomarca.whitekongsoftware.com\/ca\/wp-json\/wp\/v2\/comments?post=110306"}],"version-history":[{"count":0,"href":"https:\/\/tucomarca.whitekongsoftware.com\/ca\/wp-json\/wp\/v2\/posts\/110306\/revisions"}],"wp:featuredmedia":[{"embeddable":true,"href":"https:\/\/tucomarca.whitekongsoftware.com\/ca\/wp-json\/wp\/v2\/media\/110305"}],"wp:attachment":[{"href":"https:\/\/tucomarca.whitekongsoftware.com\/ca\/wp-json\/wp\/v2\/media?parent=110306"}],"wp:term":[{"taxonomy":"category","embeddable":true,"href":"https:\/\/tucomarca.whitekongsoftware.com\/ca\/wp-json\/wp\/v2\/categories?post=110306"},{"taxonomy":"post_tag","embeddable":true,"href":"https:\/\/tucomarca.whitekongsoftware.com\/ca\/wp-json\/wp\/v2\/tags?post=110306"}],"curies":[{"name":"wp","href":"https:\/\/api.w.org\/{rel}","templated":true}]}}