{"id":110247,"date":"2020-07-15T09:00:13","date_gmt":"2020-07-15T07:00:13","guid":{"rendered":"http:\/\/www.tucomarca.com\/wordpress\/segunda\/?p=110247"},"modified":"2020-07-15T14:57:26","modified_gmt":"2020-07-15T12:57:26","slug":"jovens-de-xest-sense-ocupacio-participants-en-la-garantia-juvenil-podran-optar-a-treballar-en-lajuntament-a-partir-de-setembre","status":"publish","type":"post","link":"https:\/\/tucomarca.whitekongsoftware.com\/ca\/jovens-de-xest-sense-ocupacio-participants-en-la-garantia-juvenil-podran-optar-a-treballar-en-lajuntament-a-partir-de-setembre\/","title":{"rendered":"J\u00f3vens de Xest sense ocupaci\u00f3 participants en La Garantia Juvenil podran optar a treballar en l&#8217;Ajuntament a partir de setembre"},"content":{"rendered":"\n<p class=\"wp-block-paragraph\">Un any m\u00e9s, l&#8217;Ajuntament va a realitzar contractacions d&#8217;un any de duraci\u00f3 a jornada completa adre\u00e7ades a joves menors de 30 anys sense ocupaci\u00f3 que figuren en el Sistema Nacional de Garantia Juvenil.<\/p>\n\n\n\n<p class=\"wp-block-paragraph\">&#8220;A partir del setembre contractarem a les persones que seleccione el SERVEF per als llocs per als quals ens concedixen la subvenci\u00f3, que encara estan per determinar; el que s\u00ed \u00e9s segur \u00e9s que ser\u00e0 un requisit indispensable haver realitzat la inscripci\u00f3 en la Garantia Juvenil, pel que instem als i les joves de Xest sense ocupaci\u00f3 a apuntar m\u00e9s aviat possible per poder optar a ser seleccionats &#8220;, explica Jos\u00e9 Vicente Guijarro, regidor d&#8217;Ocupaci\u00f3.<\/p>\n\n\n\n<p class=\"wp-block-paragraph\"><strong>Qui pot inscriure<\/strong><\/p>\n\n\n\n<p class=\"wp-block-paragraph\">Podran realitzar les inscripci\u00f3 les persones empadronades a qualsevol localitat del territori nacional espanyol que tinguen m\u00e9s de 16 anys i menys de 30, que estiga en situaci\u00f3 d&#8217;atur i no estiguen participant en accions formatives ni educatives en el moment de fer la sol\u00b7licitud.<\/p>\n\n\n\n<p class=\"wp-block-paragraph\"><strong>Com apuntar-se<\/strong><\/p>\n\n\n\n<p class=\"wp-block-paragraph\">Davant la situaci\u00f3 actual originada per la COVID-19 es permet la sol\u00b7licitud d&#8217;usuari i contrasenya a sistema de Garantia Juvenil per correu electr\u00f2nic, enviant un formulari disponible al web de Servei P\u00fablic d&#8217;Ocupaci\u00f3 Estatal (SEPE) a garantiajuvenil@sepe.es. Un cop obtingudes les credencials d&#8217;acc\u00e9s les persones usu\u00e0ries podran realitzar la inscripci\u00f3 a trav\u00e9s d&#8217;aquest enlla\u00e7: https:\/\/garantiajuvenil.sepe.es\/nuevaSolicitud.<\/p>\n\n\n\n<p class=\"wp-block-paragraph\">Tota la informaci\u00f3 a l&#8217;respecte est\u00e0 disponible al web de l&#8217;Institut Valenci\u00e0 de la Joventut (IVAJ): www.ivaj.gva.es\/garantia-juvenil<\/p>\n","protected":false},"excerpt":{"rendered":"<div class=\"mh-excerpt\">Un any m\u00e9s, l&#8217;Ajuntament va a realitzar contractacions d&#8217;un any de duraci\u00f3 a jornada completa adre\u00e7ades a joves menors de 30 anys sense ocupaci\u00f3 que figuren en el Sistema Nacional de Garantia Juvenil. &#8220;A partir <a class=\"mh-excerpt-more\" href=\"https:\/\/tucomarca.whitekongsoftware.com\/ca\/jovens-de-xest-sense-ocupacio-participants-en-la-garantia-juvenil-podran-optar-a-treballar-en-lajuntament-a-partir-de-setembre\/\" title=\"J\u00f3vens de Xest sense ocupaci\u00f3 participants en La Garantia Juvenil podran optar a treballar en l&#8217;Ajuntament a partir de setembre\">[+] <\/a><\/div>\n","protected":false},"author":12,"featured_media":76343,"comment_status":"open","ping_status":"open","sticky":false,"template":"","format":"standard","meta":{"footnotes":""},"categories":[12202,10948,10894,10912,10947,10896,10974],"tags":[11222,11940,12394,10914,11109],"class_list":["post-110247","post","type-post","status-publish","format-standard","has-post-thumbnail","category-covid-19-ca","category-infraestructuras-ca","category-la-comarca-ca","category-la-hoya-ca","category-politica","category-seccion-ca","category-cheste-ca","tag-ayuntamiento-de-cheste-ca","tag-covid-19-ca","tag-garantia-juvenil-ca","tag-la-hoya-de-bunol-chiva-ca","tag-xest"],"_links":{"self":[{"href":"https:\/\/tucomarca.whitekongsoftware.com\/ca\/wp-json\/wp\/v2\/posts\/110247","targetHints":{"allow":["GET"]}}],"collection":[{"href":"https:\/\/tucomarca.whitekongsoftware.com\/ca\/wp-json\/wp\/v2\/posts"}],"about":[{"href":"https:\/\/tucomarca.whitekongsoftware.com\/ca\/wp-json\/wp\/v2\/types\/post"}],"author":[{"embeddable":true,"href":"https:\/\/tucomarca.whitekongsoftware.com\/ca\/wp-json\/wp\/v2\/users\/12"}],"replies":[{"embeddable":true,"href":"https:\/\/tucomarca.whitekongsoftware.com\/ca\/wp-json\/wp\/v2\/comments?post=110247"}],"version-history":[{"count":0,"href":"https:\/\/tucomarca.whitekongsoftware.com\/ca\/wp-json\/wp\/v2\/posts\/110247\/revisions"}],"wp:featuredmedia":[{"embeddable":true,"href":"https:\/\/tucomarca.whitekongsoftware.com\/ca\/wp-json\/wp\/v2\/media\/76343"}],"wp:attachment":[{"href":"https:\/\/tucomarca.whitekongsoftware.com\/ca\/wp-json\/wp\/v2\/media?parent=110247"}],"wp:term":[{"taxonomy":"category","embeddable":true,"href":"https:\/\/tucomarca.whitekongsoftware.com\/ca\/wp-json\/wp\/v2\/categories?post=110247"},{"taxonomy":"post_tag","embeddable":true,"href":"https:\/\/tucomarca.whitekongsoftware.com\/ca\/wp-json\/wp\/v2\/tags?post=110247"}],"curies":[{"name":"wp","href":"https:\/\/api.w.org\/{rel}","templated":true}]}}